{"id":18434,"date":"2025-04-25T15:18:25","date_gmt":"2025-04-25T18:18:25","guid":{"rendered":"https:\/\/vimagazine.com.br\/?p=18434"},"modified":"2025-04-25T15:18:26","modified_gmt":"2025-04-25T18:18:26","slug":"deja-garante-espaco-no-compol-2025-e-leva-minas-gerais-ao-palco-nacional-da-comunicacao-politica","status":"publish","type":"post","link":"https:\/\/vimagazine.com.br\/?p=18434","title":{"rendered":"<strong>Deja garante espa\u00e7o no COMPOL 2025 e leva Minas Gerais ao palco nacional da comunica\u00e7\u00e3o pol\u00edtica<\/strong>"},"content":{"rendered":"\n<p>O especialista em comunica\u00e7\u00e3o e estrat\u00e9gia eleitoral Rodrigo Bueno foi confirmado como palestrante oficial do COMPOL 2025 \u2013 Congresso de Comunica\u00e7\u00e3o Pol\u00edtica e Institucional, o maior evento do setor no pa\u00eds. Respons\u00e1vel pela condu\u00e7\u00e3o de campanhas vitoriosas, Rodrigo levar\u00e1 ao palco do evento os bastidores e aprendizados por tr\u00e1s de estrat\u00e9gias reconhecidas nacionalmente.<\/p>\n\n\n\n<p>A edi\u00e7\u00e3o de 2025 do COMPOL acontecer\u00e1 nos dias 24, 25 e 26 de junho, em Florian\u00f3polis, dentro do Summit Cidades, reunindo nomes de destaque da comunica\u00e7\u00e3o p\u00fablica, do jornalismo pol\u00edtico e da gest\u00e3o p\u00fablica brasileira. Entre dezenas de palestrantes de todo o Brasil, Rodrigo ser\u00e1 um dos representantes de Minas Gerais com presen\u00e7a confirmada na programa\u00e7\u00e3o oficial do evento.<\/p>\n\n\n\n<p>\u00c0 frente da Deja Estrat\u00e9gia, Rodrigo Bueno se destaca pelo uso avan\u00e7ado de dados, an\u00e1lise territorial e storytelling estrat\u00e9gico para transformar campanhas pol\u00edticas em movimentos de engajamento real. Seu m\u00e9todo une intelig\u00eancia anal\u00edtica com leitura de comportamento social, entregando resultados expressivos em munic\u00edpios de pequeno e m\u00e9dio porte.<\/p>\n\n\n\n<p>\u201cMais do que vender imagem, nossa miss\u00e3o \u00e9 conectar ideias verdadeiras a sentimentos reais. Campanha boa n\u00e3o \u00e9 a que grita mais alto, \u00e9 a que sussurra mais perto\u201d, afirma Rodrigo. Com o tema \u201cNarrativa, presen\u00e7a e influ\u00eancia: como a comunica\u00e7\u00e3o segmentada fortalece a imagem p\u00fablica\u201d, sua palestra apresentar\u00e1 como campanhas e mandatos podem se tornar opera\u00e7\u00f5es pol\u00edticas s\u00f3lidas, por meio da combina\u00e7\u00e3o entre comunica\u00e7\u00e3o estrat\u00e9gica e segmenta\u00e7\u00e3o inteligente. Rodrigo compartilhar\u00e1 m\u00e9todos que envolvem desde a presen\u00e7a f\u00edsica dos candidatos nos territ\u00f3rios mais estrat\u00e9gicos at\u00e9 o uso de m\u00eddia paga com precis\u00e3o cir\u00fargica, atingindo o p\u00fablico certo com a mensagem certa, no momento certo.<\/p>\n\n\n\n<p>\u201cN\u00e3o \u00e9 s\u00f3 sobre falar, \u00e9 sobre falar com quem importa, do jeito certo, na hora certa. Comunica\u00e7\u00e3o eficiente \u00e9 aquela que move, engaja e transforma\u201d, refor\u00e7a.<\/p>\n\n\n\n<p>O reconhecimento refor\u00e7a a posi\u00e7\u00e3o da Deja como uma das principais refer\u00eancias em comunica\u00e7\u00e3o pol\u00edtica no Brasil e reafirma o papel de Rodrigo Bueno como um dos profissionais mais influentes do setor na regi\u00e3o Sudeste.<\/p>\n\n\n\n<p>O COMPOL 2025 acontece dentro do Summit Cidades, o maior encontro brasileiro sobre inova\u00e7\u00e3o e gest\u00e3o p\u00fablica, e reunir\u00e1 os principais nomes da comunica\u00e7\u00e3o pol\u00edtica e institucional do pa\u00eds. Entre os palestrantes confirmados est\u00e3o Marcello Natale, Lucas Pimenta, Alberto Lage, M\u00e1rcio Lemos, Darlan Campos, Samuel M. Jacques e Daniel Machado, al\u00e9m de outros profissionais que s\u00e3o refer\u00eancia nacional em estrat\u00e9gia eleitoral, comunica\u00e7\u00e3o governamental e marketing p\u00fablico. A presen\u00e7a desses especialistas refor\u00e7a a relev\u00e2ncia do evento, que se consolida como o principal espa\u00e7o de trocas, aprendizados e conex\u00f5es no campo da comunica\u00e7\u00e3o p\u00fablica e pol\u00edtica no Brasil.<\/p>\n\n\n\n<p>O evento ser\u00e1 realizado nos dias 24, 25 e 26 de junho, no CentroSul, em Florian\u00f3polis (SC). Os ingressos j\u00e1 est\u00e3o \u00e0 venda, e o acesso ao COMPOL est\u00e1 inclu\u00eddo na inscri\u00e7\u00e3o do Summit Cidades, sem necessidade de compra separada. Para garantir sua participa\u00e7\u00e3o e conferir todas as novidades da programa\u00e7\u00e3o, basta acessar o site oficial compolbrasil.com.br ou acompanhar o perfil no Instagram @compolbrasil.<\/p>\n\n\n\n<p>Em um evento que re\u00fane as maiores ag\u00eancias e especialistas do pa\u00eds, Minas Gerais estar\u00e1 bem representada \u2013 com voz, conte\u00fado e estrat\u00e9gia \u2013 por meio da atua\u00e7\u00e3o da Deja e de seus profissionais.<\/p>\n","protected":false},"excerpt":{"rendered":"<p>O especialista em comunica\u00e7\u00e3o e estrat\u00e9gia eleitoral Rodrigo Bueno foi confirmado como palestrante oficial do&#8230;<\/p>\n","protected":false},"author":2,"featured_media":18435,"comment_status":"closed","ping_status":"open","sticky":false,"template":"","format":"standard","meta":{"om_disable_all_campaigns":false,"_monsterinsights_skip_tracking":false,"_monsterinsights_sitenote_active":false,"_monsterinsights_sitenote_note":"","_monsterinsights_sitenote_category":0,"spay_email":""},"categories":[1],"tags":[1037],"jetpack_featured_media_url":"https:\/\/vimagazine.com.br\/wp-content\/uploads\/2025\/04\/1dd59b55-40cd-416e-bd91-b3986a4794e9_800x450.jpeg","_links":{"self":[{"href":"https:\/\/vimagazine.com.br\/index.php?rest_route=\/wp\/v2\/posts\/18434"}],"collection":[{"href":"https:\/\/vimagazine.com.br\/index.php?rest_route=\/wp\/v2\/posts"}],"about":[{"href":"https:\/\/vimagazine.com.br\/index.php?rest_route=\/wp\/v2\/types\/post"}],"author":[{"embeddable":true,"href":"https:\/\/vimagazine.com.br\/index.php?rest_route=\/wp\/v2\/users\/2"}],"replies":[{"embeddable":true,"href":"https:\/\/vimagazine.com.br\/index.php?rest_route=%2Fwp%2Fv2%2Fcomments&post=18434"}],"version-history":[{"count":1,"href":"https:\/\/vimagazine.com.br\/index.php?rest_route=\/wp\/v2\/posts\/18434\/revisions"}],"predecessor-version":[{"id":18436,"href":"https:\/\/vimagazine.com.br\/index.php?rest_route=\/wp\/v2\/posts\/18434\/revisions\/18436"}],"wp:featuredmedia":[{"embeddable":true,"href":"https:\/\/vimagazine.com.br\/index.php?rest_route=\/wp\/v2\/media\/18435"}],"wp:attachment":[{"href":"https:\/\/vimagazine.com.br\/index.php?rest_route=%2Fwp%2Fv2%2Fmedia&parent=18434"}],"wp:term":[{"taxonomy":"category","embeddable":true,"href":"https:\/\/vimagazine.com.br\/index.php?rest_route=%2Fwp%2Fv2%2Fcategories&post=18434"},{"taxonomy":"post_tag","embeddable":true,"href":"https:\/\/vimagazine.com.br\/index.php?rest_route=%2Fwp%2Fv2%2Ftags&post=18434"}],"curies":[{"name":"wp","href":"https:\/\/api.w.org\/{rel}","templated":true}]}}