{"id":18449,"date":"2025-04-29T10:21:12","date_gmt":"2025-04-29T13:21:12","guid":{"rendered":"https:\/\/vimagazine.com.br\/?p=18449"},"modified":"2025-04-29T10:21:13","modified_gmt":"2025-04-29T13:21:13","slug":"comunidade-de-ia-voltada-a-capacitacao-de-pessoas-sera-lancada-em-joinville","status":"publish","type":"post","link":"https:\/\/vimagazine.com.br\/?p=18449","title":{"rendered":"Comunidade de IA voltada \u00e0 capacita\u00e7\u00e3o de pessoas ser\u00e1 lan\u00e7ada em Joinville"},"content":{"rendered":"\n<p class=\"has-medium-font-size\"><br><strong>Iniciativa promete democratizar o uso da Intelig\u00eancia Artificial com foco em empres\u00e1rios, profissionais, jovens e estudantes<\/strong><\/p>\n\n\n\n<p><\/p>\n\n\n\n<p>A revolu\u00e7\u00e3o tecnol\u00f3gica acaba de ganhar um novo cap\u00edtulo em Santa Catarina. A Plim, primeira ag\u00eancia de Joinville especializada na cria\u00e7\u00e3o de intelig\u00eancia artificial personalizada, anuncia o lan\u00e7amento da \u2018Comunidade Plim\u2019 &#8211; voltada exclusivamente \u00e0 educa\u00e7\u00e3o e aplica\u00e7\u00e3o pr\u00e1tica da IA na regi\u00e3o norte catarinense.<br>O lan\u00e7amento oficial ser\u00e1 no dia 8 de maio, com uma programa\u00e7\u00e3o especial, encontros virtuais e a participa\u00e7\u00e3o de especialistas convidados. A proposta \u00e9 tornar a IA acess\u00edvel, descomplicada e presente no dia a dia de qualquer pessoa, seja ela empres\u00e1ria, profissional liberal, estudante ou entusiasta da tecnologia.<br>\u201cA intelig\u00eancia artificial n\u00e3o \u00e9 mais assunto para o futuro distante \u2014 ela j\u00e1 est\u00e1 transformando o presente. Mas, para muitos, ainda parece inalcan\u00e7\u00e1vel. A Comunidade nasce para mudar isso\u201d, afirma a equipe fundadora formada por Guilherme Roberto, Luis Otavio Schroeder e Bernardo Silva.<br>A Comunidade Plim vai muito al\u00e9m da teoria. Com foco pr\u00e1tico e estrat\u00e9gico, os membros ter\u00e3o acesso a uma s\u00e9rie de conte\u00fados e experi\u00eancias voltadas \u00e0 aplica\u00e7\u00e3o real da IA em diferentes contextos \u2014 do mundo dos neg\u00f3cios \u00e0 rotina pessoal.<\/p>\n\n\n\n<p><br>A estrutura da Comunidade inclui:<br>Lives semanais com especialistas e influenciadores de IA de todo o Brasil;<\/p>\n\n\n\n<p>Daily News com as principais novidades e tend\u00eancias do universo da intelig\u00eancia artificial;<\/p>\n\n\n\n<p>F\u00f3runs colaborativos, blog posts e atualiza\u00e7\u00f5es constantes;<\/p>\n\n\n\n<p>Aulas, mentorias e workshops pr\u00e1ticos sobre cria\u00e7\u00e3o e implementa\u00e7\u00e3o de agentes de IA;<\/p>\n\n\n\n<p>Encontros presenciais e virtuais, promovendo networking e aprendizado coletivo.<\/p>\n\n\n\n<p>Com um formato moderno e acess\u00edvel, a comunidade tamb\u00e9m ir\u00e1 promover uma abordagem humanizada da tecnologia, priorizando a troca de experi\u00eancias, o apoio m\u00fatuo e o crescimento conjunto dos participantes.<br>O pr\u00e9-cadastro para interessados j\u00e1 est\u00e1 dispon\u00edvel no site www.plim.ai\/comunidade. Quem se inscrever antecipadamente garante acesso priorit\u00e1rio \u00e0 plataforma e condi\u00e7\u00f5es especiais para participar das primeiras a\u00e7\u00f5es da comunidade.<br>\u201cMais do que ensinar ferramentas, queremos empoderar pessoas para que elas se sintam capazes de criar solu\u00e7\u00f5es com IA, ganhando tempo, produtividade e vis\u00e3o estrat\u00e9gica. Intelig\u00eancia Artificial \u00e9, acima de tudo, uma ferramenta para o ser humano \u2014 e n\u00e3o o contr\u00e1rio\u201d, concluem os idealizadores da iniciativa.<\/p>\n\n\n\n<p class=\"has-medium-font-size\"><strong>Sobre a Plim<\/strong><br>A Plim \u00e9 uma ag\u00eancia especializada no desenvolvimento de intelig\u00eancia artificial. Tem a miss\u00e3o de desmistificar a tecnologia e entregar solu\u00e7\u00f5es personalizadas, testadas e garantidas para empresas de diversos segmentos do estado e do pa\u00eds.<br>O grupo, que nasceu a partir da ideia de tr\u00eas s\u00f3cios apaixonados pelos temas, \u00e9 composto por 10 profissionais altamente qualificados. Al\u00e9m disso, a empresa conta com mentoria de grandes nomes da \u00e1rea, garantindo que os projetos estejam sempre alinhados com as melhores pr\u00e1ticas do setor.<br><\/p>\n","protected":false},"excerpt":{"rendered":"<p>Iniciativa promete democratizar o uso da Intelig\u00eancia Artificial com foco em empres\u00e1rios, profissionais, jovens e&#8230;<\/p>\n","protected":false},"author":1,"featured_media":18450,"comment_status":"closed","ping_status":"open","sticky":false,"template":"","format":"standard","meta":{"om_disable_all_campaigns":false,"_monsterinsights_skip_tracking":false,"_monsterinsights_sitenote_active":false,"_monsterinsights_sitenote_note":"","_monsterinsights_sitenote_category":0,"spay_email":""},"categories":[27],"tags":[],"jetpack_featured_media_url":"https:\/\/vimagazine.com.br\/wp-content\/uploads\/2025\/04\/WhatsApp-Image-2025-04-25-at-09.11.16.jpeg","_links":{"self":[{"href":"https:\/\/vimagazine.com.br\/index.php?rest_route=\/wp\/v2\/posts\/18449"}],"collection":[{"href":"https:\/\/vimagazine.com.br\/index.php?rest_route=\/wp\/v2\/posts"}],"about":[{"href":"https:\/\/vimagazine.com.br\/index.php?rest_route=\/wp\/v2\/types\/post"}],"author":[{"embeddable":true,"href":"https:\/\/vimagazine.com.br\/index.php?rest_route=\/wp\/v2\/users\/1"}],"replies":[{"embeddable":true,"href":"https:\/\/vimagazine.com.br\/index.php?rest_route=%2Fwp%2Fv2%2Fcomments&post=18449"}],"version-history":[{"count":1,"href":"https:\/\/vimagazine.com.br\/index.php?rest_route=\/wp\/v2\/posts\/18449\/revisions"}],"predecessor-version":[{"id":18451,"href":"https:\/\/vimagazine.com.br\/index.php?rest_route=\/wp\/v2\/posts\/18449\/revisions\/18451"}],"wp:featuredmedia":[{"embeddable":true,"href":"https:\/\/vimagazine.com.br\/index.php?rest_route=\/wp\/v2\/media\/18450"}],"wp:attachment":[{"href":"https:\/\/vimagazine.com.br\/index.php?rest_route=%2Fwp%2Fv2%2Fmedia&parent=18449"}],"wp:term":[{"taxonomy":"category","embeddable":true,"href":"https:\/\/vimagazine.com.br\/index.php?rest_route=%2Fwp%2Fv2%2Fcategories&post=18449"},{"taxonomy":"post_tag","embeddable":true,"href":"https:\/\/vimagazine.com.br\/index.php?rest_route=%2Fwp%2Fv2%2Ftags&post=18449"}],"curies":[{"name":"wp","href":"https:\/\/api.w.org\/{rel}","templated":true}]}}