{"id":18456,"date":"2025-04-29T10:31:47","date_gmt":"2025-04-29T13:31:47","guid":{"rendered":"https:\/\/vimagazine.com.br\/?p=18456"},"modified":"2025-04-29T10:31:49","modified_gmt":"2025-04-29T13:31:49","slug":"profissional-de-joinville-e-homenageado-com-o-premio-merito-medico-pelo-conselho-regional-de-medicina-de-sc","status":"publish","type":"post","link":"https:\/\/vimagazine.com.br\/?p=18456","title":{"rendered":"Profissional de Joinville \u00e9 homenageado com o Pr\u00eamio M\u00e9rito M\u00e9dico pelo Conselho Regional de Medicina de SC"},"content":{"rendered":"\n<p class=\"has-medium-font-size\"><br><strong>\u201cNa medicina, h\u00e1 curas que a ci\u00eancia n\u00e3o explica.\u201d<\/strong><\/p>\n\n\n\n<p><\/p>\n\n\n\n<p>Em uma cerim\u00f4nia emocionante, o Conselho Regional de Medicina de Santa Catarina (CRM-SC) homenageou o m\u00e9dico Dr. Jonas Dalla Corte com o Pr\u00eamio M\u00e9rito M\u00e9dico, em reconhecimento aos seus 40 anos de servi\u00e7os prestados \u00e0 medicina. Mais do que uma honraria profissional, o momento celebrou uma trajet\u00f3ria marcada por amor, f\u00e9 e dedica\u00e7\u00e3o incondicional ao cuidado humano.<\/p>\n\n\n\n<p><\/p>\n\n\n\n<figure class=\"wp-block-image aligncenter size-full is-resized\"><img src=\"https:\/\/vimagazine.com.br\/wp-content\/uploads\/2025\/04\/WhatsApp-Image-2025-04-29-at-09.37.43-1.jpeg\" alt=\"\" class=\"wp-image-18457\" width=\"474\" height=\"360\" srcset=\"https:\/\/vimagazine.com.br\/wp-content\/uploads\/2025\/04\/WhatsApp-Image-2025-04-29-at-09.37.43-1.jpeg 948w, https:\/\/vimagazine.com.br\/wp-content\/uploads\/2025\/04\/WhatsApp-Image-2025-04-29-at-09.37.43-1-300x228.jpeg 300w, https:\/\/vimagazine.com.br\/wp-content\/uploads\/2025\/04\/WhatsApp-Image-2025-04-29-at-09.37.43-1-768x583.jpeg 768w\" sizes=\"(max-width: 474px) 100vw, 474px\" \/><\/figure>\n\n\n\n<p><\/p>\n\n\n\n<p>A hist\u00f3ria de Dr. Jonas na medicina come\u00e7ou muito antes do diploma. Ainda aos quatro anos de idade, recebeu da av\u00f3 uma profecia que se tornaria seu norte de vida: seria m\u00e9dico, n\u00e3o apenas para o mundo, mas tamb\u00e9m para cuidar dela. Essas palavras, semeadas em seu cora\u00e7\u00e3o infantil, floresceram silenciosamente at\u00e9 se tornarem sua miss\u00e3o de vida.<\/p>\n\n\n\n<p>Em 1978, ingressou na Faculdade de Medicina da Universidade Federal de Santa Catarina (UFSC), em uma \u00e9poca de poucos recursos tecnol\u00f3gicos e informa\u00e7\u00f5es limitadas. Em cada etapa da forma\u00e7\u00e3o, carregou consigo n\u00e3o apenas o compromisso com a ci\u00eancia, mas a profunda responsabilidade de ser um instrumento de cura e esperan\u00e7a.<br>Ao longo dessas quatro d\u00e9cadas, Dr. Jonas enfrentou in\u00fameros desafios: procedimentos cir\u00fargicos de alta complexidade, complica\u00e7\u00f5es p\u00f3s-operat\u00f3rias inesperadas e a constante evolu\u00e7\u00e3o do conhecimento m\u00e9dico.<\/p>\n\n\n\n<p>Um dos momentos marcantes de sua carreira foi a introdu\u00e7\u00e3o da nutri\u00e7\u00e3o parenteral no Hospital Infantil Joana de Gusm\u00e3o, em Florian\u00f3polis, um avan\u00e7o que transformou vidas e que se tornou um divisor de \u00e1guas em sua atua\u00e7\u00e3o m\u00e9dica.<\/p>\n\n\n\n<p>Mas a trajet\u00f3ria de Dr. Jonas tamb\u00e9m foi tecida por hist\u00f3rias que transcendem a medicina cient\u00edfica. Ele testemunhou situa\u00e7\u00f5es em que a cura rompeu as barreiras da raz\u00e3o e revelou o mist\u00e9rio da f\u00e9.<br>Uma das lembran\u00e7as mais vivas \u00e9 a de um menino diagnosticado com um tumor hep\u00e1tico. Todos os exames confirmaram a gravidade da situa\u00e7\u00e3o. Por\u00e9m, poucos dias antes da cirurgia, pessoas humildes e cheias de f\u00e9 ajoelharam-se ao lado da crian\u00e7a em ora\u00e7\u00e3o. No momento da opera\u00e7\u00e3o, para surpresa de toda a equipe m\u00e9dica, n\u00e3o havia mais vest\u00edgios da doen\u00e7a.<\/p>\n\n\n\n<p>&#8220;Foi um milagre, uma obra da gra\u00e7a. Na medicina, h\u00e1 curas que a ci\u00eancia n\u00e3o explica, mas que a f\u00e9 em Deus torna poss\u00edveis, afirma.&#8221;<\/p>\n\n\n\n<p>A d\u00e9cada de 1990 marcou uma nova fase em sua carreira, quando decidiu aprofundar seus estudos em Nutrologia, buscando compreender ainda melhor os processos fisiol\u00f3gicos, metab\u00f3licos e inflamat\u00f3rios que afetam o ser humano ao longo do tempo.<br>Para ele, a medicina \u00e9 uma jornada que exige estudo constante, dedica\u00e7\u00e3o di\u00e1ria e, acima de tudo, amor genu\u00edno pela arte de cuidar.<\/p>\n\n\n\n<p>Receber o Pr\u00eamio M\u00e9rito M\u00e9dico ap\u00f3s 40 anos de carreira foi, para Dr. Jonas, uma das maiores emo\u00e7\u00f5es vividas.<br>&#8220;Esta homenagem reflete n\u00e3o apenas a trajet\u00f3ria profissional, mas toda a paix\u00e3o e entrega que sempre nortearam meu cuidado com a comunidade catarinense&#8221;, afirma.<\/p>\n\n\n\n<p>Dr. Jonas deixa tamb\u00e9m uma mensagem inspiradora para os novos profissionais da medicina:<\/p>\n\n\n\n<p>\u201cA medicina exige mais que conhecimento \u2013 exige alma aberta, m\u00e3os dispostas e olhos atentos. Exige empatia para sentir a dor do outro e coragem para caminhar ao lado daqueles que precisam confiar inteiramente em seus cuidados. A verdadeira medicina n\u00e3o se mede apenas em curas, mas no amor que se coloca em cada ato de cuidar.&#8221;<\/p>\n\n\n\n<p>Dr Jonas Dalla Corte \u00e9 natural de Get\u00falio Vargas (RS) e chegou a Joinville em 1989, a convite do servi\u00e7o de cirurgia pedi\u00e1trica. Casado com Marjorie, \u00e9 pai de Sofia.<br>M\u00e9dico cirurgi\u00e3o pedi\u00e1trico e nutr\u00f3logo, \u00e9 respons\u00e1vel t\u00e9cnico pela Cl\u00ednica de Nutrologia Jonas Dalla Corte.<br>Formou-se em Medicina pela Universidade Federal de Santa Catarina (UFSC) em 1983 e \u00e9 especialista em Cirurgia Pedi\u00e1trica e Nutrologia.<br>Apaixonado pela arte de cuidar do pr\u00f3ximo, Dr. Jonas dedica-se \u00e0 medicina com o prop\u00f3sito de preservar o bem mais precioso: a sa\u00fade.<br>Com 40 anos de trajet\u00f3ria m\u00e9dica, j\u00e1 realizou mais de 25.000 cirurgias em crian\u00e7as e adolescentes.<br>Atualmente, na \u00e1rea da Nutrologia, pratica uma medicina integrativa, funcional e personalizada, sempre com o mesmo compromisso e amor pela profiss\u00e3o.<\/p>\n\n\n\n<p>Em cada gesto, em cada palavra e em cada vida que tocou, Dr. Jonas Dalla Corte construiu um legado que transcende a t\u00e9cnica m\u00e9dica: um legado de humanidade, f\u00e9 e amor pelo pr\u00f3ximo. Seu exemplo continuar\u00e1 a inspirar gera\u00e7\u00f5es de m\u00e9dicos e a iluminar a medicina com aquilo que ela tem de mais essencial \u2014 o cuidado que vem do cora\u00e7\u00e3o.<\/p>\n","protected":false},"excerpt":{"rendered":"<p>\u201cNa medicina, h\u00e1 curas que a ci\u00eancia n\u00e3o explica.\u201d Em uma cerim\u00f4nia emocionante, o Conselho&#8230;<\/p>\n","protected":false},"author":1,"featured_media":18458,"comment_status":"closed","ping_status":"open","sticky":false,"template":"","format":"standard","meta":{"om_disable_all_campaigns":false,"_monsterinsights_skip_tracking":false,"_monsterinsights_sitenote_active":false,"_monsterinsights_sitenote_note":"","_monsterinsights_sitenote_category":0,"spay_email":""},"categories":[26],"tags":[],"jetpack_featured_media_url":"https:\/\/vimagazine.com.br\/wp-content\/uploads\/2025\/04\/WhatsApp-Image-2025-04-29-at-09.37.43.jpeg","_links":{"self":[{"href":"https:\/\/vimagazine.com.br\/index.php?rest_route=\/wp\/v2\/posts\/18456"}],"collection":[{"href":"https:\/\/vimagazine.com.br\/index.php?rest_route=\/wp\/v2\/posts"}],"about":[{"href":"https:\/\/vimagazine.com.br\/index.php?rest_route=\/wp\/v2\/types\/post"}],"author":[{"embeddable":true,"href":"https:\/\/vimagazine.com.br\/index.php?rest_route=\/wp\/v2\/users\/1"}],"replies":[{"embeddable":true,"href":"https:\/\/vimagazine.com.br\/index.php?rest_route=%2Fwp%2Fv2%2Fcomments&post=18456"}],"version-history":[{"count":1,"href":"https:\/\/vimagazine.com.br\/index.php?rest_route=\/wp\/v2\/posts\/18456\/revisions"}],"predecessor-version":[{"id":18459,"href":"https:\/\/vimagazine.com.br\/index.php?rest_route=\/wp\/v2\/posts\/18456\/revisions\/18459"}],"wp:featuredmedia":[{"embeddable":true,"href":"https:\/\/vimagazine.com.br\/index.php?rest_route=\/wp\/v2\/media\/18458"}],"wp:attachment":[{"href":"https:\/\/vimagazine.com.br\/index.php?rest_route=%2Fwp%2Fv2%2Fmedia&parent=18456"}],"wp:term":[{"taxonomy":"category","embeddable":true,"href":"https:\/\/vimagazine.com.br\/index.php?rest_route=%2Fwp%2Fv2%2Fcategories&post=18456"},{"taxonomy":"post_tag","embeddable":true,"href":"https:\/\/vimagazine.com.br\/index.php?rest_route=%2Fwp%2Fv2%2Ftags&post=18456"}],"curies":[{"name":"wp","href":"https:\/\/api.w.org\/{rel}","templated":true}]}}