{"id":18467,"date":"2025-05-02T10:00:05","date_gmt":"2025-05-02T13:00:05","guid":{"rendered":"https:\/\/vimagazine.com.br\/?p=18467"},"modified":"2025-05-02T10:00:08","modified_gmt":"2025-05-02T13:00:08","slug":"os-guardioes-do-sul-a-obra-que-mostra-os-bastidores-da-maior-operacao-de-doacoes-durante-a-tragedia-do-rio-grande-do-sul","status":"publish","type":"post","link":"https:\/\/vimagazine.com.br\/?p=18467","title":{"rendered":"<strong>\u201cOS GUARDI\u00d5ES DO SUL, A OBRA QUE MOSTRA OS BASTIDORES DA MAIOR OPERA\u00c7\u00c3O DE DOA\u00c7\u00d5ES DURANTE A TRAG\u00c9DIA DO RIO GRANDE DO SUL\u201d<\/strong>"},"content":{"rendered":"\n<p class=\"has-text-align-center\">Em maio de 2024, o Estado do Rio Grande do Sul foi assolado por uma grande trag\u00e9dia clim\u00e1tica, mas ao mesmo tempo, conheceu o cora\u00e7\u00e3o do povo brasileiro. &nbsp;<\/p>\n\n\n\n<p>Em meio \u00e0 maior trag\u00e9dia clim\u00e1tica da hist\u00f3ria do Rio Grande do Sul, uma onda de <strong>solidariedade<\/strong> se espalhou por todo o Brasil.<\/p>\n\n\n\n<figure class=\"wp-block-image size-full is-resized\"><img src=\"https:\/\/vimagazine.com.br\/wp-content\/uploads\/2025\/05\/Sem-titulo-2-1.png\" alt=\"\" class=\"wp-image-18469\" width=\"838\" height=\"805\" srcset=\"https:\/\/vimagazine.com.br\/wp-content\/uploads\/2025\/05\/Sem-titulo-2-1.png 494w, https:\/\/vimagazine.com.br\/wp-content\/uploads\/2025\/05\/Sem-titulo-2-1-300x288.png 300w\" sizes=\"(max-width: 838px) 100vw, 838px\" \/><figcaption>Foto &#8211; Divulga\u00e7\u00e3o<\/figcaption><\/figure>\n\n\n\n<p>As enchentes que devastaram mais de 300 munic\u00edpios ga\u00fachos deixaram milhares de pessoas desabrigadas, sem acesso a \u00e1gua pot\u00e1vel, alimentos e itens b\u00e1sicos de higiene.<\/p>\n\n\n\n<p>Em resposta \u00e0 crise humanit\u00e1ria, foi iniciada uma grande opera\u00e7\u00e3o de doa\u00e7\u00f5es, que mobilizou institui\u00e7\u00f5es, empresas, volunt\u00e1rios e a sociedade civil em uma corrente de apoio sem precedentes.<\/p>\n\n\n\n<p>Nesta toada de amor e solidariedade ao povo ga\u00facho, pessoas de classes sociais diferentes, mas com o <strong>prop\u00f3sito de ajudar<\/strong>, se misturaram em meio ao sofrimento, \u00fanica e exclusivamente, com a inten\u00e7\u00e3o de colaborar\u2026<\/p>\n\n\n\n<p>O empres\u00e1rio M\u00e1rcio Martins foi um deles! Ga\u00facho, de origem humilde que prosperou. Agora, dono de um verdadeiro imp\u00e9rio empresarial no Rio Grande do Sul, se engajou na dor do povo ga\u00facho e foi para o \u201cfront\u201d.<\/p>\n\n\n\n<p>Apoiado por Pablo Mar\u00e7al, seu amigo, influenciador digital e um dos maiores empres\u00e1rios do pa\u00eds, M\u00e1rcio, participou da organiza\u00e7\u00e3o de uma <strong>megaopera\u00e7\u00e3o<\/strong>, que envolveu 200 carretas de doa\u00e7\u00f5es, mas, al\u00e9m disso, contou com decis\u00f5es importantes, discuss\u00f5es, \u201cbra\u00e7os de ferro\u201d com \u00f3rg\u00e3os p\u00fablicos e privados, muita doa\u00e7\u00e3o e energia das pessoas envolvidas.<\/p>\n\n\n\n<p><strong>Sobre o Livro e seus QR Codes de V\u00eddeos<\/strong><\/p>\n\n\n\n<p>Um ano depois, surge a obra, \u201cOs Guardi\u00f5es do Sul\u201d, idealizado por M\u00e1rcio Martins. O livro mostra que momentos de dificuldades e extrema press\u00e3o, podem revelar muito sobre um povo!<\/p>\n\n\n\n<p>\u00c9 um compilado de relatos e hist\u00f3rias sobre gratid\u00e3o, de quem foi \u00e0 luta para ajudar, em meio ao caos, que tomou conta do Rio Grande do Sul.<\/p>\n\n\n\n<p>Lideran\u00e7as locais se tornaram volunt\u00e1rios, colocando as estruturas de suas empresas, suas equipes, etc. \u00e0 disposi\u00e7\u00e3o, fornecendo mais do que recursos. S\u00e3o pessoas que que viveram a solidariedade e, de alguma forma, se sentem transformadas pela experi\u00eancia do voluntariado, da doa\u00e7\u00e3o e da atmosfera de amor ao pr\u00f3ximo.&nbsp;<\/p>\n\n\n\n<p>Al\u00e9m da solidariedade, o livro \u201cOs Guardi\u00f5es do Sul\u201d, traz um diferencial para o leitor, em cada cap\u00edtulo h\u00e1 um QR CODE, que leva para o depoimento de um volunt\u00e1rio ou especialista, em formato de v\u00eddeo. S\u00e3o relatos de gente que ajudou o povo em meio ao caos e doou muito mais do que recursos, entregou solidariedade e amor \u00e0s v\u00edtimas da trag\u00e9dia.<\/p>\n\n\n\n<p><strong>QUEM \u00c9 MARCIO MARTINS?<\/strong><\/p>\n\n\n\n<p>M\u00e1rcio Martins, o \u201cM\u00e1rcio Voa\u201d, se destaca como refer\u00eancia em empreendedorismo e inova\u00e7\u00e3o no Brasil.<\/p>\n\n\n\n<p>Empres\u00e1rio vision\u00e1rio e Chairman da empresa <strong>Voa<\/strong>, M\u00e1rcio Martins \u2014 mais conhecido como \u201cM\u00e1rcio Voa\u201d \u2014 tem se consolidado como uma das principais vozes inspiradoras do ecossistema empreendedor brasileiro. Fundador da <strong>Voa<\/strong>, companhia focada em impulsionar neg\u00f3cios e lideran\u00e7as, M\u00e1rcio \u00e9 reconhecido por sua abordagem estrat\u00e9gica, inovadora e motivacional, que busca transformar a maneira como empreendedores encaram seus desafios.<\/p>\n\n\n\n<p>Com uma carreira marcada pela busca constante por solu\u00e7\u00f5es que gerem impacto, M\u00e1rcio \u00e9 presen\u00e7a ativa nas redes sociais, especialmente no Instagram, ele compartilha conte\u00fados di\u00e1rios sobre neg\u00f3cios, lideran\u00e7a e desenvolvimento pessoal, fortalecendo sua miss\u00e3o de inspirar, educar e transformar vidas por meio do conhecimento e da a\u00e7\u00e3o empreendedora.<\/p>\n\n\n\n<p><strong>SERVI\u00c7O DO LAN\u00c7AMENTO:<\/strong><\/p>\n\n\n\n<p>&nbsp;&#8211; Lan\u00e7amento em S\u00e3o Paulo<\/p>\n\n\n\n<p>06\/05\/2025 \u2013 18h30<\/p>\n\n\n\n<p>Livraria da TRAVESSA &#8211; Shopping Iguatemi&nbsp;<strong>Alphaville<\/strong><\/p>\n\n\n\n<p>Alameda Rio Negro, 111. Piso Xingu &#8211; lj. 251<\/p>\n\n\n\n<p>(11) 2394-6050<\/p>\n\n\n\n<p><a><strong>Mais informa\u00e7\u00f5es dispon\u00edveis:<\/strong><\/a><\/p>\n\n\n\n<p>Instagram: <a href=\"https:\/\/www.instagram.com\/marciovoa\/\">https:\/\/www.instagram.com\/marciovoa\/<\/a>&nbsp; &#8211; @marciovoa<\/p>\n\n\n\n<p>M\u00e1rcio Martins (M\u00e1rcio VOA) est\u00e1 dispon\u00edvel para entrevistas atrav\u00e9s da<\/p>\n\n\n\n<p><strong>ASSESSORIA DE IMPRENSA &#8211; CM PRESS Produ\u00e7\u00f5es Art\u00edsticas<\/strong><\/p>\n\n\n\n<p>Cl\u00e1udia Moura \u2013 (11) 9.9962-2099\/ Carol Nequirito \u2013 (11) 9.9396-3015<\/p>\n","protected":false},"excerpt":{"rendered":"<p>Em maio de 2024, o Estado do Rio Grande do Sul foi assolado por uma&#8230;<\/p>\n","protected":false},"author":2,"featured_media":18468,"comment_status":"closed","ping_status":"open","sticky":false,"template":"","format":"standard","meta":{"om_disable_all_campaigns":false,"_monsterinsights_skip_tracking":false,"_monsterinsights_sitenote_active":false,"_monsterinsights_sitenote_note":"","_monsterinsights_sitenote_category":0,"spay_email":""},"categories":[26],"tags":[102,1038],"jetpack_featured_media_url":"https:\/\/vimagazine.com.br\/wp-content\/uploads\/2025\/05\/c26fdecb-f6a2-4026-abd1-88d70a045e69_392x529.jpeg","_links":{"self":[{"href":"https:\/\/vimagazine.com.br\/index.php?rest_route=\/wp\/v2\/posts\/18467"}],"collection":[{"href":"https:\/\/vimagazine.com.br\/index.php?rest_route=\/wp\/v2\/posts"}],"about":[{"href":"https:\/\/vimagazine.com.br\/index.php?rest_route=\/wp\/v2\/types\/post"}],"author":[{"embeddable":true,"href":"https:\/\/vimagazine.com.br\/index.php?rest_route=\/wp\/v2\/users\/2"}],"replies":[{"embeddable":true,"href":"https:\/\/vimagazine.com.br\/index.php?rest_route=%2Fwp%2Fv2%2Fcomments&post=18467"}],"version-history":[{"count":1,"href":"https:\/\/vimagazine.com.br\/index.php?rest_route=\/wp\/v2\/posts\/18467\/revisions"}],"predecessor-version":[{"id":18470,"href":"https:\/\/vimagazine.com.br\/index.php?rest_route=\/wp\/v2\/posts\/18467\/revisions\/18470"}],"wp:featuredmedia":[{"embeddable":true,"href":"https:\/\/vimagazine.com.br\/index.php?rest_route=\/wp\/v2\/media\/18468"}],"wp:attachment":[{"href":"https:\/\/vimagazine.com.br\/index.php?rest_route=%2Fwp%2Fv2%2Fmedia&parent=18467"}],"wp:term":[{"taxonomy":"category","embeddable":true,"href":"https:\/\/vimagazine.com.br\/index.php?rest_route=%2Fwp%2Fv2%2Fcategories&post=18467"},{"taxonomy":"post_tag","embeddable":true,"href":"https:\/\/vimagazine.com.br\/index.php?rest_route=%2Fwp%2Fv2%2Ftags&post=18467"}],"curies":[{"name":"wp","href":"https:\/\/api.w.org\/{rel}","templated":true}]}}