{"id":1847,"date":"2021-12-09T14:09:21","date_gmt":"2021-12-09T17:09:21","guid":{"rendered":"https:\/\/vimagazine.com.br\/?p=1847"},"modified":"2021-12-09T14:10:01","modified_gmt":"2021-12-09T17:10:01","slug":"aluno-catarinense-gabarita-nos-exames-ib-e-ganha-bolsa-integral-em-universidade-do-canada","status":"publish","type":"post","link":"https:\/\/vimagazine.com.br\/?p=1847","title":{"rendered":"Aluno catarinense gabarita nos exames IB e ganha bolsa integral em universidade do Canad\u00e1."},"content":{"rendered":"\n<p class=\"has-text-align-center\"><em><strong>Thiago Amin tirou nota m\u00e1xima e garantiu vaga na University of British Columbia, considerada uma das melhores universidades do pa\u00eds.<\/strong><\/em><\/p>\n\n\n\n<p class=\"has-text-align-center\">Mudar de pa\u00eds, enfrentar uma nova cultura e idioma pode ser desafiador para qualquer pessoa, especialmente para adolescentes na fase de pr\u00e9-vestibular. Para o joinvilense Thiago Amin, 18 anos, o desafio foi ainda maior, quando saiu da Coree International School para concluir seu ensino m\u00e9dio em Vancouver, no Canad\u00e1. No entanto, o esfor\u00e7o nos estudos valeu a pena: ele gabaritou o vestibular de uma das melhores universidades do pa\u00eds, a University <em>of British Columbia <\/em>e ganhou bolsa de estudos integral.&nbsp;<\/p>\n\n\n\n<p class=\"has-text-align-center\">Atualmente, Thiago est\u00e1 cursando dois bacharelados ao mesmo tempo, Ci\u00eancias Pol\u00edticas\/Rela\u00e7\u00f5es Internacionais e Matem\u00e1tica. J\u00e1 \u00e9 tutor em Matem\u00e1tica e ainda d\u00e1 aula aos s\u00e1bados ou no intervalo entre os estudos.&nbsp;<\/p>\n\n\n\n<p class=\"has-text-align-center\">A bolsa de estudos cobre custos de estudos, moradia, alimenta\u00e7\u00e3o, livros, m\u00f3veis, roupas, transporte, viagens e mais. Estima-se que o valor da bolsa seja de aproximadamente 1 milh\u00e3o de d\u00f3lares.<\/p>\n\n\n\n<p class=\"has-text-align-center\">Aluno da Coree International School, de Joinville, refer\u00eancia em educa\u00e7\u00e3o tril\u00edngue, Thiago estudou sete anos na institui\u00e7\u00e3o e em julho de 2018, precisou se mudar com a fam\u00edlia para o Canad\u00e1.&nbsp;<\/p>\n\n\n\n<p class=\"has-text-align-center\">L\u00e1, ele continuou o programa de Ensino M\u00e9dio da Coree, o International Baccalaureate (IB), que prepara os alunos para o ensino superior para entrar em universidades, reconhecido e aceito por diversas institui\u00e7\u00f5es no mundo. Nesta etapa, tamb\u00e9m conseguiu bolsa de estudo, devido ao resultado conquistado na escola joinvilense.<\/p>\n\n\n\n<p class=\"has-text-align-center\">No modelo de avalia\u00e7\u00e3o, as mat\u00e9rias s\u00e3o avaliadas de 1 a 7, sendo 7&nbsp; a maior nota. &nbsp;O Extended Essay (EE), que equivale a uma tese, e a Teoria de Conhecimento s\u00e3o avaliadas de A a F, onde A \u00e9 a maior nota. O programa como um todo no mundo tem uma nota m\u00e1xima de 45 pontos.&nbsp;&nbsp;<\/p>\n\n\n\n<p class=\"has-text-align-center\">E, adivinhe: Thiago tirou nota m\u00e1xima em todos os quesitos.&nbsp; Foi aprovado com bolsa para a universidade de Toronto e tamb\u00e9m de British Columbia, a UBCno Canad\u00e1.<\/p>\n\n\n\n<p class=\"has-text-align-center\"><em>\u201cOs resultados que obtive no Bacharelado Internacional (IB) e os que estou obtendo agora no meu primeiro ano de universidade s\u00e3o muito gratificantes. \u00c9 muito bom ver que meu trabalho \u00e1rduo valeu a pena e que agora estou trabalhando para obter um diploma pelo qual estou verdadeiramente apaixonado\u201d,<\/em> revela Thiago.<\/p>\n\n\n\n<p class=\"has-text-align-center\">E completa:<\/p>\n\n\n\n<p class=\"has-text-align-center\"><em>&nbsp;\u201cEmbora a maioria dos meus colegas estejam agora tendo que desenvolver habilidades de pesquisa, pensamento cr\u00edtico e independentes h\u00e1bitos de trabalho, eu sinto que a Coree, com o IB, me deu uma vantagem inicial em todas essas coisas\u201d.<\/em><\/p>\n\n\n\n<p class=\"has-text-align-center\">Para ele, a base de educa\u00e7\u00e3o que recebeu na Coree International School foi fundamental para organizar a rotina de estudos e o principal, atingir o resultado m\u00e1ximo. <em>\u201cNa Coree, al\u00e9m de os alunos aprenderem o estado atual do conhecimento, eles s\u00e3o incentivados a fazer suas pr\u00f3prias perguntas e a procurar uma resposta para encontr\u00e1-las. \u00c9 isso que faz dela uma escola t\u00e3o especial:&nbsp; ensina aos seus alunos o \u201co qu\u00ea\u201d, discorrendo sobre outras quest\u00f5es importantes como \u201cpara qu\u00ea?\u201d, \u201cporqu\u00ea?\u201d e \u201ccomo?\u201d<\/em>, explica.<\/p>\n\n\n\n<p class=\"has-text-align-center\">Para a m\u00e3e do Thiago, Jeane Amin, Analista de Neg\u00f3cios e Gerente de Projetos (TI), a conquista in\u00e9dita \u00e9 fruto de uma longa jornada de dedica\u00e7\u00e3o nos estudos aliada ao apoio da escola, que transformou o conceito de educa\u00e7\u00e3o, do ponto de vista dela.<\/p>\n\n\n\n<p class=\"has-text-align-center\"><em>\u201cV\u00e1rias vezes estive na Coree trocando ideias. Eles me ajudaram na forma\u00e7\u00e3o do car\u00e1ter do meu filho, sem d\u00favida. Um trabalho em conjunto, onde apesar da responsabilidade ser minha, eles sempre estiveram dispostos a ajudar. Incr\u00edvel como consigo ver estas qualidades no Thiago\u201d,<\/em> comenta.<\/p>\n\n\n\n<p class=\"has-text-align-center\">Jeane acompanhou de perto toda a jornada de estudos do filho, inclusive incentivou os grupos de estudos com colegas. E participou ativamente apoiando e dando suporte, principalmente nos momentos dif\u00edceis, como quando enfrentava no dia a dia os desafios de ser imigrante em fase de aplica\u00e7\u00e3o para as universidades.<\/p>\n\n\n\n<p class=\"has-text-align-center\">\u201cEle s\u00f3 conseguiu obter as bolsas de estudo integrais do Ensino M\u00e9dio e da Universidade para 2 bacharelados, passar na 1\u00aa e 2\u00aa Universidades melhores do Canad\u00e1, devido a base educacional adquirida na Coree School, disto n\u00e3o tenho d\u00favida. Desejaria que todas as crian\u00e7as tivessem condi\u00e7\u00f5es de estudar na Coree. Formar\u00edamos al\u00e9m de estudantes, grandes cidad\u00e3os e bons profissionais\u201d, finaliza Jeane.<\/p>\n","protected":false},"excerpt":{"rendered":"<p>Thiago Amin tirou nota m\u00e1xima e garantiu vaga na University of British Columbia, considerada uma&#8230;<\/p>\n","protected":false},"author":3,"featured_media":1848,"comment_status":"closed","ping_status":"open","sticky":false,"template":"","format":"standard","meta":{"om_disable_all_campaigns":false,"_monsterinsights_skip_tracking":false,"_monsterinsights_sitenote_active":false,"_monsterinsights_sitenote_note":"","_monsterinsights_sitenote_category":0,"spay_email":""},"categories":[1],"tags":[],"jetpack_featured_media_url":"https:\/\/vimagazine.com.br\/wp-content\/uploads\/2021\/12\/Thiago.jpg","_links":{"self":[{"href":"https:\/\/vimagazine.com.br\/index.php?rest_route=\/wp\/v2\/posts\/1847"}],"collection":[{"href":"https:\/\/vimagazine.com.br\/index.php?rest_route=\/wp\/v2\/posts"}],"about":[{"href":"https:\/\/vimagazine.com.br\/index.php?rest_route=\/wp\/v2\/types\/post"}],"author":[{"embeddable":true,"href":"https:\/\/vimagazine.com.br\/index.php?rest_route=\/wp\/v2\/users\/3"}],"replies":[{"embeddable":true,"href":"https:\/\/vimagazine.com.br\/index.php?rest_route=%2Fwp%2Fv2%2Fcomments&post=1847"}],"version-history":[{"count":1,"href":"https:\/\/vimagazine.com.br\/index.php?rest_route=\/wp\/v2\/posts\/1847\/revisions"}],"predecessor-version":[{"id":1849,"href":"https:\/\/vimagazine.com.br\/index.php?rest_route=\/wp\/v2\/posts\/1847\/revisions\/1849"}],"wp:featuredmedia":[{"embeddable":true,"href":"https:\/\/vimagazine.com.br\/index.php?rest_route=\/wp\/v2\/media\/1848"}],"wp:attachment":[{"href":"https:\/\/vimagazine.com.br\/index.php?rest_route=%2Fwp%2Fv2%2Fmedia&parent=1847"}],"wp:term":[{"taxonomy":"category","embeddable":true,"href":"https:\/\/vimagazine.com.br\/index.php?rest_route=%2Fwp%2Fv2%2Fcategories&post=1847"},{"taxonomy":"post_tag","embeddable":true,"href":"https:\/\/vimagazine.com.br\/index.php?rest_route=%2Fwp%2Fv2%2Ftags&post=1847"}],"curies":[{"name":"wp","href":"https:\/\/api.w.org\/{rel}","templated":true}]}}