{"id":18496,"date":"2025-05-06T16:37:58","date_gmt":"2025-05-06T19:37:58","guid":{"rendered":"https:\/\/vimagazine.com.br\/?p=18496"},"modified":"2025-05-06T16:37:59","modified_gmt":"2025-05-06T19:37:59","slug":"festa-das-luzes-de-sao-chico-divulga-espacos-que-receberao-obras-de-arte-e-tecnologia-confira","status":"publish","type":"post","link":"https:\/\/vimagazine.com.br\/?p=18496","title":{"rendered":"Festa das Luzes de S\u00e3o Chico divulga espa\u00e7os que receber\u00e3o obras de arte e tecnologia. Confira"},"content":{"rendered":"\n<figure class=\"wp-block-image size-large\"><img width=\"1024\" height=\"684\" src=\"https:\/\/vimagazine.com.br\/wp-content\/uploads\/2025\/05\/festa-das-luzes-06-1024x684.jpg\" alt=\"\" class=\"wp-image-18497\" srcset=\"https:\/\/vimagazine.com.br\/wp-content\/uploads\/2025\/05\/festa-das-luzes-06-1024x684.jpg 1024w, https:\/\/vimagazine.com.br\/wp-content\/uploads\/2025\/05\/festa-das-luzes-06-300x200.jpg 300w, https:\/\/vimagazine.com.br\/wp-content\/uploads\/2025\/05\/festa-das-luzes-06-768x513.jpg 768w, https:\/\/vimagazine.com.br\/wp-content\/uploads\/2025\/05\/festa-das-luzes-06-1536x1025.jpg 1536w, https:\/\/vimagazine.com.br\/wp-content\/uploads\/2025\/05\/festa-das-luzes-06.jpg 1600w\" sizes=\"(max-width: 1024px) 100vw, 1024px\" \/><\/figure>\n\n\n\n<p><em>Evento gratuito para toda fam\u00edlia acontece nos dias 16 e 17 de maio<\/em><\/p>\n\n\n\n<p>A primeira edi\u00e7\u00e3o da Festa das Luzes em S\u00e3o Chico j\u00e1 tem seus locais definidos. O evento, que estreia na cidade nos dias 16 e 17 de maio, promete colorir o Centro Hist\u00f3rico com atra\u00e7\u00f5es musicais, jogos de luzes, performances ao vivo e proje\u00e7\u00f5es de imagens em pr\u00e9dios hist\u00f3ricos que v\u00e3o dialogar com a arquitetura e a mem\u00f3ria afetiva da cidade mais antiga de Santa Catarina.<\/p>\n\n\n\n<p>Realizada com recursos da Lei Federal de Incentivo \u00e0 Cultura, a programa\u00e7\u00e3o \u00e9 gratuita e convida o p\u00fablico a caminhar pelas ruas e redescobrir os casar\u00f5es coloniais sob uma nova perspectiva. Ser\u00e3o pelo menos sete espa\u00e7os ativados por cria\u00e7\u00f5es de artistas locais, nacionais e internacionais.<\/p>\n\n\n\n<p>Confira os pontos confirmados:<\/p>\n\n\n\n<p>\ud83d\udd39 Mercado Municipal \u2013 ponto de partida do circuito, vai receber proje\u00e7\u00f5es mapeadas na fachada do pr\u00e9dio<\/p>\n\n\n\n<p>\ud83d\udd39 Rua Babitonga \u2013 ter\u00e1 ilumina\u00e7\u00e3o c\u00eanica em pr\u00e9dios hist\u00f3ricos, criando um percurso visual entre o passado e o presente, al\u00e9m disso tamb\u00e9m ser\u00e1 palco de apresenta\u00e7\u00f5es de grupos locais e ir\u00e1 receber uma galeria de arte aberta, com obras de artistas locais selecionados.<\/p>\n\n\n\n<p>\ud83d\udd39 Bar do J\u00fanior \u2013 refer\u00eancia no Centro Hist\u00f3rico, ser\u00e1 palco de uma mostra de obras audiovisuais em proje\u00e7\u00e3o mapeada.<\/p>\n\n\n\n<p>\ud83d\udd39 Pra\u00e7a da Matriz \u2013 receber\u00e1 instala\u00e7\u00f5es luminosas interativas, incluindo uma obra do artista e idealizador do festival, Leandro Vigas.<\/p>\n\n\n\n<p>\ud83d\udd39 Igreja Matriz \u2013 ser\u00e1 o cen\u00e1rio de um espet\u00e1culo de laser mapping, com sess\u00f5es especiais ao longo das noites.<\/p>\n\n\n\n<p>\ud83d\udd39 Ladeira, no Dedo Verde Caf\u00e9 \u2013 espa\u00e7o ir\u00e1 receber apresenta\u00e7\u00f5es de DJs, VJs e grupos culturais tradicionais, promovendo um encontro entre som, imagem e hist\u00f3ria.<\/p>\n\n\n\n<p>O festival tamb\u00e9m lan\u00e7ou uma convocat\u00f3ria para artistas visuais de S\u00e3o Francisco do Sul interessados em integrar a programa\u00e7\u00e3o. As inscri\u00e7\u00f5es seguem abertas e os trabalhos escolhidos receber\u00e3o pr\u00eamios. Para participar, basta preencher o formul\u00e1rio no link do Instagram @festadasluzesoficial<\/p>\n\n\n\n<p>A Festa das Luzes conta com o patroc\u00ednio de Tigre, Grupo Koch, Fullport e Cia. Latino Americana de Medicamentos; Apoio da Prefeitura de S\u00e3o Francisco do Sul, Secretaria de Turismo de S\u00e3o Francisco do Sul, Funda\u00e7\u00e3o Cultural de S\u00e3o Francisco do Sul, Favretto M\u00eddia Exterior, Seta Solu\u00e7\u00f5es Visuais, Resolume, Madmapper, Tagtool, Deck 20, Hotel Vila Real, Harmonia Comunica\u00e7\u00e3o e Porto Mediterr\u00e2neo e produ\u00e7\u00e3o e realiza\u00e7\u00e3o: Ginja Produ\u00e7\u00f5es e Biolumen Studio.<\/p>\n\n\n\n<p>Como foram as edi\u00e7\u00f5es passadas<\/p>\n\n\n\n<p>Consagrado como um dos maiores eventos de luz e arte urbana de Santa Catarina, a proposta iluminou o centro de Joinville em duas edi\u00e7\u00f5es, surpreendendo mais de 80 mil pessoas com experi\u00eancias sensoriais que misturam proje\u00e7\u00f5es mapeadas, instala\u00e7\u00f5es interativas e performances art\u00edsticas. Agora, inicia uma nova fase como festival itinerante, expandindo suas fronteiras e propondo um novo olhar sobre o espa\u00e7o urbano por meio da magia da luz.<\/p>\n\n\n\n<p>Agende-se:<\/p>\n\n\n\n<p>&nbsp;\ud83d\udccd Festa das Luzes \u2013 S\u00e3o Francisco do Sul<\/p>\n\n\n\n<p>&nbsp;\ud83d\uddd3\ufe0f Data: 16 e 17 de maio de 2025<\/p>\n\n\n\n<p>&nbsp;\ud83d\udd54 Hor\u00e1rio: Das 17h \u00e0s 22h30<\/p>\n\n\n\n<p>&nbsp;\ud83d\udccc Local: Centro Hist\u00f3rico de S\u00e3o Francisco do Sul<\/p>\n\n\n\n<p>&nbsp;\ud83c\udf9f\ufe0f Entrada gratuita<\/p>\n\n\n\n<p>&nbsp;\ud83d\udcf2 Instagram: @festadasluzesoficial<\/p>\n","protected":false},"excerpt":{"rendered":"<p>Evento gratuito para toda fam\u00edlia acontece nos dias 16 e 17 de maio A primeira&#8230;<\/p>\n","protected":false},"author":20,"featured_media":0,"comment_status":"closed","ping_status":"open","sticky":false,"template":"","format":"standard","meta":{"om_disable_all_campaigns":false,"_monsterinsights_skip_tracking":false,"_monsterinsights_sitenote_active":false,"_monsterinsights_sitenote_note":"","_monsterinsights_sitenote_category":0,"spay_email":""},"categories":[1],"tags":[],"jetpack_featured_media_url":"","_links":{"self":[{"href":"https:\/\/vimagazine.com.br\/index.php?rest_route=\/wp\/v2\/posts\/18496"}],"collection":[{"href":"https:\/\/vimagazine.com.br\/index.php?rest_route=\/wp\/v2\/posts"}],"about":[{"href":"https:\/\/vimagazine.com.br\/index.php?rest_route=\/wp\/v2\/types\/post"}],"author":[{"embeddable":true,"href":"https:\/\/vimagazine.com.br\/index.php?rest_route=\/wp\/v2\/users\/20"}],"replies":[{"embeddable":true,"href":"https:\/\/vimagazine.com.br\/index.php?rest_route=%2Fwp%2Fv2%2Fcomments&post=18496"}],"version-history":[{"count":1,"href":"https:\/\/vimagazine.com.br\/index.php?rest_route=\/wp\/v2\/posts\/18496\/revisions"}],"predecessor-version":[{"id":18498,"href":"https:\/\/vimagazine.com.br\/index.php?rest_route=\/wp\/v2\/posts\/18496\/revisions\/18498"}],"wp:attachment":[{"href":"https:\/\/vimagazine.com.br\/index.php?rest_route=%2Fwp%2Fv2%2Fmedia&parent=18496"}],"wp:term":[{"taxonomy":"category","embeddable":true,"href":"https:\/\/vimagazine.com.br\/index.php?rest_route=%2Fwp%2Fv2%2Fcategories&post=18496"},{"taxonomy":"post_tag","embeddable":true,"href":"https:\/\/vimagazine.com.br\/index.php?rest_route=%2Fwp%2Fv2%2Ftags&post=18496"}],"curies":[{"name":"wp","href":"https:\/\/api.w.org\/{rel}","templated":true}]}}