{"id":18499,"date":"2025-05-07T18:26:44","date_gmt":"2025-05-07T21:26:44","guid":{"rendered":"https:\/\/vimagazine.com.br\/?p=18499"},"modified":"2025-05-07T18:26:45","modified_gmt":"2025-05-07T21:26:45","slug":"agenda-feira-do-principe-celebra-dia-das-maes-com-dois-dias-de-programacao","status":"publish","type":"post","link":"https:\/\/vimagazine.com.br\/?p=18499","title":{"rendered":"Agenda: Feira do Pr\u00edncipe celebra Dia das M\u00e3es com dois dias de programa\u00e7\u00e3o"},"content":{"rendered":"\n<figure class=\"wp-block-image size-large\"><img width=\"1024\" height=\"682\" src=\"https:\/\/vimagazine.com.br\/wp-content\/uploads\/2025\/05\/feira-do-principe-1024x682.jpg\" alt=\"\" class=\"wp-image-18500\" srcset=\"https:\/\/vimagazine.com.br\/wp-content\/uploads\/2025\/05\/feira-do-principe-1024x682.jpg 1024w, https:\/\/vimagazine.com.br\/wp-content\/uploads\/2025\/05\/feira-do-principe-300x200.jpg 300w, https:\/\/vimagazine.com.br\/wp-content\/uploads\/2025\/05\/feira-do-principe-768x512.jpg 768w, https:\/\/vimagazine.com.br\/wp-content\/uploads\/2025\/05\/feira-do-principe-1536x1023.jpg 1536w, https:\/\/vimagazine.com.br\/wp-content\/uploads\/2025\/05\/feira-do-principe.jpg 1600w\" sizes=\"(max-width: 1024px) 100vw, 1024px\" \/><\/figure>\n\n\n\n<p><\/p>\n\n\n\n<p><em>Rua do Pr\u00edncipe recebe edi\u00e7\u00e3o especial da feira neste s\u00e1bado (10) e domingo (11), com exposi\u00e7\u00e3o de carros e bicicletas antigas, atividades gratuitas e op\u00e7\u00f5es para presentear as m\u00e3es<\/em><\/p>\n\n\n\n<p>A Feira do Pr\u00edncipe chega a sua terceira edi\u00e7\u00e3o de 2025 com uma programa\u00e7\u00e3o especial para o fim de semana do Dia das M\u00e3es. Pela primeira vez neste ano, o evento ser\u00e1 realizado em dois dias \u2014 s\u00e1bado (10) e domingo (11) de maio \u2014, das 9h \u00e0s 18h, na Rua do Pr\u00edncipe, no Centro de Joinville. A entrada \u00e9 gratuita.<\/p>\n\n\n\n<p>Conhecida por reunir arte, cultura, gastronomia e lazer ao ar livre, a feira contar\u00e1 com mais de 60 expositores de produtos artesanais, op\u00e7\u00f5es de gastronomia local a pre\u00e7os acess\u00edveis, atra\u00e7\u00f5es infantis e apresenta\u00e7\u00f5es culturais. Entre os destaques desta edi\u00e7\u00e3o est\u00e3o as exposi\u00e7\u00f5es nost\u00e1lgicas: no s\u00e1bado, bicicletas antigas tomam conta da via; no domingo, \u00e9 a vez dos carros antigos encantarem o p\u00fablico com modelos cl\u00e1ssicos e cheios de hist\u00f3ria.<\/p>\n\n\n\n<p>O fim de semana promete ser um convite para passear em fam\u00edlia e presentear de forma criativa. Al\u00e9m das barracas com presentes feitos \u00e0 m\u00e3o, haver\u00e1 oficinas e atividades promovidas em parceria com a UniSociesc, como pintura facial, quick massage e dicas de nutri\u00e7\u00e3o \u2014 tudo gratuito e com participa\u00e7\u00e3o aberta ao p\u00fablico.<\/p>\n\n\n\n<p>\u201cA feira j\u00e1 faz parte do calend\u00e1rio cultural de Joinville e esta edi\u00e7\u00e3o ser\u00e1 ainda mais especial por homenagear as m\u00e3es e proporcionar dois dias de conviv\u00eancia e celebra\u00e7\u00e3o no centro da cidade\u201d, destaca Talita Silva, organizadora do evento.<\/p>\n\n\n\n<p>A Feira do Pr\u00edncipe \u00e9 uma realiza\u00e7\u00e3o da F\u00e1brica Criativa e TS Eventos, com patroc\u00ednio da UniSociesc e apoio da CDL Joinville e da Prefeitura de Joinville. O evento \u00e9 pet friendly.<\/p>\n\n\n\n<p>Agende-se:<\/p>\n\n\n\n<p>O qu\u00ea: Feira do Pr\u00edncipe \u2013 edi\u00e7\u00e3o especial Dia das M\u00e3es<\/p>\n\n\n\n<p>Quando: S\u00e1bado (10) e domingo (11) de maio<\/p>\n\n\n\n<p>Hor\u00e1rio: Das 9h \u00e0s 18h<\/p>\n\n\n\n<p>Onde: Rua do Pr\u00edncipe \u2013 Centro de Joinville<\/p>\n\n\n\n<p>Entrada gratuita | Evento Pet Friendly<\/p>\n","protected":false},"excerpt":{"rendered":"<p>Rua do Pr\u00edncipe recebe edi\u00e7\u00e3o especial da feira neste s\u00e1bado (10) e domingo (11), com&#8230;<\/p>\n","protected":false},"author":20,"featured_media":0,"comment_status":"closed","ping_status":"open","sticky":false,"template":"","format":"standard","meta":{"om_disable_all_campaigns":false,"_monsterinsights_skip_tracking":false,"_monsterinsights_sitenote_active":false,"_monsterinsights_sitenote_note":"","_monsterinsights_sitenote_category":0,"spay_email":""},"categories":[1],"tags":[],"jetpack_featured_media_url":"","_links":{"self":[{"href":"https:\/\/vimagazine.com.br\/index.php?rest_route=\/wp\/v2\/posts\/18499"}],"collection":[{"href":"https:\/\/vimagazine.com.br\/index.php?rest_route=\/wp\/v2\/posts"}],"about":[{"href":"https:\/\/vimagazine.com.br\/index.php?rest_route=\/wp\/v2\/types\/post"}],"author":[{"embeddable":true,"href":"https:\/\/vimagazine.com.br\/index.php?rest_route=\/wp\/v2\/users\/20"}],"replies":[{"embeddable":true,"href":"https:\/\/vimagazine.com.br\/index.php?rest_route=%2Fwp%2Fv2%2Fcomments&post=18499"}],"version-history":[{"count":1,"href":"https:\/\/vimagazine.com.br\/index.php?rest_route=\/wp\/v2\/posts\/18499\/revisions"}],"predecessor-version":[{"id":18501,"href":"https:\/\/vimagazine.com.br\/index.php?rest_route=\/wp\/v2\/posts\/18499\/revisions\/18501"}],"wp:attachment":[{"href":"https:\/\/vimagazine.com.br\/index.php?rest_route=%2Fwp%2Fv2%2Fmedia&parent=18499"}],"wp:term":[{"taxonomy":"category","embeddable":true,"href":"https:\/\/vimagazine.com.br\/index.php?rest_route=%2Fwp%2Fv2%2Fcategories&post=18499"},{"taxonomy":"post_tag","embeddable":true,"href":"https:\/\/vimagazine.com.br\/index.php?rest_route=%2Fwp%2Fv2%2Ftags&post=18499"}],"curies":[{"name":"wp","href":"https:\/\/api.w.org\/{rel}","templated":true}]}}