{"id":18503,"date":"2025-05-08T12:35:08","date_gmt":"2025-05-08T15:35:08","guid":{"rendered":"https:\/\/vimagazine.com.br\/?p=18503"},"modified":"2025-05-08T13:13:11","modified_gmt":"2025-05-08T16:13:11","slug":"fios-de-ouro-e-um-dia-de-conto-de-fadas-na-vida-real","status":"publish","type":"post","link":"https:\/\/vimagazine.com.br\/?p=18503","title":{"rendered":"Fios de Ouro e um dia de conto de fadas na vida real!"},"content":{"rendered":"\n<figure class=\"wp-block-image size-large\"><img width=\"1024\" height=\"575\" src=\"https:\/\/vimagazine.com.br\/wp-content\/uploads\/2025\/05\/photo_2025-05-08_11-48-16-1024x575.jpg\" alt=\"\" class=\"wp-image-18504\" srcset=\"https:\/\/vimagazine.com.br\/wp-content\/uploads\/2025\/05\/photo_2025-05-08_11-48-16-1024x575.jpg 1024w, https:\/\/vimagazine.com.br\/wp-content\/uploads\/2025\/05\/photo_2025-05-08_11-48-16-300x169.jpg 300w, https:\/\/vimagazine.com.br\/wp-content\/uploads\/2025\/05\/photo_2025-05-08_11-48-16-768x431.jpg 768w, https:\/\/vimagazine.com.br\/wp-content\/uploads\/2025\/05\/photo_2025-05-08_11-48-16.jpg 1280w\" sizes=\"(max-width: 1024px) 100vw, 1024px\" \/><figcaption>Dada &#8211; <a href=\"https:\/\/www.instagram.com\/institutofiosdeouromatriz?utm_source=ig_web_button_share_sheet&amp;igsh=ZDNlZDc0MzIxNw==\" title=\"Instituto Fios de Ouro\">Instituto Fios de Ouro<\/a><\/figcaption><\/figure>\n\n\n\n<p>Quem entrou na Vibe com <a href=\"https:\/\/www.instagram.com\/giucota?\" title=\"Giu\">Giu<\/a> Cota foi o <strong><em>Instituto Fios De Ouro<\/em><\/strong>, e quem disse que s\u00f3 em filme existe transforma\u00e7\u00e3o de princesa? Eu vivi isso de perto e conto tudo aqui! A escola Fios de Ouro promoveu um evento simplesmente inesquec\u00edvel: o Dia de Princesas e Pr\u00edncipes, reunindo influenciadoras incr\u00edveis \u2013 e sim, eu fui o pr\u00edncipe do dia!<\/p>\n\n\n\n<figure class=\"wp-block-image size-large\"><img width=\"1024\" height=\"749\" src=\"https:\/\/vimagazine.com.br\/wp-content\/uploads\/2025\/05\/photo_2025-05-08_11-47-24-1024x749.jpg\" alt=\"\" class=\"wp-image-18505\" srcset=\"https:\/\/vimagazine.com.br\/wp-content\/uploads\/2025\/05\/photo_2025-05-08_11-47-24-1024x749.jpg 1024w, https:\/\/vimagazine.com.br\/wp-content\/uploads\/2025\/05\/photo_2025-05-08_11-47-24-300x219.jpg 300w, https:\/\/vimagazine.com.br\/wp-content\/uploads\/2025\/05\/photo_2025-05-08_11-47-24-768x562.jpg 768w, https:\/\/vimagazine.com.br\/wp-content\/uploads\/2025\/05\/photo_2025-05-08_11-47-24.jpg 1280w\" sizes=\"(max-width: 1024px) 100vw, 1024px\" \/><\/figure>\n\n\n\n<p>A experi\u00eancia come\u00e7ou com produ\u00e7\u00e3o completa: cabelo, maquiagem, design de sobrancelhas e aquele cuidado especial que s\u00f3 a equipe da Fios de Ouro tem. A energia do lugar \u00e9 diferente \u2014 d\u00e1 pra sentir que n\u00e3o \u00e9 s\u00f3 sobre beleza exterior, mas sim autoestima, empoderamento e valoriza\u00e7\u00e3o de cada um.<br>E quem dividiu esse momento m\u00e1gico comigo foram verdadeiras estrelas: <a href=\"https:\/\/www.instagram.com\/biancafrazaooficial?utm_source=ig_web_button_share_sheet&amp;igsh=ZDNlZDc0MzIxNw==\"><strong><em>Bianca Fraz\u00e3o<\/em><\/strong><\/a>, com seu brilho \u00fanico, nossa princesa de milh\u00f5es;\u00a0<a href=\"https:\/\/www.instagram.com\/isa.limaoficial?utm_source=ig_web_button_share_sheet&amp;igsh=ZDNlZDc0MzIxNw==https:\/\/www.instagram.com\/isa.limaoficial?utm_source=ig_web_button_share_sheet&amp;igsh=ZDNlZDc0MzIxNw==\" title=\"Isa Lima\">Isa Lima<\/a>, com carisma e presen\u00e7a marcante; <a href=\"https:\/\/www.instagram.com\/sophia.vitoria.campos?utm_source=ig_web_button_share_sheet&amp;igsh=ZDNlZDc0MzIxNw==\" title=\"Sophia Vitoria\">Sophia Vitoria<\/a> , um encanto de simpatia; <em><a href=\"https:\/\/www.instagram.com\/sophialorenmc?utm_source=ig_web_button_share_sheet&amp;igsh=ZDNlZDc0MzIxNw==\" title=\"Sophia Loren\">Sophia Loren<\/a><\/em> que parecia ter sa\u00eddo de um conto da Disney; a doce <a href=\"https:\/\/www.instagram.com\/clarinhaalves_oficial?utm_source=ig_web_button_share_sheet&amp;igsh=ZDNlZDc0MzIxNw==\" title=\"Clarinhaalves,\">Clarinhaalves,<\/a> e as  <a href=\"https:\/\/www.instagram.com\/gemeas_domingues?utm_source=ig_web_button_share_sheet&amp;igsh=ZDNlZDc0MzIxNw==\" title=\"G\u00eameas Domingues\">G\u00eameas Domingues<\/a><strong><em>,<\/em><\/strong> que iluminou o ambiente com sua presen\u00e7a.<\/p>\n\n\n\n<figure class=\"wp-container-2 wp-block-gallery-1 wp-block-gallery has-nested-images columns-default is-cropped\">\n<figure class=\"wp-block-image size-large\"><img width=\"1280\" height=\"848\" data-id=\"18506\"  src=\"https:\/\/vimagazine.com.br\/wp-content\/uploads\/2025\/05\/photo_2025-05-08_11-33-32.jpg\" alt=\"\" class=\"wp-image-18506\" srcset=\"https:\/\/vimagazine.com.br\/wp-content\/uploads\/2025\/05\/photo_2025-05-08_11-33-32.jpg 1280w, https:\/\/vimagazine.com.br\/wp-content\/uploads\/2025\/05\/photo_2025-05-08_11-33-32-300x199.jpg 300w, https:\/\/vimagazine.com.br\/wp-content\/uploads\/2025\/05\/photo_2025-05-08_11-33-32-1024x678.jpg 1024w, https:\/\/vimagazine.com.br\/wp-content\/uploads\/2025\/05\/photo_2025-05-08_11-33-32-768x509.jpg 768w\" sizes=\"(max-width: 1280px) 100vw, 1280px\" \/><figcaption>Giu Cota <\/figcaption><\/figure>\n\n\n\n<figure class=\"wp-block-image size-large\"><img width=\"1280\" height=\"720\" data-id=\"18508\"  src=\"https:\/\/vimagazine.com.br\/wp-content\/uploads\/2025\/05\/photo_2025-05-08_11-45-15.jpg\" alt=\"\" class=\"wp-image-18508\" srcset=\"https:\/\/vimagazine.com.br\/wp-content\/uploads\/2025\/05\/photo_2025-05-08_11-45-15.jpg 1280w, https:\/\/vimagazine.com.br\/wp-content\/uploads\/2025\/05\/photo_2025-05-08_11-45-15-300x169.jpg 300w, https:\/\/vimagazine.com.br\/wp-content\/uploads\/2025\/05\/photo_2025-05-08_11-45-15-1024x576.jpg 1024w, https:\/\/vimagazine.com.br\/wp-content\/uploads\/2025\/05\/photo_2025-05-08_11-45-15-768x432.jpg 768w\" sizes=\"(max-width: 1280px) 100vw, 1280px\" \/><figcaption>Bianca Fraz\u00e3o<\/figcaption><\/figure>\n\n\n\n<figure class=\"wp-block-image size-large\"><img width=\"1280\" height=\"720\" data-id=\"18507\"  src=\"https:\/\/vimagazine.com.br\/wp-content\/uploads\/2025\/05\/photo_2025-05-08_11-45-10.jpg\" alt=\"\" class=\"wp-image-18507\" srcset=\"https:\/\/vimagazine.com.br\/wp-content\/uploads\/2025\/05\/photo_2025-05-08_11-45-10.jpg 1280w, https:\/\/vimagazine.com.br\/wp-content\/uploads\/2025\/05\/photo_2025-05-08_11-45-10-300x169.jpg 300w, https:\/\/vimagazine.com.br\/wp-content\/uploads\/2025\/05\/photo_2025-05-08_11-45-10-1024x576.jpg 1024w, https:\/\/vimagazine.com.br\/wp-content\/uploads\/2025\/05\/photo_2025-05-08_11-45-10-768x432.jpg 768w\" sizes=\"(max-width: 1280px) 100vw, 1280px\" \/><figcaption>Amigos Fios de Ouro<\/figcaption><\/figure>\n<\/figure>\n\n\n\n<p>Mas o melhor ainda estava por vir: entramos numa limusine de tirar o f\u00f4lego e desfilamos pelas ruas como celebridades. A parada especial aconteceu em um espa\u00e7o cheio de significado e acolhimento, onde fomos recebidos com carinho e respeito. Foi emocionante!<br>No meio de tanta coisa boa, aproveitei pra bater um papo com o idealizador da Fios de Ouro, Adailson Moura, conhecido carinhosamente como Dada, e fiz 5 perguntas para entender melhor essa vibe t\u00e3o positiva. Olha s\u00f3 o que ele me contou:<\/p>\n\n\n\n<ol><li>Giu Cota: Como nasceu a ideia da Fios de Ouro e o que ela representa pra voc\u00ea?<br>Dada: A ideia surgiu com o intuito de ajudar cantores e apresentadoras, oferecendo um diferencial que impulsione a carreira. Para mim, \u00e9 um ato de humildade e contribui\u00e7\u00e3o.<\/li><li>Giu Cota: O Dia de Princesas e Pr\u00edncipes foi incr\u00edvel. De onde veio essa ideia t\u00e3o diferente?<br>Dada: Quisemos alegrar a vida atrav\u00e9s da beleza \u2014 e confesso que me inspirei no programa do Netinho.<\/li><li>Giu Cota: O que faz da Fios de Ouro uma escola diferente das outras?<br>Dada: \u00c9 uma escola profissionalizante com foco em aulas pr\u00e1ticas. Os alunos aprendem ajudando o pr\u00f3ximo, usando modelos reais para acelerar o aprendizado.<\/li><li>Giu Cota: Quais cursos voc\u00eas oferecem hoje?<br>Dada: Temos forma\u00e7\u00e3o completa em cabeleireiro, maquiagem, design de sobrancelhas, tran\u00e7as e especializa\u00e7\u00f5es. Tudo com pr\u00e1tica real e profissionais experientes.<\/li><li>Giu Cota: Depois de um evento t\u00e3o top, o que mais vem por a\u00ed?<br>Dada: Muitas surpresas! Vamos continuar promovendo a\u00e7\u00f5es como essa e criar novas oportunidades pra quem quer crescer nesse mercado. A ideia \u00e9 realizar o Dia de Pr\u00edncipe e Princesa a cada tr\u00eas meses, com participa\u00e7\u00e3o de cantores em in\u00edcio de carreira.<br>Esse foi um daqueles dias que a gente guarda no cora\u00e7\u00e3o. A Fios de Ouro mostrou que beleza \u00e9 sobre cuidado, acolhimento e transforma\u00e7\u00e3o. E eu, como bom pr\u00edncipe do rol\u00ea, j\u00e1 deixo avisado: quero replay desse evento!<br>Acompanhe sempre a minha coluna #NaVibeComGiuCota na #ViMagazine para mais conte\u00fados exclusivos, dicas que fazem a diferen\u00e7a e entrevistas que inspiram!<\/li><\/ol>\n\n\n\n<h1>#GiuCota #Podcast #PodCota #FiosDeOuro #DiaDePrincesas #Princesas #Principe #Dada <\/h1>\n\n\n\n<p>Giu Cota<br>Colunista Vi Magazine<br>Na Vibe com Giu Cota<\/p>\n","protected":false},"excerpt":{"rendered":"<p>Quem entrou na Vibe com Giu Cota foi o Instituto Fios De Ouro, e quem&#8230;<\/p>\n","protected":false},"author":37,"featured_media":0,"comment_status":"closed","ping_status":"open","sticky":false,"template":"","format":"standard","meta":{"om_disable_all_campaigns":false,"_monsterinsights_skip_tracking":false,"_monsterinsights_sitenote_active":false,"_monsterinsights_sitenote_note":"","_monsterinsights_sitenote_category":0,"spay_email":""},"categories":[1],"tags":[],"jetpack_featured_media_url":"","_links":{"self":[{"href":"https:\/\/vimagazine.com.br\/index.php?rest_route=\/wp\/v2\/posts\/18503"}],"collection":[{"href":"https:\/\/vimagazine.com.br\/index.php?rest_route=\/wp\/v2\/posts"}],"about":[{"href":"https:\/\/vimagazine.com.br\/index.php?rest_route=\/wp\/v2\/types\/post"}],"author":[{"embeddable":true,"href":"https:\/\/vimagazine.com.br\/index.php?rest_route=\/wp\/v2\/users\/37"}],"replies":[{"embeddable":true,"href":"https:\/\/vimagazine.com.br\/index.php?rest_route=%2Fwp%2Fv2%2Fcomments&post=18503"}],"version-history":[{"count":3,"href":"https:\/\/vimagazine.com.br\/index.php?rest_route=\/wp\/v2\/posts\/18503\/revisions"}],"predecessor-version":[{"id":18517,"href":"https:\/\/vimagazine.com.br\/index.php?rest_route=\/wp\/v2\/posts\/18503\/revisions\/18517"}],"wp:attachment":[{"href":"https:\/\/vimagazine.com.br\/index.php?rest_route=%2Fwp%2Fv2%2Fmedia&parent=18503"}],"wp:term":[{"taxonomy":"category","embeddable":true,"href":"https:\/\/vimagazine.com.br\/index.php?rest_route=%2Fwp%2Fv2%2Fcategories&post=18503"},{"taxonomy":"post_tag","embeddable":true,"href":"https:\/\/vimagazine.com.br\/index.php?rest_route=%2Fwp%2Fv2%2Ftags&post=18503"}],"curies":[{"name":"wp","href":"https:\/\/api.w.org\/{rel}","templated":true}]}}