{"id":18539,"date":"2025-05-09T15:05:32","date_gmt":"2025-05-09T18:05:32","guid":{"rendered":"https:\/\/vimagazine.com.br\/?p=18539"},"modified":"2025-05-09T15:28:50","modified_gmt":"2025-05-09T18:28:50","slug":"com-a-presenca-de-varios-famosos-andrea-nobrega-laca-linha-de-oculos-em-parceria-com-empresaria-jana-marques","status":"publish","type":"post","link":"https:\/\/vimagazine.com.br\/?p=18539","title":{"rendered":"Com a presen\u00e7a de v\u00e1rios famosos, Andr\u00e9a N\u00f3brega lan\u00e7a linha de \u00f3culos em parceria com empres\u00e1ria Jana Marques"},"content":{"rendered":"\n<figure class=\"wp-block-image aligncenter size-large is-resized\"><img src=\"https:\/\/vimagazine.com.br\/wp-content\/uploads\/2025\/05\/1000837628-906x1024.jpg\" alt=\"\" class=\"wp-image-18540\" width=\"549\" height=\"620\" srcset=\"https:\/\/vimagazine.com.br\/wp-content\/uploads\/2025\/05\/1000837628-906x1024.jpg 906w, https:\/\/vimagazine.com.br\/wp-content\/uploads\/2025\/05\/1000837628-265x300.jpg 265w, https:\/\/vimagazine.com.br\/wp-content\/uploads\/2025\/05\/1000837628-768x868.jpg 768w, https:\/\/vimagazine.com.br\/wp-content\/uploads\/2025\/05\/1000837628-1024x1158.jpg 1024w, https:\/\/vimagazine.com.br\/wp-content\/uploads\/2025\/05\/1000837628.jpg 1132w\" sizes=\"(max-width: 549px) 100vw, 549px\" \/><\/figure>\n\n\n\n<figure class=\"wp-block-image aligncenter size-large is-resized\"><img src=\"https:\/\/vimagazine.com.br\/wp-content\/uploads\/2025\/05\/1000837622-1024x682.jpg\" alt=\"\" class=\"wp-image-18541\" width=\"504\" height=\"335\" srcset=\"https:\/\/vimagazine.com.br\/wp-content\/uploads\/2025\/05\/1000837622-1024x682.jpg 1024w, https:\/\/vimagazine.com.br\/wp-content\/uploads\/2025\/05\/1000837622-300x200.jpg 300w, https:\/\/vimagazine.com.br\/wp-content\/uploads\/2025\/05\/1000837622-768x511.jpg 768w, https:\/\/vimagazine.com.br\/wp-content\/uploads\/2025\/05\/1000837622.jpg 1280w\" sizes=\"(max-width: 504px) 100vw, 504px\" \/><\/figure>\n\n\n\n<figure class=\"wp-block-image aligncenter size-large is-resized\"><img src=\"https:\/\/vimagazine.com.br\/wp-content\/uploads\/2025\/05\/1000837636-682x1024.jpg\" alt=\"\" class=\"wp-image-18542\" width=\"547\" height=\"822\" srcset=\"https:\/\/vimagazine.com.br\/wp-content\/uploads\/2025\/05\/1000837636-682x1024.jpg 682w, https:\/\/vimagazine.com.br\/wp-content\/uploads\/2025\/05\/1000837636-200x300.jpg 200w, https:\/\/vimagazine.com.br\/wp-content\/uploads\/2025\/05\/1000837636-768x1154.jpg 768w, https:\/\/vimagazine.com.br\/wp-content\/uploads\/2025\/05\/1000837636.jpg 852w\" sizes=\"(max-width: 547px) 100vw, 547px\" \/><\/figure>\n\n\n\n<figure class=\"wp-block-image aligncenter size-large is-resized\"><img src=\"https:\/\/vimagazine.com.br\/wp-content\/uploads\/2025\/05\/1000836199-1-1024x683.jpg\" alt=\"\" class=\"wp-image-18543\" width=\"536\" height=\"357\" srcset=\"https:\/\/vimagazine.com.br\/wp-content\/uploads\/2025\/05\/1000836199-1-1024x683.jpg 1024w, https:\/\/vimagazine.com.br\/wp-content\/uploads\/2025\/05\/1000836199-1-300x200.jpg 300w, https:\/\/vimagazine.com.br\/wp-content\/uploads\/2025\/05\/1000836199-1-768x512.jpg 768w, https:\/\/vimagazine.com.br\/wp-content\/uploads\/2025\/05\/1000836199-1-1536x1024.jpg 1536w, https:\/\/vimagazine.com.br\/wp-content\/uploads\/2025\/05\/1000836199-1.jpg 1920w\" sizes=\"(max-width: 536px) 100vw, 536px\" \/><\/figure>\n\n\n\n<p>Nesta \u00faltima quarta-feira (07), a empres\u00e1ria e apresentadora&nbsp;<strong>Andr\u00e9a N\u00f3brega<\/strong>, realizou em uma conceituada galeria de arte, localizada no shopping Iguatemi de Alphaville na grande S\u00e3o Paulo, o lan\u00e7amento da sua linha de \u00f3culos em parceria com a empres\u00e1ria&nbsp;<strong>Jana Marques<\/strong>.<\/p>\n\n\n\n<p>Na ocasi\u00e3o, as empres\u00e1rias receberam familiares e amigos que fizeram quest\u00e3o de prestigi\u00e1-las nesta nova fase da carreira de ambas, onde lan\u00e7am uma linha de \u00f3culos, elegante, sofisticada, moderna e super acess\u00edvel ao p\u00fablico.<\/p>\n\n\n\n<p>Entre os convidados, Andr\u00e9a recebeu o carinho dos filhos g\u00eameos Jo\u00e3o Victor e Maria Fernanda, al\u00e9m das amigas famosas como as tamb\u00e9m apresentadoras Mara Maravilha, Fab\u00edola Gadelha e Faa Morena, entre outros convidados ilustres.<\/p>\n\n\n\n<p>Andr\u00e9a, se encantou logo de cara pela GRIFFE, assim que viu seu cabeleireiro Edson Ferreira usando um \u00f3culos exclusivo e elegante.<\/p>\n\n\n\n<p>H\u00e1 3 anos, Jana e Andr\u00e9a vem cogitando em fazer uma collab, por\u00e9m s\u00f3 agora em 2025 o projeto saiu do papel e deu vida a essa linda linha de \u00f3culos exclusiva, moderna, super elegante e, claro, a cara da Andr\u00e9a.<\/p>\n\n\n\n<p>J\u00e1 Jana Marques, desde sempre foi apaixonada por beleza, estilo e autenticidade, trilhou um caminho onde a imagem se tornou muito mais do que apar\u00eancia, virou express\u00e3o de identidade. Consultora de imagem e visagista especializada em \u00f3culos, ela fundou a GRIFFE Jana Marques, uma loja conceito que h\u00e1 mais de cinco anos transforma a forma como as pessoas enxergam a si mesmas, literalmente e simbolicamente.<\/p>\n\n\n\n<p>Localizada no cora\u00e7\u00e3o da Mooca, em S\u00e3o Paulo, a GRIFFE. se destaca por oferecer pe\u00e7as exclusivas e um atendimento que respeita a individualidade de cada cliente. N\u00e3o se trata apenas de vender \u00f3culos, \u00e9 sobre revelar a personalidade, empoderar pelo olhar e elevar a autoestima. Al\u00e9m disso, ela se dedica a mentorar mulheres empreendedoras, dividindo seus aprendizados e ajudando outras a se destacarem em um mercado competitivo, com prop\u00f3sito e presen\u00e7a.<\/p>\n\n\n\n<p>Com uma f\u00e9 inabal\u00e1vel, sempre pensando em perseverar, lan\u00e7a com detalhes e muita personalidade uma cole\u00e7\u00e3o exclusiva de \u00f3culos para Andrea Nobrega.<\/p>\n\n\n\n<p>Ela equilibra com maestria o lado profissional e pessoal, sempre com eleg\u00e2ncia, coragem e f\u00e9 em seu prop\u00f3sito. O match perfeito!<\/p>\n\n\n\n<p><strong>Cr\u00e9dito das Fotos: Thiago Duran \/ Divulga\u00e7\u00e3o<\/strong><\/p>\n","protected":false},"excerpt":{"rendered":"<p>Nesta \u00faltima quarta-feira (07), a empres\u00e1ria e apresentadora&nbsp;Andr\u00e9a N\u00f3brega, realizou em uma conceituada galeria de&#8230;<\/p>\n","protected":false},"author":19,"featured_media":18544,"comment_status":"closed","ping_status":"open","sticky":false,"template":"","format":"standard","meta":{"om_disable_all_campaigns":false,"_monsterinsights_skip_tracking":false,"_monsterinsights_sitenote_active":false,"_monsterinsights_sitenote_note":"","_monsterinsights_sitenote_category":0,"spay_email":""},"categories":[1],"tags":[],"jetpack_featured_media_url":"https:\/\/vimagazine.com.br\/wp-content\/uploads\/2025\/05\/1000837640.jpg","_links":{"self":[{"href":"https:\/\/vimagazine.com.br\/index.php?rest_route=\/wp\/v2\/posts\/18539"}],"collection":[{"href":"https:\/\/vimagazine.com.br\/index.php?rest_route=\/wp\/v2\/posts"}],"about":[{"href":"https:\/\/vimagazine.com.br\/index.php?rest_route=\/wp\/v2\/types\/post"}],"author":[{"embeddable":true,"href":"https:\/\/vimagazine.com.br\/index.php?rest_route=\/wp\/v2\/users\/19"}],"replies":[{"embeddable":true,"href":"https:\/\/vimagazine.com.br\/index.php?rest_route=%2Fwp%2Fv2%2Fcomments&post=18539"}],"version-history":[{"count":2,"href":"https:\/\/vimagazine.com.br\/index.php?rest_route=\/wp\/v2\/posts\/18539\/revisions"}],"predecessor-version":[{"id":18546,"href":"https:\/\/vimagazine.com.br\/index.php?rest_route=\/wp\/v2\/posts\/18539\/revisions\/18546"}],"wp:featuredmedia":[{"embeddable":true,"href":"https:\/\/vimagazine.com.br\/index.php?rest_route=\/wp\/v2\/media\/18544"}],"wp:attachment":[{"href":"https:\/\/vimagazine.com.br\/index.php?rest_route=%2Fwp%2Fv2%2Fmedia&parent=18539"}],"wp:term":[{"taxonomy":"category","embeddable":true,"href":"https:\/\/vimagazine.com.br\/index.php?rest_route=%2Fwp%2Fv2%2Fcategories&post=18539"},{"taxonomy":"post_tag","embeddable":true,"href":"https:\/\/vimagazine.com.br\/index.php?rest_route=%2Fwp%2Fv2%2Ftags&post=18539"}],"curies":[{"name":"wp","href":"https:\/\/api.w.org\/{rel}","templated":true}]}}