{"id":18560,"date":"2025-05-13T18:55:09","date_gmt":"2025-05-13T21:55:09","guid":{"rendered":"https:\/\/vimagazine.com.br\/?p=18560"},"modified":"2025-05-13T18:55:10","modified_gmt":"2025-05-13T21:55:10","slug":"festa-junina-de-joinville-abre-inscricoes-para-concurso-de-quadrilhas-veja-como-participar-2","status":"publish","type":"post","link":"https:\/\/vimagazine.com.br\/?p=18560","title":{"rendered":"Festa Junina de Joinville abre inscri\u00e7\u00f5es para concurso de quadrilhas; veja como participar"},"content":{"rendered":"\n<figure class=\"wp-block-image size-large\"><img width=\"1024\" height=\"680\" src=\"https:\/\/vimagazine.com.br\/wp-content\/uploads\/2025\/05\/festa-junina-1-1024x680.jpg\" alt=\"\" class=\"wp-image-18561\" srcset=\"https:\/\/vimagazine.com.br\/wp-content\/uploads\/2025\/05\/festa-junina-1-1024x680.jpg 1024w, https:\/\/vimagazine.com.br\/wp-content\/uploads\/2025\/05\/festa-junina-1-300x199.jpg 300w, https:\/\/vimagazine.com.br\/wp-content\/uploads\/2025\/05\/festa-junina-1-768x510.jpg 768w, https:\/\/vimagazine.com.br\/wp-content\/uploads\/2025\/05\/festa-junina-1-1536x1020.jpg 1536w, https:\/\/vimagazine.com.br\/wp-content\/uploads\/2025\/05\/festa-junina-1.jpg 1600w\" sizes=\"(max-width: 1024px) 100vw, 1024px\" \/><\/figure>\n\n\n\n<p><\/p>\n\n\n\n<p><em>Evento acontece entre os dias 5 a 8 de junho e grupo vencedor levar\u00e1 pr\u00eamio em dinheiro<\/em><\/p>\n\n\n\n<p>A terceira edi\u00e7\u00e3o da Festa Junina de Joinville ser\u00e1 realizada de 5 a 8 de junho, na Pra\u00e7a da Bandeira e na Pra\u00e7a Dario Salles, no centro da cidade. Um dos destaques do evento ser\u00e1 o Concurso de Dan\u00e7a de Quadrilha, que est\u00e1 com inscri\u00e7\u00f5es abertas e oferecer\u00e1 R$ 5 mil em pr\u00eamio ao grupo vencedor.<\/p>\n\n\n\n<p>O concurso \u00e9 organizado pela TS Eventos e dividido em tr\u00eas categorias: Iniciantes, Profissionais e Melhor Idade (para participantes com 50 anos ou mais). Podem se inscrever grupos de quadrilha formados por integrantes a partir de 12 anos. No caso de menores de idade, \u00e9 obrigat\u00f3ria a apresenta\u00e7\u00e3o de autoriza\u00e7\u00e3o dos respons\u00e1veis legais.<\/p>\n\n\n\n<p>As inscri\u00e7\u00f5es s\u00e3o gratuitas e devem ser feitas at\u00e9 dia 20 de maio, mediante preenchimento de formul\u00e1rio eletr\u00f4nico fornecido pela organiza\u00e7\u00e3o. Os interessados podem solicitar o link e mais informa\u00e7\u00f5es pelo WhatsApp, no n\u00famero (47) 99934-6472.<\/p>\n\n\n\n<p>Al\u00e9m da competi\u00e7\u00e3o, a Festa Junina de Joinville contar\u00e1 com uma programa\u00e7\u00e3o recheada de atra\u00e7\u00f5es para toda a fam\u00edlia. Haver\u00e1 apresenta\u00e7\u00f5es de bandas com repert\u00f3rio t\u00edpico, dan\u00e7as folcl\u00f3ricas, barracas de comidas tradicionais, brincadeiras como pescaria, tiro ao alvo, touro mec\u00e2nico e outras atividades que resgatam o esp\u00edrito das festas juninas.<\/p>\n\n\n\n<p>A expectativa \u00e9 superar o p\u00fablico das edi\u00e7\u00f5es anteriores. \u201cEstamos muito animados para mais esta edi\u00e7\u00e3o. A Festa Junina \u00e9 um evento importante para nossa cidade, pois celebra nossas tradi\u00e7\u00f5es e promove a integra\u00e7\u00e3o da comunidade\u201d, afirma a organizadora Talita Silva.<\/p>\n\n\n\n<p>Na edi\u00e7\u00e3o anterior, a Quadrilha Junina Carcar\u00e1 do Sert\u00e3o, de Pomerode, foi a grande campe\u00e3 do concurso \u2014 sua primeira participa\u00e7\u00e3o em uma competi\u00e7\u00e3o no estado.<\/p>\n\n\n\n<p>A 3\u00aa Festa Junina de Joinville \u00e9 um projeto viabilizado com recursos do Sistema Municipal de Desenvolvimento pela Cultura (Simdec), com apoio da Prefeitura de Joinville.<\/p>\n\n\n\n<p>Agende-se<\/p>\n\n\n\n<p>Festa Junina de Joinville<\/p>\n\n\n\n<p>Quando: De 5 a 8 de junho<\/p>\n\n\n\n<p>Local: Pra\u00e7a D\u00e1rio Salles e Pra\u00e7a da Bandeira<\/p>\n\n\n\n<p>Mais informa\u00e7\u00f5es pelo Instagram @Festajunina_jlle<\/p>\n","protected":false},"excerpt":{"rendered":"<p>Evento acontece entre os dias 5 a 8 de junho e grupo vencedor levar\u00e1 pr\u00eamio&#8230;<\/p>\n","protected":false},"author":20,"featured_media":0,"comment_status":"closed","ping_status":"open","sticky":false,"template":"","format":"standard","meta":{"om_disable_all_campaigns":false,"_monsterinsights_skip_tracking":false,"_monsterinsights_sitenote_active":false,"_monsterinsights_sitenote_note":"","_monsterinsights_sitenote_category":0,"spay_email":""},"categories":[1],"tags":[],"jetpack_featured_media_url":"","_links":{"self":[{"href":"https:\/\/vimagazine.com.br\/index.php?rest_route=\/wp\/v2\/posts\/18560"}],"collection":[{"href":"https:\/\/vimagazine.com.br\/index.php?rest_route=\/wp\/v2\/posts"}],"about":[{"href":"https:\/\/vimagazine.com.br\/index.php?rest_route=\/wp\/v2\/types\/post"}],"author":[{"embeddable":true,"href":"https:\/\/vimagazine.com.br\/index.php?rest_route=\/wp\/v2\/users\/20"}],"replies":[{"embeddable":true,"href":"https:\/\/vimagazine.com.br\/index.php?rest_route=%2Fwp%2Fv2%2Fcomments&post=18560"}],"version-history":[{"count":1,"href":"https:\/\/vimagazine.com.br\/index.php?rest_route=\/wp\/v2\/posts\/18560\/revisions"}],"predecessor-version":[{"id":18562,"href":"https:\/\/vimagazine.com.br\/index.php?rest_route=\/wp\/v2\/posts\/18560\/revisions\/18562"}],"wp:attachment":[{"href":"https:\/\/vimagazine.com.br\/index.php?rest_route=%2Fwp%2Fv2%2Fmedia&parent=18560"}],"wp:term":[{"taxonomy":"category","embeddable":true,"href":"https:\/\/vimagazine.com.br\/index.php?rest_route=%2Fwp%2Fv2%2Fcategories&post=18560"},{"taxonomy":"post_tag","embeddable":true,"href":"https:\/\/vimagazine.com.br\/index.php?rest_route=%2Fwp%2Fv2%2Ftags&post=18560"}],"curies":[{"name":"wp","href":"https:\/\/api.w.org\/{rel}","templated":true}]}}