{"id":18563,"date":"2025-05-13T20:33:16","date_gmt":"2025-05-13T23:33:16","guid":{"rendered":"https:\/\/vimagazine.com.br\/?p=18563"},"modified":"2025-05-13T23:16:49","modified_gmt":"2025-05-14T02:16:49","slug":"inscricoes-abertas-para-o-premio-sebrae-mulher-de-negocios-2025","status":"publish","type":"post","link":"https:\/\/vimagazine.com.br\/?p=18563","title":{"rendered":"Inscri\u00e7\u00f5es abertas para o Pr\u00eamio Sebrae Mulher de Neg\u00f3cios 2025"},"content":{"rendered":"\n<figure class=\"wp-block-image size-large\"><img width=\"1024\" height=\"682\" src=\"https:\/\/vimagazine.com.br\/wp-content\/uploads\/2025\/05\/sebrae-delas-1024x682.jpg\" alt=\"\" class=\"wp-image-18564\" srcset=\"https:\/\/vimagazine.com.br\/wp-content\/uploads\/2025\/05\/sebrae-delas-1024x682.jpg 1024w, https:\/\/vimagazine.com.br\/wp-content\/uploads\/2025\/05\/sebrae-delas-300x200.jpg 300w, https:\/\/vimagazine.com.br\/wp-content\/uploads\/2025\/05\/sebrae-delas-768x512.jpg 768w, https:\/\/vimagazine.com.br\/wp-content\/uploads\/2025\/05\/sebrae-delas.jpg 1280w\" sizes=\"(max-width: 1024px) 100vw, 1024px\" \/><\/figure>\n\n\n\n<p><em>Empreendedoras catarinenses estiveram entre as finalistas nacionais na \u00faltima edi\u00e7\u00e3o; interessadas podem se inscrever at\u00e9 15 de junho<\/em><\/p>\n\n\n\n<p>Est\u00e3o abertas as inscri\u00e7\u00f5es para a edi\u00e7\u00e3o 2025 do Pr\u00eamio Sebrae Mulher de Neg\u00f3cios (PSMN), iniciativa que reconhece e valoriza o protagonismo feminino no empreendedorismo brasileiro. Mulheres com mais de 18 anos, \u00e0 frente de neg\u00f3cios formalizados at\u00e9 janeiro de 2024, podem se inscrever gratuitamente at\u00e9 15 de junho, pelo site: <a href=\"http:\/\/sebrae.sc\/psmn25.\" title=\"sebrae.sc\/psmn25.\">sebrae.sc\/psmn25.<\/a><\/p>\n\n\n\n<p>Na edi\u00e7\u00e3o anterior, duas catarinenses se destacaram e chegaram \u00e0 etapa nacional da premia\u00e7\u00e3o: Sabrina Aroucha, da Cl\u00ednica de Atendimento Integral \u00e0 Crian\u00e7a, de Florian\u00f3polis, finalista na categoria Pequenos Neg\u00f3cios, e Daniela Ziener Viek, da Youbrand.Company, de Itaja\u00ed, classificada na categoria Neg\u00f3cios Internacionais.<\/p>\n\n\n\n<p>O pr\u00eamio abrange as categorias Pequenos Neg\u00f3cios, MEI, Produtora Rural, Ci\u00eancia e Tecnologia e Neg\u00f3cios Internacionais.<\/p>\n\n\n\n<p>Sobre a premia\u00e7\u00e3o<\/p>\n\n\n\n<p>A premia\u00e7\u00e3o ocorre em tr\u00eas etapas: estadual, regional (eliminat\u00f3ria) e nacional. As 35 finalistas da edi\u00e7\u00e3o 2025 participar\u00e3o de uma miss\u00e3o t\u00e9cnica, com despesas de deslocamento e estadia custeadas pelo Sebrae. As tr\u00eas primeiras colocadas de cada categoria receber\u00e3o pr\u00eamios de 30 mil (primeiro lugar), 20 mil (segundo lugar) e&nbsp; R$ 10 mil (terceiro lugar), al\u00e9m de mentoria on-line (apenas para as primeiras colocadas de cada categoria) e capacita\u00e7\u00e3o do Empretec.<\/p>\n\n\n\n<p>As vencedoras nacionais ser\u00e3o conhecidas durante o Delas Summit 2025, o maior evento de empreendedorismo feminino do sul do Brasil, que ser\u00e1 realizado nos dias 30 e 31 de outubro, no CentroSul, em Florian\u00f3polis. O encontro re\u00fane mulheres de todas as regi\u00f5es do pa\u00eds para dois dias de imers\u00e3o em temas como inova\u00e7\u00e3o, lideran\u00e7a e desenvolvimento de neg\u00f3cios, com uma programa\u00e7\u00e3o intensa de pain\u00e9is, networking e palestras com grandes nomes do mercado. Em 2024, o evento reuniu 4,5 mil participantes presenciais e mais de 25 mil inscritas na vers\u00e3o online. A cerim\u00f4nia de premia\u00e7\u00e3o do PSMN \u00e9 um dos grandes destaques da programa\u00e7\u00e3o.<\/p>\n\n\n\n<p>\u201cSanta Catarina tem se consolidado como refer\u00eancia nacional no est\u00edmulo ao empreendedorismo feminino. O Pr\u00eamio Sebrae Mulher de Neg\u00f3cios \u00e9 uma oportunidade valiosa de dar visibilidade e reconhecimento \u00e0s trajet\u00f3rias inspiradoras de empres\u00e1rias catarinenses\u201d, destaca Marina Barbieri, coordenadora do Sebrae Delas\/SC.<\/p>\n","protected":false},"excerpt":{"rendered":"<p>Empreendedoras catarinenses estiveram entre as finalistas nacionais na \u00faltima edi\u00e7\u00e3o; interessadas podem se inscrever at\u00e9&#8230;<\/p>\n","protected":false},"author":20,"featured_media":0,"comment_status":"closed","ping_status":"open","sticky":false,"template":"","format":"standard","meta":{"om_disable_all_campaigns":false,"_monsterinsights_skip_tracking":false,"_monsterinsights_sitenote_active":false,"_monsterinsights_sitenote_note":"","_monsterinsights_sitenote_category":0,"spay_email":""},"categories":[1],"tags":[],"jetpack_featured_media_url":"","_links":{"self":[{"href":"https:\/\/vimagazine.com.br\/index.php?rest_route=\/wp\/v2\/posts\/18563"}],"collection":[{"href":"https:\/\/vimagazine.com.br\/index.php?rest_route=\/wp\/v2\/posts"}],"about":[{"href":"https:\/\/vimagazine.com.br\/index.php?rest_route=\/wp\/v2\/types\/post"}],"author":[{"embeddable":true,"href":"https:\/\/vimagazine.com.br\/index.php?rest_route=\/wp\/v2\/users\/20"}],"replies":[{"embeddable":true,"href":"https:\/\/vimagazine.com.br\/index.php?rest_route=%2Fwp%2Fv2%2Fcomments&post=18563"}],"version-history":[{"count":2,"href":"https:\/\/vimagazine.com.br\/index.php?rest_route=\/wp\/v2\/posts\/18563\/revisions"}],"predecessor-version":[{"id":18566,"href":"https:\/\/vimagazine.com.br\/index.php?rest_route=\/wp\/v2\/posts\/18563\/revisions\/18566"}],"wp:attachment":[{"href":"https:\/\/vimagazine.com.br\/index.php?rest_route=%2Fwp%2Fv2%2Fmedia&parent=18563"}],"wp:term":[{"taxonomy":"category","embeddable":true,"href":"https:\/\/vimagazine.com.br\/index.php?rest_route=%2Fwp%2Fv2%2Fcategories&post=18563"},{"taxonomy":"post_tag","embeddable":true,"href":"https:\/\/vimagazine.com.br\/index.php?rest_route=%2Fwp%2Fv2%2Ftags&post=18563"}],"curies":[{"name":"wp","href":"https:\/\/api.w.org\/{rel}","templated":true}]}}