{"id":18597,"date":"2025-05-16T17:16:32","date_gmt":"2025-05-16T20:16:32","guid":{"rendered":"https:\/\/vimagazine.com.br\/?p=18597"},"modified":"2025-05-16T22:29:36","modified_gmt":"2025-05-17T01:29:36","slug":"luciane-sippert-participa-da-obra-literaria-o-poder-das-conexoes-femininas-com-lancamento-mundial-ao-vivo-e-virtual","status":"publish","type":"post","link":"https:\/\/vimagazine.com.br\/?p=18597","title":{"rendered":"Luciane Sippert participa da obra liter\u00e1ria &#8220;O Poder das Conex\u00f5es Femininas&#8221; com lan\u00e7amento mundial ao vivo e virtual"},"content":{"rendered":"\n<figure class=\"wp-block-image aligncenter size-large is-resized\"><img src=\"https:\/\/vimagazine.com.br\/wp-content\/uploads\/2025\/05\/WhatsApp-Image-2025-05-15-at-16.57.22-1-1024x1024.jpeg\" alt=\"\" class=\"wp-image-18598\" width=\"544\" height=\"544\" srcset=\"https:\/\/vimagazine.com.br\/wp-content\/uploads\/2025\/05\/WhatsApp-Image-2025-05-15-at-16.57.22-1-1024x1024.jpeg 1024w, https:\/\/vimagazine.com.br\/wp-content\/uploads\/2025\/05\/WhatsApp-Image-2025-05-15-at-16.57.22-1-300x300.jpeg 300w, https:\/\/vimagazine.com.br\/wp-content\/uploads\/2025\/05\/WhatsApp-Image-2025-05-15-at-16.57.22-1-150x150.jpeg 150w, https:\/\/vimagazine.com.br\/wp-content\/uploads\/2025\/05\/WhatsApp-Image-2025-05-15-at-16.57.22-1-768x768.jpeg 768w, https:\/\/vimagazine.com.br\/wp-content\/uploads\/2025\/05\/WhatsApp-Image-2025-05-15-at-16.57.22-1.jpeg 1080w\" sizes=\"(max-width: 544px) 100vw, 544px\" \/><\/figure>\n\n\n\n<p><strong>Dra. Luciane Sippert , Palestrante e&nbsp;Mentora de Mulheres<\/strong> \u00e9 uma das coautoras da obra liter\u00e1ria O Poder das Conex\u00f5es Femininas.&nbsp;<\/p>\n\n\n\n<p>O Poder das Conex\u00f5es Femininas re\u00fane 26 mulheres inspiradoras, cada uma trazendo sua trajet\u00f3ria de supera\u00e7\u00e3o, coragem, lideran\u00e7a e transforma\u00e7\u00e3o. Hist\u00f3rias reais, potentes e cheias de prop\u00f3sito!&nbsp;<\/p>\n\n\n\n<p>Nos dias&nbsp;<strong>7 e 8 de junho de 2025<\/strong>, das&nbsp;<strong>17h \u00e0s 20h30<\/strong>, acontecer\u00e1 o&nbsp;<strong>lan\u00e7amento on-line<\/strong>&nbsp;da obra coletiva&nbsp;<em>&#8220;O Poder das Conex\u00f5es Femininas&#8221;<\/em>, reunindo mulheres inspiradoras que transformaram suas viv\u00eancias em cap\u00edtulos de coragem, sabedoria e prop\u00f3sito.&nbsp;<\/p>\n\n\n\n<p>Durante esse ciclo de palestras, voc\u00ea conhecer\u00e1 as hist\u00f3rias de autoras que, como verdadeiras tecel\u00e3s da alma, entrela\u00e7aram desafios e supera\u00e7\u00f5es com amor, lideran\u00e7a e autenticidade. Cada cap\u00edtulo \u00e9 um elo poderoso de conex\u00e3o com o feminino que constr\u00f3i, cura e impulsiona outras mulheres.&nbsp;<\/p>\n\n\n\n<p><em>&#8220;O Poder das Conex\u00f5es Femininas&#8221;<\/em>&nbsp;\u00e9 mais que um livro \u2014 \u00e9 uma rede viva de hist\u00f3rias que nos lembram da for\u00e7a que nasce quando nos conectamos com nossa ess\u00eancia e com outras mulheres em suas jornadas.&nbsp;<\/p>\n\n\n\n<p><strong>Reserve esses dois dias para se conectar com hist\u00f3rias transformadoras!<\/strong><br>Chegue no in\u00edcio de cada dia para garantir seu lugar nas &#8220;melhores cadeiras virtuais&#8221;, se posicionar \u00e0 frente e se abrir para insights que poder\u00e3o marcar a sua trajet\u00f3ria!&nbsp;<\/p>\n\n\n\n<p><strong>Inscreva-se agora gratuitamente nesta p\u00e1gina.<\/strong>&nbsp;Ap\u00f3s concluir sua inscri\u00e7\u00e3o, adicionaremos voc\u00ea ao&nbsp;<strong>grupo exclusivo de WhatsApp<\/strong>&nbsp;dos participantes.&nbsp;<\/p>\n\n\n\n<p><strong>Segue o link de inscri\u00e7\u00e3o:<\/strong><\/p>\n\n\n\n<p><a href=\"https:\/\/www.sympla.com.br\/evento-online\/ciclo-de-palestras-do-lanCamento-online-do-livro-o-poder-das-conexOes-femininas\/2949112\">https:\/\/www.sympla.com.br\/evento-online\/ciclo-de-palestras-do-lanCamento-online-do-livro-o-poder-das-conexOes-femininas\/2949112<\/a><\/p>\n\n\n\n<p>L\u00e1 voc\u00ea receber\u00e1 informa\u00e7\u00f5es importantes, incluindo o&nbsp;<strong>link personalizado da sala do Google Meet<\/strong>.&nbsp;<\/p>\n\n\n\n<p><strong>Local do Evento:<\/strong>&nbsp;On-line via Google Meet&nbsp;<br><strong>Datas:<\/strong>&nbsp;7 e 8 de junho de 2025&nbsp;<br><strong>Hor\u00e1rio:<\/strong>&nbsp;das 17h \u00e0s 20h30&nbsp;<br>Link de acesso enviado somente para os inscritos via WhatsApp&nbsp;<\/p>\n\n\n\n<p><strong>Participe do nosso Lan\u00e7amento Online gratuito nos dias 7 e 8 de junho, das 17h \u00e0s 20h30!<\/strong><\/p>\n\n\n\n<p><strong>Voc\u00ea \u00e9 convidado para um ciclo especial de palestras e talks inspiradores com as coautoras da obra.<\/strong><\/p>\n\n\n\n<p>Servi\u00e7o: \ud83c\udf89 <strong>LAN\u00c7AMENTO ONLINE | O PODER DAS CONEX\u00d5ES FEMININAS<\/strong><br>\ud83d\udcd8 Coautoria: <em>Dra. Luciane Sippert | Palestrante | Mentora de Mulheres<\/em><\/p>\n\n\n\n<p>\ud83d\udcc5 <strong>Datas:<\/strong> 7 e 8 de junho de 2025&nbsp;<br>\ud83d\udd54 <strong>Hor\u00e1rio:<\/strong> Das 17h \u00e0s 20h30&nbsp;<br>\ud83d\udccd <strong>Local:<\/strong> Evento online via Google Meet&nbsp;<br>\ud83d\udd17 <strong>Link de acesso:<\/strong> Enviado exclusivamente por <strong>WhatsApp aos inscritos<\/strong><\/p>\n\n\n\n<p>\ud83d\udcf2 <strong>Inscreva-se gratuitamente<\/strong> e entre para o grupo exclusivo de participantes no WhatsApp:&nbsp;<\/p>\n","protected":false},"excerpt":{"rendered":"<p>Dra. Luciane Sippert , Palestrante e&nbsp;Mentora de Mulheres \u00e9 uma das coautoras da obra liter\u00e1ria&#8230;<\/p>\n","protected":false},"author":19,"featured_media":18602,"comment_status":"closed","ping_status":"open","sticky":false,"template":"","format":"standard","meta":{"om_disable_all_campaigns":false,"_monsterinsights_skip_tracking":false,"_monsterinsights_sitenote_active":false,"_monsterinsights_sitenote_note":"","_monsterinsights_sitenote_category":0,"spay_email":""},"categories":[1],"tags":[],"jetpack_featured_media_url":"https:\/\/vimagazine.com.br\/wp-content\/uploads\/2025\/05\/Captura-de-tela-2025-05-16-222829.jpg","_links":{"self":[{"href":"https:\/\/vimagazine.com.br\/index.php?rest_route=\/wp\/v2\/posts\/18597"}],"collection":[{"href":"https:\/\/vimagazine.com.br\/index.php?rest_route=\/wp\/v2\/posts"}],"about":[{"href":"https:\/\/vimagazine.com.br\/index.php?rest_route=\/wp\/v2\/types\/post"}],"author":[{"embeddable":true,"href":"https:\/\/vimagazine.com.br\/index.php?rest_route=\/wp\/v2\/users\/19"}],"replies":[{"embeddable":true,"href":"https:\/\/vimagazine.com.br\/index.php?rest_route=%2Fwp%2Fv2%2Fcomments&post=18597"}],"version-history":[{"count":2,"href":"https:\/\/vimagazine.com.br\/index.php?rest_route=\/wp\/v2\/posts\/18597\/revisions"}],"predecessor-version":[{"id":18603,"href":"https:\/\/vimagazine.com.br\/index.php?rest_route=\/wp\/v2\/posts\/18597\/revisions\/18603"}],"wp:featuredmedia":[{"embeddable":true,"href":"https:\/\/vimagazine.com.br\/index.php?rest_route=\/wp\/v2\/media\/18602"}],"wp:attachment":[{"href":"https:\/\/vimagazine.com.br\/index.php?rest_route=%2Fwp%2Fv2%2Fmedia&parent=18597"}],"wp:term":[{"taxonomy":"category","embeddable":true,"href":"https:\/\/vimagazine.com.br\/index.php?rest_route=%2Fwp%2Fv2%2Fcategories&post=18597"},{"taxonomy":"post_tag","embeddable":true,"href":"https:\/\/vimagazine.com.br\/index.php?rest_route=%2Fwp%2Fv2%2Ftags&post=18597"}],"curies":[{"name":"wp","href":"https:\/\/api.w.org\/{rel}","templated":true}]}}