{"id":18607,"date":"2025-05-19T20:34:21","date_gmt":"2025-05-19T23:34:21","guid":{"rendered":"https:\/\/vimagazine.com.br\/?p=18607"},"modified":"2025-05-19T20:34:22","modified_gmt":"2025-05-19T23:34:22","slug":"ricardinho-grava-seu-primeiro-dvd-solo-e-celebra-nova-fase-da-carreira-ao-lado-de-grandes-nomes-do-pagode","status":"publish","type":"post","link":"https:\/\/vimagazine.com.br\/?p=18607","title":{"rendered":"Ricardinho grava seu primeiro DVD solo e celebra nova fase da carreira ao lado de grandes nomes do pagode"},"content":{"rendered":"\n<p><br><\/p>\n\n\n\n<p>Marcando seu retorno aos palcos em grande estilo, o cantor <strong>Ricardinho<\/strong> \u2014 conhecido por sua trajet\u00f3ria de sucesso como integrante do grupo <strong>Art Popular<\/strong>, um dos \u00edcones do pagode nos anos 90 \u2014 inicia um novo cap\u00edtulo em sua carreira com a grava\u00e7\u00e3o de seu primeiro DVD solo.<\/p>\n\n\n\n<p>Intitulado <strong>\u201cUm Lugar Lindo\u201d<\/strong>, o projeto simboliza n\u00e3o apenas a retomada de sua presen\u00e7a nos palcos, mas tamb\u00e9m uma fase de renova\u00e7\u00e3o art\u00edstica, com novos objetivos e foco no crescimento profissional.<\/p>\n\n\n\n<p>A grava\u00e7\u00e3o acontece no dia <strong>22 de maio<\/strong>, em <strong>Guarulhos<\/strong>, na Grande S\u00e3o Paulo, e promete ser um espet\u00e1culo memor\u00e1vel. Para celebrar esse momento especial, Ricardinho contar\u00e1 com a participa\u00e7\u00e3o de grandes nomes do cen\u00e1rio musical, como <strong>Gaah<\/strong>, o grupo <strong>Doce Encontro<\/strong>, al\u00e9m dos seus ex-companheiros do <strong>Art Popular<\/strong>. O evento tamb\u00e9m reserva <strong>atra\u00e7\u00f5es-surpresa<\/strong>, que prometem emocionar o p\u00fablico e tornar a noite ainda mais inesquec\u00edvel.<br><br><\/p>\n\n\n\n<figure class=\"wp-container-2 wp-block-gallery-1 wp-block-gallery has-nested-images columns-default is-cropped\">\n<figure class=\"wp-block-image size-large\"><img width=\"1080\" height=\"1350\" data-id=\"18609\"  src=\"https:\/\/vimagazine.com.br\/wp-content\/uploads\/2025\/05\/01_internet.jpg\" alt=\"\" class=\"wp-image-18609\" srcset=\"https:\/\/vimagazine.com.br\/wp-content\/uploads\/2025\/05\/01_internet.jpg 1080w, https:\/\/vimagazine.com.br\/wp-content\/uploads\/2025\/05\/01_internet-240x300.jpg 240w, https:\/\/vimagazine.com.br\/wp-content\/uploads\/2025\/05\/01_internet-819x1024.jpg 819w, https:\/\/vimagazine.com.br\/wp-content\/uploads\/2025\/05\/01_internet-768x960.jpg 768w, https:\/\/vimagazine.com.br\/wp-content\/uploads\/2025\/05\/01_internet-1024x1280.jpg 1024w\" sizes=\"(max-width: 1080px) 100vw, 1080px\" \/><\/figure>\n\n\n\n<figure class=\"wp-block-image size-large\"><img width=\"1080\" height=\"1350\" data-id=\"18610\"  src=\"https:\/\/vimagazine.com.br\/wp-content\/uploads\/2025\/05\/07_internet.jpg\" alt=\"\" class=\"wp-image-18610\" srcset=\"https:\/\/vimagazine.com.br\/wp-content\/uploads\/2025\/05\/07_internet.jpg 1080w, https:\/\/vimagazine.com.br\/wp-content\/uploads\/2025\/05\/07_internet-240x300.jpg 240w, https:\/\/vimagazine.com.br\/wp-content\/uploads\/2025\/05\/07_internet-819x1024.jpg 819w, https:\/\/vimagazine.com.br\/wp-content\/uploads\/2025\/05\/07_internet-768x960.jpg 768w, https:\/\/vimagazine.com.br\/wp-content\/uploads\/2025\/05\/07_internet-1024x1280.jpg 1024w\" sizes=\"(max-width: 1080px) 100vw, 1080px\" \/><\/figure>\n<\/figure>\n","protected":false},"excerpt":{"rendered":"<p>Marcando seu retorno aos palcos em grande estilo, o cantor Ricardinho \u2014 conhecido por sua&#8230;<\/p>\n","protected":false},"author":1,"featured_media":18608,"comment_status":"closed","ping_status":"open","sticky":false,"template":"","format":"standard","meta":{"om_disable_all_campaigns":false,"_monsterinsights_skip_tracking":false,"_monsterinsights_sitenote_active":false,"_monsterinsights_sitenote_note":"","_monsterinsights_sitenote_category":0,"spay_email":""},"categories":[1],"tags":[],"jetpack_featured_media_url":"https:\/\/vimagazine.com.br\/wp-content\/uploads\/2025\/05\/03.jpg","_links":{"self":[{"href":"https:\/\/vimagazine.com.br\/index.php?rest_route=\/wp\/v2\/posts\/18607"}],"collection":[{"href":"https:\/\/vimagazine.com.br\/index.php?rest_route=\/wp\/v2\/posts"}],"about":[{"href":"https:\/\/vimagazine.com.br\/index.php?rest_route=\/wp\/v2\/types\/post"}],"author":[{"embeddable":true,"href":"https:\/\/vimagazine.com.br\/index.php?rest_route=\/wp\/v2\/users\/1"}],"replies":[{"embeddable":true,"href":"https:\/\/vimagazine.com.br\/index.php?rest_route=%2Fwp%2Fv2%2Fcomments&post=18607"}],"version-history":[{"count":1,"href":"https:\/\/vimagazine.com.br\/index.php?rest_route=\/wp\/v2\/posts\/18607\/revisions"}],"predecessor-version":[{"id":18611,"href":"https:\/\/vimagazine.com.br\/index.php?rest_route=\/wp\/v2\/posts\/18607\/revisions\/18611"}],"wp:featuredmedia":[{"embeddable":true,"href":"https:\/\/vimagazine.com.br\/index.php?rest_route=\/wp\/v2\/media\/18608"}],"wp:attachment":[{"href":"https:\/\/vimagazine.com.br\/index.php?rest_route=%2Fwp%2Fv2%2Fmedia&parent=18607"}],"wp:term":[{"taxonomy":"category","embeddable":true,"href":"https:\/\/vimagazine.com.br\/index.php?rest_route=%2Fwp%2Fv2%2Fcategories&post=18607"},{"taxonomy":"post_tag","embeddable":true,"href":"https:\/\/vimagazine.com.br\/index.php?rest_route=%2Fwp%2Fv2%2Ftags&post=18607"}],"curies":[{"name":"wp","href":"https:\/\/api.w.org\/{rel}","templated":true}]}}