{"id":18612,"date":"2025-05-19T22:06:37","date_gmt":"2025-05-20T01:06:37","guid":{"rendered":"https:\/\/vimagazine.com.br\/?p=18612"},"modified":"2025-05-19T22:13:33","modified_gmt":"2025-05-20T01:13:33","slug":"astrada-buenos-aires-tango-pela-primeira-vez-no-brasil","status":"publish","type":"post","link":"https:\/\/vimagazine.com.br\/?p=18612","title":{"rendered":"Astrada Buenos Aires Tango\u00a0pela primeira vez no Brasil"},"content":{"rendered":"\n<p class=\"has-medium-font-size\"><br><br><strong>Joinville recebe o campe\u00e3o mundial de tango Ricardo Astrada e&nbsp;Constanza Vieyto, dia 27 de junho no Joinville Square Garden&nbsp;<\/strong><br><br><br>Ricardo Astrada, mais recente Campe\u00e3o Mundial de Tango de Palco, t\u00edtulo que obteve com sua parceira de dan\u00e7a, a excelente dan\u00e7arina Constanza Vieyto, na \u00faltima competi\u00e7\u00e3o &#8220;Tango BA Mundial 2022&#8221;, na Cidade Aut\u00f4noma de Buenos Aires, realiza tour de seu novo&nbsp;show no Brasil em junho e julho de 2025.&nbsp;<\/p>\n\n\n\n<p>Um espet\u00e1culo grandioso, com bailarinos, m\u00fasicos e cantores, que promete toda energia e vigor de um dos ritmos mais populares do mundo. Astrada Buenos Aires Tango tem grandes cl\u00e1ssicos do g\u00eanero e bailarinos espetaculares, que prometem arrematar o&nbsp;p\u00fablico, al\u00e9m da presen\u00e7a de Astrada e sua parceira de dan\u00e7a Constanza Vieyto.&nbsp;<\/p>\n\n\n\n<p>Com uma longa carreira nos palcos da Argentina e do mundo, Astrada, aos 7 anos, foi matriculado, por sua m\u00e3e, em uma escola de dan\u00e7a folcl\u00f3rica, em sua cidade natal,&nbsp;Pergamino. Depois, estudou dan\u00e7a jazz, \u00e1rabe e outros ritmos caribenhos.&nbsp;<\/p>\n\n\n\n<p>Ricardo Astrada obteve v\u00e1rios t\u00edtulos em sua juventude, que foram conquistados ao longo de sua prol\u00edfica carreira, como ser o Vencedor dos Torneios Juvenis de Buenos Aires de 95&#8242; a 97&#8242; e ser Campe\u00e3o e Revela\u00e7\u00e3o de Cosqu\u00edn em 2001. Tamb\u00e9m nessa \u00e9poca, participou de shows estrelados por Rub\u00e9n Ju\u00e1rez, Jorge Sobral, Juanjo Dom\u00ednguez, Mar\u00eda Gra\u00f1a, Virginia Luque, Oscar Bassil e o Quinteto Pirincho. Uma p\u00e9rola em sua vasta&nbsp;carreira \u00e9 ter sido professor de dan\u00e7a da cantora&nbsp;<em>Kylie Minogue.&nbsp;<\/em><\/p>\n\n\n\n<p>Al\u00e9m disso, Astrada atua com diversas companhias, com as quais visitou mais de 70 pa\u00edses, como &#8220;Solo Tango, El Show&#8221;, &#8220;Forever Tango&#8221;, &#8220;Pasiones Argentinas&#8221;, &#8220;Tango a Tierra&#8221;, &#8220;Tango Metr\u00f3polis&#8221;, &#8220;Divino Tango&#8221;, &#8220;Al\u00e9m do Tango&#8221; e &#8220;Tango&#8221; com Andrea Ghidone. Tamb\u00e9m se apresentou em v\u00e1rios pa\u00edses da Am\u00e9rica, Europa e \u00c1sia e foi nomeado Diretor Geral da &#8220;Tango Art Albania&#8221;. Na Argentina, participa de diversas casas de tango com jantares-show como Esquina Carlos Gardel, El Viejo Almac\u00e9n, Caf\u00e9 de los<\/p>\n\n\n\n<p>Angelitos e h\u00e1 v\u00e1rios anos \u00e9 protagonista e integrante do staff do &#8220;Rojo Tango&#8221;, a exclusiva&nbsp;proposta art\u00edstica do Hotel Faena de Puerto Madero.&nbsp;<\/p>\n\n\n\n<p>Ricardo Astrada participou de diversos filmes e curtas, como &#8220;Alma de Tango&#8221; em 2011, &#8220;Ferm\u00edn, gloria del Tango&#8221; em 2015 e participou de videoclipe do cantor espanhol Ismael Serrano. Outra p\u00e9rola da sua carreira, neste caso em 2017, foi quando o Syndago alban\u00eas&nbsp;lhe deu as chaves da cidade pela sua atua\u00e7\u00e3o e hist\u00f3ria como bailarino.&nbsp;<\/p>\n\n\n\n<p>O show re\u00fane alguns dos principais dan\u00e7arinos de tango da atualidade, que, somados a Astrada e Vieyto, totalizam oito pessoas no espet\u00e1culo, al\u00e9m de cinco m\u00fasicos, que formam uma t\u00edpica do g\u00eanero tango, com instrumentos e sonoridades caracter\u00edsticas, interpretando grandes cl\u00e1ssicos como &#8220;Por una cabeza&#8221;, &#8220;Mano a mano&#8221;, &#8220;Mi Buenos Aires&nbsp;Querida&#8221; de nomes como Carlos Gardel, Alfredo Le Pera e outros grandes compositores.&nbsp;<\/p>\n\n\n\n<p>A apresenta\u00e7\u00e3o acontecer\u00e1 dia 27 de junho, sexta-feira, no Joinville Square Garden. Al\u00e9m do casal campe\u00e3o mundial de tango Ricardo Astrada e Constanza Vieyto, o espet\u00e1culo re\u00fane tamb\u00e9m bailarinos, m\u00fasicos e cantores, que juntos trazem todo vigor e beleza do&nbsp;g\u00eanero argentino, um grande sucesso internacional.&nbsp;<\/p>\n\n\n\n<p>O evento conta com realiza\u00e7\u00e3o de Branco Produ\u00e7\u00f5es, Albertina Tuma, Joinville Square Garden e Minist\u00e9rio da Cultura \/ Governo Federal e conta com patroc\u00ednio da empresa&nbsp;Ciser.&nbsp;<\/p>\n\n\n\n<p><\/p>\n\n\n\n<figure class=\"wp-container-2 wp-block-gallery-1 wp-block-gallery has-nested-images columns-2 is-cropped\">\n<figure class=\"wp-block-image size-large\"><img width=\"1280\" height=\"1920\" data-id=\"18613\"  src=\"https:\/\/vimagazine.com.br\/wp-content\/uploads\/2025\/05\/Ricardo-Astrada-e-Constanza-Vieyto-5-AB-Produciones.jpg\" alt=\"\" class=\"wp-image-18613\" srcset=\"https:\/\/vimagazine.com.br\/wp-content\/uploads\/2025\/05\/Ricardo-Astrada-e-Constanza-Vieyto-5-AB-Produciones.jpg 1280w, https:\/\/vimagazine.com.br\/wp-content\/uploads\/2025\/05\/Ricardo-Astrada-e-Constanza-Vieyto-5-AB-Produciones-200x300.jpg 200w, https:\/\/vimagazine.com.br\/wp-content\/uploads\/2025\/05\/Ricardo-Astrada-e-Constanza-Vieyto-5-AB-Produciones-683x1024.jpg 683w, https:\/\/vimagazine.com.br\/wp-content\/uploads\/2025\/05\/Ricardo-Astrada-e-Constanza-Vieyto-5-AB-Produciones-768x1152.jpg 768w, https:\/\/vimagazine.com.br\/wp-content\/uploads\/2025\/05\/Ricardo-Astrada-e-Constanza-Vieyto-5-AB-Produciones-1024x1536.jpg 1024w\" sizes=\"(max-width: 1280px) 100vw, 1280px\" \/><\/figure>\n\n\n\n<figure class=\"wp-block-image size-large\"><img width=\"1280\" height=\"1920\" data-id=\"18614\"  src=\"https:\/\/vimagazine.com.br\/wp-content\/uploads\/2025\/05\/Ricardo-Astrada-e-Constanza-Vieyto-7-AB-Produciones.jpg\" alt=\"\" class=\"wp-image-18614\" srcset=\"https:\/\/vimagazine.com.br\/wp-content\/uploads\/2025\/05\/Ricardo-Astrada-e-Constanza-Vieyto-7-AB-Produciones.jpg 1280w, https:\/\/vimagazine.com.br\/wp-content\/uploads\/2025\/05\/Ricardo-Astrada-e-Constanza-Vieyto-7-AB-Produciones-200x300.jpg 200w, https:\/\/vimagazine.com.br\/wp-content\/uploads\/2025\/05\/Ricardo-Astrada-e-Constanza-Vieyto-7-AB-Produciones-683x1024.jpg 683w, https:\/\/vimagazine.com.br\/wp-content\/uploads\/2025\/05\/Ricardo-Astrada-e-Constanza-Vieyto-7-AB-Produciones-768x1152.jpg 768w, https:\/\/vimagazine.com.br\/wp-content\/uploads\/2025\/05\/Ricardo-Astrada-e-Constanza-Vieyto-7-AB-Produciones-1024x1536.jpg 1024w\" sizes=\"(max-width: 1280px) 100vw, 1280px\" \/><\/figure>\n\n\n\n<figure class=\"wp-block-image size-large\"><img width=\"1280\" height=\"968\" data-id=\"18615\"  src=\"https:\/\/vimagazine.com.br\/wp-content\/uploads\/2025\/05\/Ricardo-Astrada-e-Constanza-Vieyto-6-AB-Produciones.jpg\" alt=\"\" class=\"wp-image-18615\" srcset=\"https:\/\/vimagazine.com.br\/wp-content\/uploads\/2025\/05\/Ricardo-Astrada-e-Constanza-Vieyto-6-AB-Produciones.jpg 1280w, https:\/\/vimagazine.com.br\/wp-content\/uploads\/2025\/05\/Ricardo-Astrada-e-Constanza-Vieyto-6-AB-Produciones-300x227.jpg 300w, https:\/\/vimagazine.com.br\/wp-content\/uploads\/2025\/05\/Ricardo-Astrada-e-Constanza-Vieyto-6-AB-Produciones-1024x774.jpg 1024w, https:\/\/vimagazine.com.br\/wp-content\/uploads\/2025\/05\/Ricardo-Astrada-e-Constanza-Vieyto-6-AB-Produciones-768x581.jpg 768w\" sizes=\"(max-width: 1280px) 100vw, 1280px\" \/><\/figure>\n\n\n\n<figure class=\"wp-block-image size-large\"><img width=\"950\" height=\"1280\" data-id=\"18616\"  src=\"https:\/\/vimagazine.com.br\/wp-content\/uploads\/2025\/05\/Ricardo-Astrada-e-Constanza-Vieyto-4-AB-Produciones.jpg\" alt=\"\" class=\"wp-image-18616\" srcset=\"https:\/\/vimagazine.com.br\/wp-content\/uploads\/2025\/05\/Ricardo-Astrada-e-Constanza-Vieyto-4-AB-Produciones.jpg 950w, https:\/\/vimagazine.com.br\/wp-content\/uploads\/2025\/05\/Ricardo-Astrada-e-Constanza-Vieyto-4-AB-Produciones-223x300.jpg 223w, https:\/\/vimagazine.com.br\/wp-content\/uploads\/2025\/05\/Ricardo-Astrada-e-Constanza-Vieyto-4-AB-Produciones-760x1024.jpg 760w, https:\/\/vimagazine.com.br\/wp-content\/uploads\/2025\/05\/Ricardo-Astrada-e-Constanza-Vieyto-4-AB-Produciones-768x1035.jpg 768w\" sizes=\"(max-width: 950px) 100vw, 950px\" \/><\/figure>\n\n\n\n<figure class=\"wp-block-image size-large\"><img width=\"969\" height=\"1280\" data-id=\"18617\"  src=\"https:\/\/vimagazine.com.br\/wp-content\/uploads\/2025\/05\/Ricardo-Astrada-e-Constanza-Vieyto-3-AB-Produciones.jpg\" alt=\"\" class=\"wp-image-18617\" srcset=\"https:\/\/vimagazine.com.br\/wp-content\/uploads\/2025\/05\/Ricardo-Astrada-e-Constanza-Vieyto-3-AB-Produciones.jpg 969w, https:\/\/vimagazine.com.br\/wp-content\/uploads\/2025\/05\/Ricardo-Astrada-e-Constanza-Vieyto-3-AB-Produciones-227x300.jpg 227w, https:\/\/vimagazine.com.br\/wp-content\/uploads\/2025\/05\/Ricardo-Astrada-e-Constanza-Vieyto-3-AB-Produciones-775x1024.jpg 775w, https:\/\/vimagazine.com.br\/wp-content\/uploads\/2025\/05\/Ricardo-Astrada-e-Constanza-Vieyto-3-AB-Produciones-768x1014.jpg 768w\" sizes=\"(max-width: 969px) 100vw, 969px\" \/><\/figure>\n<\/figure>\n\n\n\n<p><\/p>\n\n\n\n<p><\/p>\n\n\n\n<p><strong>JOINVILLE SQUARE GARDEN (Av. Santos Dumont \u2013 Distrito Industrial) DIA 27 DE JUNHO DE 2025 (SEXTA-FEIRA)&nbsp;<\/strong><\/p>\n\n\n\n<p><strong>As portas da casa abrem \u00e0s 20 horas.&nbsp;<\/strong><\/p>\n\n\n\n<p><strong>INGRESSOS:&nbsp;<\/strong><\/p>\n\n\n\n<p><strong>Camarote = R$ 250,00 (inteira) e R$ 125,00 (meia entrada)&nbsp;<\/strong><\/p>\n\n\n\n<p><strong>Cadeira Mesas Diamante = R$ 250,00 (inteira) e R$ 125,00 (meia entrada) Cadeira Mesas Ouro = R$ 220,00 (inteira) e R$ 110,00 (meia entrada) Cadeira Mesas Prata = R$ 190,00 (inteira) e R$ 95,00 (meia entrada) Cadeira Mesas Bronze = R$ 160,00 (inteira) e R$ 80,00 (meia entrada) Open Bar = R$ 250,00 (somente inteira)<\/strong><\/p>\n\n\n\n<p><strong>* Local exclusivo para PCDs com valor de R$ 80,00.&nbsp;<\/strong><\/p>\n\n\n\n<p><strong>Ingressos em<u>&nbsp;<a href=\"https:\/\/ingressosgt.com.br\/\" target=\"_blank\" rel=\"noreferrer noopener\">https:\/\/ingressosgt.com.br\/<\/a><\/u>&nbsp;<\/strong><\/p>\n\n\n\n<p><\/p>\n\n\n\n<p><\/p>\n\n\n\n<figure class=\"wp-block-video\"><video controls src=\"https:\/\/vimagazine.com.br\/wp-content\/uploads\/2025\/05\/ASTRADA-TANGO-Video-1.mp4\"><\/video><\/figure>\n\n\n\n<p><\/p>\n\n\n\n<p>\ud83d\udccd<strong>&nbsp;Local:<\/strong>&nbsp;Joinville Square Garden<\/p>\n\n\n\n<p>\ud83d\udcc5&nbsp;<strong>Data:<\/strong>&nbsp;27\/06<\/p>\n\n\n\n<p>\u23f0&nbsp;<strong>Hor\u00e1rio:&nbsp;<\/strong>20h<\/p>\n\n\n\n<p>\ud83c\udf9f\ufe0f<strong>&nbsp;Ingressos:<\/strong><a href=\"http:\/\/ingressosgt.com.br\/\" target=\"_blank\" rel=\"noreferrer noopener\">ingressosgt.com.br<\/a><\/p>\n\n\n\n<p>\ud83d\udcde&nbsp;<strong>Contato para imprensa:<\/strong>&nbsp;(47) 9 9689-3227<\/p>\n\n\n\n<p><strong><u>REALIZA\u00c7\u00c3O:&nbsp;<\/u>BRANCO PRODU\u00c7\u00d5ES \/ ALBERTINA TUMA \/ JOINVILLE SQUARE&nbsp;GARDEN, MINIST\u00c9RIO DA CULTURA \/ GOVERNO DO BRASIL&nbsp;<\/strong><\/p>\n\n\n\n<p><strong><u>PATROC\u00cdNIO:<\/u>&nbsp;CISER<\/strong><\/p>\n","protected":false},"excerpt":{"rendered":"<p>Joinville recebe o campe\u00e3o mundial de tango Ricardo Astrada e&nbsp;Constanza Vieyto, dia 27 de junho&#8230;<\/p>\n","protected":false},"author":1,"featured_media":18623,"comment_status":"closed","ping_status":"open","sticky":false,"template":"","format":"standard","meta":{"om_disable_all_campaigns":false,"_monsterinsights_skip_tracking":false,"_monsterinsights_sitenote_active":false,"_monsterinsights_sitenote_note":"","_monsterinsights_sitenote_category":0,"spay_email":""},"categories":[1],"tags":[],"jetpack_featured_media_url":"https:\/\/vimagazine.com.br\/wp-content\/uploads\/2025\/05\/Astrada-Tango-Foto-13-AB-Produciones.jpg","_links":{"self":[{"href":"https:\/\/vimagazine.com.br\/index.php?rest_route=\/wp\/v2\/posts\/18612"}],"collection":[{"href":"https:\/\/vimagazine.com.br\/index.php?rest_route=\/wp\/v2\/posts"}],"about":[{"href":"https:\/\/vimagazine.com.br\/index.php?rest_route=\/wp\/v2\/types\/post"}],"author":[{"embeddable":true,"href":"https:\/\/vimagazine.com.br\/index.php?rest_route=\/wp\/v2\/users\/1"}],"replies":[{"embeddable":true,"href":"https:\/\/vimagazine.com.br\/index.php?rest_route=%2Fwp%2Fv2%2Fcomments&post=18612"}],"version-history":[{"count":3,"href":"https:\/\/vimagazine.com.br\/index.php?rest_route=\/wp\/v2\/posts\/18612\/revisions"}],"predecessor-version":[{"id":18624,"href":"https:\/\/vimagazine.com.br\/index.php?rest_route=\/wp\/v2\/posts\/18612\/revisions\/18624"}],"wp:featuredmedia":[{"embeddable":true,"href":"https:\/\/vimagazine.com.br\/index.php?rest_route=\/wp\/v2\/media\/18623"}],"wp:attachment":[{"href":"https:\/\/vimagazine.com.br\/index.php?rest_route=%2Fwp%2Fv2%2Fmedia&parent=18612"}],"wp:term":[{"taxonomy":"category","embeddable":true,"href":"https:\/\/vimagazine.com.br\/index.php?rest_route=%2Fwp%2Fv2%2Fcategories&post=18612"},{"taxonomy":"post_tag","embeddable":true,"href":"https:\/\/vimagazine.com.br\/index.php?rest_route=%2Fwp%2Fv2%2Ftags&post=18612"}],"curies":[{"name":"wp","href":"https:\/\/api.w.org\/{rel}","templated":true}]}}