{"id":18630,"date":"2025-05-20T16:12:06","date_gmt":"2025-05-20T19:12:06","guid":{"rendered":"https:\/\/vimagazine.com.br\/?p=18630"},"modified":"2025-05-20T16:12:09","modified_gmt":"2025-05-20T19:12:09","slug":"de-copia-barata-a-voz-autentica-ricardo-villardo-enfrenta-criticas-e-brilha-nos-palcos-com-voce-nao-e-todo-mundo","status":"publish","type":"post","link":"https:\/\/vimagazine.com.br\/?p=18630","title":{"rendered":"De &#8216;C\u00f3pia Barata&#8217; a Voz Aut\u00eantica: Ricardo Villardo Enfrenta Cr\u00edticas e Brilha nos Palcos com &#8216;Voc\u00ea N\u00e3o \u00c9 Todo Mundo'&#8221;"},"content":{"rendered":"\n<p>Quem entrou Na Vibe com <strong><em><a href=\"https:\/\/www.instagram.com\/giucota?\" title=\"Giu Cota\">Giu Cota<\/a><\/em><\/strong>, foi o ator <strong><em><a href=\"https:\/\/www.instagram.com\/ricardovillardo?utm_source=ig_web_button_share_sheet&amp;igsh=ZDNlZDc0MzIxNw==\" title=\"Ricardo Villardo\">Ricardo Villardo<\/a><\/em><\/strong><\/p>\n\n\n\n<figure class=\"wp-block-image size-large\"><img width=\"1024\" height=\"576\" src=\"https:\/\/vimagazine.com.br\/wp-content\/uploads\/2025\/05\/photo_2025-05-20_15-50-49-1024x576.jpg\" alt=\"\" class=\"wp-image-18631\" srcset=\"https:\/\/vimagazine.com.br\/wp-content\/uploads\/2025\/05\/photo_2025-05-20_15-50-49-1024x576.jpg 1024w, https:\/\/vimagazine.com.br\/wp-content\/uploads\/2025\/05\/photo_2025-05-20_15-50-49-300x169.jpg 300w, https:\/\/vimagazine.com.br\/wp-content\/uploads\/2025\/05\/photo_2025-05-20_15-50-49-768x432.jpg 768w, https:\/\/vimagazine.com.br\/wp-content\/uploads\/2025\/05\/photo_2025-05-20_15-50-49.jpg 1280w\" sizes=\"(max-width: 1024px) 100vw, 1024px\" \/><figcaption>Foto <a href=\"https:\/\/www.instagram.com\/rosydantas_prod?utm_source=ig_web_button_share_sheet&amp;igsh=ZDNlZDc0MzIxNw==\" title=\"Rosy Dantas\">Rosy Dantas<\/a><\/figcaption><\/figure>\n\n\n\n<p>No entanto, o sucesso veio acompanhado de cr\u00edticas. Alguns internautas o acusaram de ser uma &#8220;c\u00f3pia barata&#8221; de <strong>Paulo Gustavo<\/strong>, questionando sua originalidade. <strong>Villardo <\/strong>enfrentou os ataques com resili\u00eancia, transformando a dor em arte.Nasceu assim o mon\u00f3logo<strong><em><a href=\"https:\/\/www.instagram.com\/teatrobibiferreiraoficial?utm_source=ig_web_button_share_sheet&amp;igsh=ZDNlZDc0MzIxNw==\" title=\" &quot;Voc\u00ea N\u00e3o \u00c9 Todo Mundo&quot;\"> &#8220;Voc\u00ea N\u00e3o \u00c9 Todo Mundo&#8221;<\/a><\/em><\/strong>, em cartaz no Teatro <strong><em><a href=\"https:\/\/www.instagram.com\/teatrobibiferreiraoficial?\" title=\"Bibi Ferreira\">Bibi Ferreira<\/a><\/em><\/strong>, em S\u00e3o Paulo.<br>Dirigido por <strong><em><a href=\"https:\/\/www.instagram.com\/marcosnauer?utm_source=ig_web_button_share_sheet&amp;igsh=ZDNlZDc0MzIxNw==\" title=\"Marcos Nauer\">Marcos Nauer<\/a><\/em><\/strong>, o espet\u00e1culo \u00e9 uma jornada \u00edntima pela vida de <strong>Villardo<\/strong>. Desde as performances infantis para a fam\u00edlia, imitando <strong>Xuxa <\/strong>e <strong><em>Sandy &amp; Junior<\/em><\/strong>, at\u00e9 os desafios enfrentados como ator independente, o mon\u00f3logo \u00e9 uma celebra\u00e7\u00e3o da autenticidade e da busca por identidade art\u00edstica .<br>&#8220;<strong><em>Voc\u00ea N\u00e3o \u00c9 Todo Mundo<\/em><\/strong>&#8221; \u00e9 mais do que uma pe\u00e7a; \u00e9 um manifesto sobre a import\u00e2ncia de ser fiel a si mesmo. Villardo convida o p\u00fablico a refletir sobre quem somos quando nos despimos das influ\u00eancias externas e abra\u00e7amos nossa verdadeira ess\u00eancia.<\/p>\n\n\n\n<figure class=\"wp-container-2 wp-block-gallery-1 wp-block-gallery has-nested-images columns-default is-cropped\">\n<figure class=\"wp-block-image size-large\"><img width=\"1280\" height=\"720\" data-id=\"18632\"  src=\"https:\/\/vimagazine.com.br\/wp-content\/uploads\/2025\/05\/photo_2025-05-20_15-50-22.jpg\" alt=\"\" class=\"wp-image-18632\" srcset=\"https:\/\/vimagazine.com.br\/wp-content\/uploads\/2025\/05\/photo_2025-05-20_15-50-22.jpg 1280w, https:\/\/vimagazine.com.br\/wp-content\/uploads\/2025\/05\/photo_2025-05-20_15-50-22-300x169.jpg 300w, https:\/\/vimagazine.com.br\/wp-content\/uploads\/2025\/05\/photo_2025-05-20_15-50-22-1024x576.jpg 1024w, https:\/\/vimagazine.com.br\/wp-content\/uploads\/2025\/05\/photo_2025-05-20_15-50-22-768x432.jpg 768w\" sizes=\"(max-width: 1280px) 100vw, 1280px\" \/><\/figure>\n\n\n\n<figure class=\"wp-block-image size-large\"><img width=\"1280\" height=\"720\" data-id=\"18634\"  src=\"https:\/\/vimagazine.com.br\/wp-content\/uploads\/2025\/05\/photo_2025-05-20_15-50-31.jpg\" alt=\"\" class=\"wp-image-18634\" srcset=\"https:\/\/vimagazine.com.br\/wp-content\/uploads\/2025\/05\/photo_2025-05-20_15-50-31.jpg 1280w, https:\/\/vimagazine.com.br\/wp-content\/uploads\/2025\/05\/photo_2025-05-20_15-50-31-300x169.jpg 300w, https:\/\/vimagazine.com.br\/wp-content\/uploads\/2025\/05\/photo_2025-05-20_15-50-31-1024x576.jpg 1024w, https:\/\/vimagazine.com.br\/wp-content\/uploads\/2025\/05\/photo_2025-05-20_15-50-31-768x432.jpg 768w\" sizes=\"(max-width: 1280px) 100vw, 1280px\" \/><\/figure>\n\n\n\n<figure class=\"wp-block-image size-large\"><img width=\"1280\" height=\"720\" data-id=\"18636\"  src=\"https:\/\/vimagazine.com.br\/wp-content\/uploads\/2025\/05\/photo_2025-05-20_15-50-39.jpg\" alt=\"\" class=\"wp-image-18636\" srcset=\"https:\/\/vimagazine.com.br\/wp-content\/uploads\/2025\/05\/photo_2025-05-20_15-50-39.jpg 1280w, https:\/\/vimagazine.com.br\/wp-content\/uploads\/2025\/05\/photo_2025-05-20_15-50-39-300x169.jpg 300w, https:\/\/vimagazine.com.br\/wp-content\/uploads\/2025\/05\/photo_2025-05-20_15-50-39-1024x576.jpg 1024w, https:\/\/vimagazine.com.br\/wp-content\/uploads\/2025\/05\/photo_2025-05-20_15-50-39-768x432.jpg 768w\" sizes=\"(max-width: 1280px) 100vw, 1280px\" \/><\/figure>\n\n\n\n<figure class=\"wp-block-image size-large\"><img width=\"1280\" height=\"720\" data-id=\"18635\"  src=\"https:\/\/vimagazine.com.br\/wp-content\/uploads\/2025\/05\/photo_2025-05-20_15-50-36.jpg\" alt=\"\" class=\"wp-image-18635\" srcset=\"https:\/\/vimagazine.com.br\/wp-content\/uploads\/2025\/05\/photo_2025-05-20_15-50-36.jpg 1280w, https:\/\/vimagazine.com.br\/wp-content\/uploads\/2025\/05\/photo_2025-05-20_15-50-36-300x169.jpg 300w, https:\/\/vimagazine.com.br\/wp-content\/uploads\/2025\/05\/photo_2025-05-20_15-50-36-1024x576.jpg 1024w, https:\/\/vimagazine.com.br\/wp-content\/uploads\/2025\/05\/photo_2025-05-20_15-50-36-768x432.jpg 768w\" sizes=\"(max-width: 1280px) 100vw, 1280px\" \/><\/figure>\n\n\n\n<figure class=\"wp-block-image size-large\"><img width=\"1280\" height=\"720\" data-id=\"18633\"  src=\"https:\/\/vimagazine.com.br\/wp-content\/uploads\/2025\/05\/photo_2025-05-20_15-50-25.jpg\" alt=\"\" class=\"wp-image-18633\" srcset=\"https:\/\/vimagazine.com.br\/wp-content\/uploads\/2025\/05\/photo_2025-05-20_15-50-25.jpg 1280w, https:\/\/vimagazine.com.br\/wp-content\/uploads\/2025\/05\/photo_2025-05-20_15-50-25-300x169.jpg 300w, https:\/\/vimagazine.com.br\/wp-content\/uploads\/2025\/05\/photo_2025-05-20_15-50-25-1024x576.jpg 1024w, https:\/\/vimagazine.com.br\/wp-content\/uploads\/2025\/05\/photo_2025-05-20_15-50-25-768x432.jpg 768w\" sizes=\"(max-width: 1280px) 100vw, 1280px\" \/><\/figure>\n<\/figure>\n\n\n\n<p>Ricardo Villardo concedeu uma pequena entrevista:<\/p>\n\n\n\n<p><strong>Giu Cota:<\/strong> Como surgiu a ideia de transformar as cr\u00edticas recebidas ap\u00f3s o v\u00eddeo \u201c<strong><em>Carta para Deus<\/em><\/strong>\u201d em um mon\u00f3logo autobiogr\u00e1fico?<\/p>\n\n\n\n<p><strong>Ricardo<\/strong>: A ideia, na verdade, veio de um produtor de teatro, <strong><em>Rodrigo Medeiros<\/em><\/strong> que, ap\u00f3s assistir um dos v\u00eddeos que havia produzido pra internet, me convidou para desenvolver um mon\u00f3logo, junto com o diretor <strong>Marcos Nauer<\/strong>, que ressaltasse fatos importantes e divertidos da minha carreira, at\u00e9 chegar no momento em que a internet me &#8220;descobre&#8221;.<\/p>\n\n\n\n<p><strong>Giu Cota<\/strong>: Quais foram os maiores desafios ao contar sua pr\u00f3pria hist\u00f3ria nos palcos?<br><strong>Ricardo<\/strong>: Acho que o maior desafio at\u00e9 hoje, pra mim, \u00e9 n\u00e3o me boicotar. Desde quando recebi o convite, meu medo sempre foi das pessoas me julgarem muito prepotente por estar contando a minha hist\u00f3ria, sendo que n\u00e3o sou famoso, sabe? Que s\u00f3 pessoas importantes e famosas &#8220;tem o direito&#8221; a contar suas hist\u00f3rias.<\/p>\n\n\n\n<p><strong>Giu Cota<\/strong>: De que maneira a trajet\u00f3ria de Paulo Gustavo influenciou sua carreira e sua abordagem art\u00edstica?<br><strong>Ricardo<\/strong>: Quando Paulo Gustavo come\u00e7ou a ficar famoso, eu j\u00e1 estava trabalhando como ator h\u00e1 alguns anos. Eu j\u00e1 fazia com\u00e9dia e sempre trabalhei com a linha do improviso. Quando ele surgiu artisticamente, \u00e9 como se tivesse dado um match somente da minha parte (rsrsrs), com a sua arte. Eu me identifiquei de imediato. Consequentemente ele se tornou uma inspira\u00e7\u00e3o pra mim.<\/p>\n\n\n\n<p><strong>Giu Cota<\/strong>: Como voc\u00ea equilibra o humor e a emo\u00e7\u00e3o em \u201cVoc\u00ea N\u00e3o \u00c9 Todo Mundo\u201d?<br><strong>Ricardo<\/strong>: Eu simplesmente deixo fluir. Acho que, por ser a minha hist\u00f3ria, a emo\u00e7\u00e3o surge nos pontos certos, sem que eu use de muita t\u00e9cnica. Ent\u00e3o acaba sendo tudo muito org\u00e2nico.<\/p>\n\n\n\n<p><strong>Giu Cota<\/strong>: Quais s\u00e3o seus planos futuros no teatro e nas redes sociais ap\u00f3s o sucesso do mon\u00f3logo?<br><strong>Ricardo<\/strong>: Trabalhar cada vez mais. Eu tenho esse projeto nas redes sociais, sobre livros. Eu escolho um livro, divido ele em v\u00e1rios v\u00eddeos, e conto sua hist\u00f3ria de forma muito pessoal. Quase como uma fofoca. A ideia \u00e9 levar esse conte\u00fado para os palcos. Unir leitura e teatro \u00e9 o meu objetivo atual. E, quem sabe, migrar pro audiovisual (um grande sonho) rsrs.<\/p>\n\n\n\n<p><strong><em>Voc\u00ea N\u00e3o \u00c9 Todo Mundo<\/em><\/strong>&#8221; est\u00e1 em cartaz no <strong><em>Teatro Bibi Ferreira<\/em><\/strong>, em S\u00e3o Paulo. Para mais informa\u00e7\u00f5es sobre datas e ingressos, acesse o site oficial do teatro.<\/p>\n\n\n\n<p>Acompanhe sempre a minha coluna #NaVibeComGiuCota &nbsp;na&nbsp;#ViMagazine&nbsp;para mais conte\u00fados exclusivos! para dicas exclusivas e entrevistas que fazem a diferen\u00e7a na sua vida!<\/p>\n\n\n\n<h1>#GiuCota #Podcast #PodCota<\/h1>\n\n\n\n<h1>#humor #informacao #diversao<\/h1>\n\n\n\n<p>Colunista <\/p>\n\n\n\n<p><strong>Giu Cota<\/strong><\/p>\n\n\n\n<p>Assessoria<\/p>\n\n\n\n<p><strong><em><a href=\"https:\/\/www.instagram.com\/robertoassessor?\" title=\" Roberto Rodrigues\"> Roberto Rodrigues<\/a><\/em><\/strong><\/p>\n","protected":false},"excerpt":{"rendered":"<p>Quem entrou Na Vibe com Giu Cota, foi o ator Ricardo Villardo No entanto, o&#8230;<\/p>\n","protected":false},"author":37,"featured_media":0,"comment_status":"closed","ping_status":"open","sticky":false,"template":"","format":"standard","meta":{"om_disable_all_campaigns":false,"_monsterinsights_skip_tracking":false,"_monsterinsights_sitenote_active":false,"_monsterinsights_sitenote_note":"","_monsterinsights_sitenote_category":0,"spay_email":""},"categories":[1],"tags":[],"jetpack_featured_media_url":"","_links":{"self":[{"href":"https:\/\/vimagazine.com.br\/index.php?rest_route=\/wp\/v2\/posts\/18630"}],"collection":[{"href":"https:\/\/vimagazine.com.br\/index.php?rest_route=\/wp\/v2\/posts"}],"about":[{"href":"https:\/\/vimagazine.com.br\/index.php?rest_route=\/wp\/v2\/types\/post"}],"author":[{"embeddable":true,"href":"https:\/\/vimagazine.com.br\/index.php?rest_route=\/wp\/v2\/users\/37"}],"replies":[{"embeddable":true,"href":"https:\/\/vimagazine.com.br\/index.php?rest_route=%2Fwp%2Fv2%2Fcomments&post=18630"}],"version-history":[{"count":2,"href":"https:\/\/vimagazine.com.br\/index.php?rest_route=\/wp\/v2\/posts\/18630\/revisions"}],"predecessor-version":[{"id":18639,"href":"https:\/\/vimagazine.com.br\/index.php?rest_route=\/wp\/v2\/posts\/18630\/revisions\/18639"}],"wp:attachment":[{"href":"https:\/\/vimagazine.com.br\/index.php?rest_route=%2Fwp%2Fv2%2Fmedia&parent=18630"}],"wp:term":[{"taxonomy":"category","embeddable":true,"href":"https:\/\/vimagazine.com.br\/index.php?rest_route=%2Fwp%2Fv2%2Fcategories&post=18630"},{"taxonomy":"post_tag","embeddable":true,"href":"https:\/\/vimagazine.com.br\/index.php?rest_route=%2Fwp%2Fv2%2Ftags&post=18630"}],"curies":[{"name":"wp","href":"https:\/\/api.w.org\/{rel}","templated":true}]}}