{"id":18641,"date":"2025-05-20T17:48:16","date_gmt":"2025-05-20T20:48:16","guid":{"rendered":"https:\/\/vimagazine.com.br\/?p=18641"},"modified":"2025-05-20T17:52:21","modified_gmt":"2025-05-20T20:52:21","slug":"dia-livre-de-impostos-acontece-em-29-de-maio-e-quer-chamar-atencao-para-a-alta-carga-tributaria-no-brasil","status":"publish","type":"post","link":"https:\/\/vimagazine.com.br\/?p=18641","title":{"rendered":"Dia Livre de Impostos acontece em 29 de maio e quer chamar aten\u00e7\u00e3o para a alta carga tribut\u00e1ria no Brasil"},"content":{"rendered":"\n<figure class=\"wp-block-image size-large\"><img width=\"1024\" height=\"731\" src=\"https:\/\/vimagazine.com.br\/wp-content\/uploads\/2025\/05\/sem-impostos-1024x731.jpg\" alt=\"\" class=\"wp-image-18642\" srcset=\"https:\/\/vimagazine.com.br\/wp-content\/uploads\/2025\/05\/sem-impostos-1024x731.jpg 1024w, https:\/\/vimagazine.com.br\/wp-content\/uploads\/2025\/05\/sem-impostos-300x214.jpg 300w, https:\/\/vimagazine.com.br\/wp-content\/uploads\/2025\/05\/sem-impostos-768x548.jpg 768w, https:\/\/vimagazine.com.br\/wp-content\/uploads\/2025\/05\/sem-impostos.jpg 1280w\" sizes=\"(max-width: 1024px) 100vw, 1024px\" \/><\/figure>\n\n\n\n<p>No pr\u00f3ximo dia 29 de maio, consumidores de todo o pa\u00eds ter\u00e3o a chance de comprar produtos e servi\u00e7os sem a incid\u00eancia de tributos repassados ao pre\u00e7o final. A a\u00e7\u00e3o faz parte do Dia Livre de Impostos (DLI), um movimento nacional que visa conscientizar a popula\u00e7\u00e3o sobre a alta carga tribut\u00e1ria paga no Brasil \u2014 muitas vezes sem a devida percep\u00e7\u00e3o ou retorno \u00e0 sociedade.<\/p>\n\n\n\n<p>Idealizado e coordenado pelo movimento lojista nacional, o DLI \u00e9 uma iniciativa da CNDL (Confedera\u00e7\u00e3o Nacional de Dirigentes Lojistas), FCDL (Federa\u00e7\u00e3o das C\u00e2maras de Dirigentes Lojistas) e das CDLs (C\u00e2maras de Dirigentes Lojistas) espalhadas em diversas cidades brasileiras. A mobiliza\u00e7\u00e3o envolve lojistas parceiros que, por um dia, assumem o custo dos impostos de determinados produtos e servi\u00e7os, oferecendo aos consumidores os itens com descontos equivalentes aos tributos incidentes.<\/p>\n\n\n\n<p>O objetivo \u00e9 claro: gerar impacto, promover o debate p\u00fablico e provocar reflex\u00f5es sobre a complexidade do sistema tribut\u00e1rio nacional, al\u00e9m da aus\u00eancia de contrapartidas proporcionais em \u00e1reas como sa\u00fade, seguran\u00e7a e educa\u00e7\u00e3o.<\/p>\n\n\n\n<p>Em Joinville, um dos grandes destaques da campanha em edi\u00e7\u00f5es anteriores \u2014 e tamb\u00e9m neste ano \u2014 \u00e9 o Posto Rede Dias, que vender\u00e1 3 mil litros de combust\u00edvel sem repassar os impostos ao consumidor. A a\u00e7\u00e3o, que costuma gerar filas e grande repercuss\u00e3o na imprensa, \u00e9 um exemplo pr\u00e1tico do peso dos tributos embutidos no pre\u00e7o de um item essencial como a gasolina.<\/p>\n\n\n\n<p>Al\u00e9m do posto, outras empresas da cidade tamb\u00e9m j\u00e1 confirmaram participa\u00e7\u00e3o na campanha deste ano, como a Canelli Modas, Falc\u00e3o Dourado, Farmahof, Empadas Jerke, \u00d3tica Santos, Semente da Terra, Kimi Sushi, Koerich, mercado Vizinh\u00e3o e O Forn\u00e3o. Juntas, essas lojas refor\u00e7am o movimento e ampliam o alcance da mensagem, oferecendo produtos e servi\u00e7os com descontos que evidenciam o peso real dos tributos no pre\u00e7o final.<\/p>\n\n\n\n<p>O Dia Livre de Impostos \u00e9 uma forma simb\u00f3lica e poderosa de mostrar ao cidad\u00e3o o quanto ele paga, muitas vezes sem saber. Mais do que uma a\u00e7\u00e3o promocional, \u00e9 um movimento de conscientiza\u00e7\u00e3o.<\/p>\n\n\n\n<p>A expectativa \u00e9 de que milhares de consumidores participem da campanha em todo o pa\u00eds. Lojistas interessados ainda podem aderir \u00e0 a\u00e7\u00e3o, escolhendo produtos ou servi\u00e7os para integrar a programa\u00e7\u00e3o e ampliando a voz de um dos maiores movimentos de educa\u00e7\u00e3o tribut\u00e1ria do Brasil.<\/p>\n","protected":false},"excerpt":{"rendered":"<p>No pr\u00f3ximo dia 29 de maio, consumidores de todo o pa\u00eds ter\u00e3o a chance de&#8230;<\/p>\n","protected":false},"author":20,"featured_media":0,"comment_status":"closed","ping_status":"open","sticky":false,"template":"","format":"standard","meta":{"om_disable_all_campaigns":false,"_monsterinsights_skip_tracking":false,"_monsterinsights_sitenote_active":false,"_monsterinsights_sitenote_note":"","_monsterinsights_sitenote_category":0,"spay_email":""},"categories":[1],"tags":[],"jetpack_featured_media_url":"","_links":{"self":[{"href":"https:\/\/vimagazine.com.br\/index.php?rest_route=\/wp\/v2\/posts\/18641"}],"collection":[{"href":"https:\/\/vimagazine.com.br\/index.php?rest_route=\/wp\/v2\/posts"}],"about":[{"href":"https:\/\/vimagazine.com.br\/index.php?rest_route=\/wp\/v2\/types\/post"}],"author":[{"embeddable":true,"href":"https:\/\/vimagazine.com.br\/index.php?rest_route=\/wp\/v2\/users\/20"}],"replies":[{"embeddable":true,"href":"https:\/\/vimagazine.com.br\/index.php?rest_route=%2Fwp%2Fv2%2Fcomments&post=18641"}],"version-history":[{"count":2,"href":"https:\/\/vimagazine.com.br\/index.php?rest_route=\/wp\/v2\/posts\/18641\/revisions"}],"predecessor-version":[{"id":18644,"href":"https:\/\/vimagazine.com.br\/index.php?rest_route=\/wp\/v2\/posts\/18641\/revisions\/18644"}],"wp:attachment":[{"href":"https:\/\/vimagazine.com.br\/index.php?rest_route=%2Fwp%2Fv2%2Fmedia&parent=18641"}],"wp:term":[{"taxonomy":"category","embeddable":true,"href":"https:\/\/vimagazine.com.br\/index.php?rest_route=%2Fwp%2Fv2%2Fcategories&post=18641"},{"taxonomy":"post_tag","embeddable":true,"href":"https:\/\/vimagazine.com.br\/index.php?rest_route=%2Fwp%2Fv2%2Ftags&post=18641"}],"curies":[{"name":"wp","href":"https:\/\/api.w.org\/{rel}","templated":true}]}}