{"id":18662,"date":"2025-05-22T18:44:51","date_gmt":"2025-05-22T21:44:51","guid":{"rendered":"https:\/\/vimagazine.com.br\/?p=18662"},"modified":"2025-05-22T18:44:52","modified_gmt":"2025-05-22T21:44:52","slug":"sebrae-sc-promove-semana-do-mei-em-joinville-entre-26-e-30-de-maio","status":"publish","type":"post","link":"https:\/\/vimagazine.com.br\/?p=18662","title":{"rendered":"Sebrae\/SC promove Semana do MEI em Joinville entre 26 e 30 de maio"},"content":{"rendered":"\n<figure class=\"wp-block-image size-full\"><img width=\"1024\" height=\"768\" src=\"https:\/\/vimagazine.com.br\/wp-content\/uploads\/2025\/05\/WhatsApp-Image-2025-05-22-at-14.27.35.jpeg\" alt=\"\" class=\"wp-image-18663\" srcset=\"https:\/\/vimagazine.com.br\/wp-content\/uploads\/2025\/05\/WhatsApp-Image-2025-05-22-at-14.27.35.jpeg 1024w, https:\/\/vimagazine.com.br\/wp-content\/uploads\/2025\/05\/WhatsApp-Image-2025-05-22-at-14.27.35-300x225.jpeg 300w, https:\/\/vimagazine.com.br\/wp-content\/uploads\/2025\/05\/WhatsApp-Image-2025-05-22-at-14.27.35-768x576.jpeg 768w\" sizes=\"(max-width: 1024px) 100vw, 1024px\" \/><\/figure>\n\n\n\n<p><em>Iniciativa conta com atendimento personalizado, palestras e capacita\u00e7\u00f5es gratuitas no Espa\u00e7o O Farol, das 8h \u00e0s 18h<\/em><\/p>\n\n\n\n<p>A 16\u00aa edi\u00e7\u00e3o da Semana do MEI, promovida pelo Sebrae\/SC, com apoio da Prefeitura, ser\u00e1 realizada em Joinville entre os dias 26 e 30 de maio. A programa\u00e7\u00e3o contar\u00e1 com cursos e atendimentos gratuitos, oportunidades de neg\u00f3cios, al\u00e9m de suporte completo para o envio da Declara\u00e7\u00e3o Anual de Faturamento do MEI (DASN-SIMEI), que deve ser entregue \u00e0 Receita Federal at\u00e9 31 de maio.<\/p>\n\n\n\n<p>A iniciativa \u00e9 especialmente relevante para os mais de 58,5 mil Microempreendedores Individuais registrados no munic\u00edpio. Esses profissionais atuam em \u00e1reas como com\u00e9rcio, servi\u00e7os, alimenta\u00e7\u00e3o, artesanato e beleza, e representam uma parcela fundamental da economia.<\/p>\n\n\n\n<p>Durante cinco dias, os participantes ter\u00e3o acesso a uma s\u00e9rie de palestras pr\u00e1ticas, al\u00e9m de consultorias individuais, orienta\u00e7\u00f5es jur\u00eddicas e financeiras, e servi\u00e7os de formaliza\u00e7\u00e3o, tudo sem custo. A a\u00e7\u00e3o \u00e9 parte da 16\u00aa edi\u00e7\u00e3o nacional do evento, que ocorre simultaneamente em mais de 160 munic\u00edpios.<\/p>\n\n\n\n<p>A programa\u00e7\u00e3o ser\u00e1 realizada no Espa\u00e7o O Farol, na rua Max Colin, 550, bairro Am\u00e9rica, das 8h \u00e0s 18h, com entrada gratuita.<\/p>\n\n\n\n<p>Palestras<\/p>\n\n\n\n<p>Al\u00e9m de tirar d\u00favidas, a agenda di\u00e1ria tamb\u00e9m contempla temas fundamentais para a gest\u00e3o e crescimento de pequenos neg\u00f3cios. Confira as palestras j\u00e1 confirmadas em Joinville entre os dias 26 a 30 de maio:<\/p>\n\n\n\n<p>9h \u2013 MEI na Pr\u00e1tica<\/p>\n\n\n\n<p>10h \u2013 Plano de Neg\u00f3cio<\/p>\n\n\n\n<p>11h \u2013 Atendimento ao Cliente<\/p>\n\n\n\n<p>14h \u2013 Precifica\u00e7\u00e3o<\/p>\n\n\n\n<p>15h \u2013 Vendas Online<\/p>\n\n\n\n<p>16h \u2013 Marketing Digital<\/p>\n\n\n\n<p>17h \u2013 MEI na Pr\u00e1tica (segunda sess\u00e3o)<\/p>\n\n\n\n<p>As inscri\u00e7\u00f5es s\u00e3o gratuitas e podem ser feitas pelo site: <a href=\"http:\/\/sebrae.sc\/semanadomei.\" title=\"sebrae.sc\/semanadomei.\">sebrae.sc\/semanadomei.<\/a><\/p>\n\n\n\n<p>Joinville: segunda cidade com mais MEIs em SC<\/p>\n\n\n\n<p>Joinville \u00e9 a segunda cidade catarinense com maior n\u00famero de microempreendedores individuais: s\u00e3o 58,5 mil MEIs ativos, o que demonstra a for\u00e7a do empreendedorismo local. A cidade s\u00f3 fica atr\u00e1s de Florian\u00f3polis, que lidera o ranking estadual com pouco mais de 64 mil MEIs.<\/p>\n\n\n\n<p>Servi\u00e7os oferecidos<\/p>\n\n\n\n<p>Durante a Semana do MEI, os participantes em Joinville ter\u00e3o acesso a diversos servi\u00e7os gratuitos, como:<\/p>\n\n\n\n<p>Formaliza\u00e7\u00e3o, altera\u00e7\u00e3o ou baixa do CNPJ<\/p>\n\n\n\n<p>Emiss\u00e3o da guia DAS e da Declara\u00e7\u00e3o Anual do MEI<\/p>\n\n\n\n<p>Orienta\u00e7\u00e3o sobre nota fiscal eletr\u00f4nica<\/p>\n\n\n\n<p>Parcelamento de tributos e regulariza\u00e7\u00e3o de d\u00e9bitos<\/p>\n\n\n\n<p>Consultorias especializadas em gest\u00e3o, vendas, finan\u00e7as e marketing<\/p>\n\n\n\n<p>Oficinas pr\u00e1ticas e oportunidades de networking<\/p>\n\n\n\n<p>A a\u00e7\u00e3o \u00e9 uma iniciativa para fortalecer os pequenos neg\u00f3cios, promover a inclus\u00e3o produtiva e fomentar o crescimento sustent\u00e1vel da economia local.<\/p>\n\n\n\n<p>\u201cA Semana do MEI \u00e9 uma excelente oportunidade para quem deseja tirar d\u00favidas, aprender estrat\u00e9gias de vendas e se conectar com outros empreendedores. Tudo em um s\u00f3 lugar, com o suporte de profissionais especializados\u201d, explica Aline Pereira, gestora de projetos de MEI no Sebrae\/SC.<\/p>\n","protected":false},"excerpt":{"rendered":"<p>Iniciativa conta com atendimento personalizado, palestras e capacita\u00e7\u00f5es gratuitas no Espa\u00e7o O Farol, das 8h&#8230;<\/p>\n","protected":false},"author":20,"featured_media":0,"comment_status":"closed","ping_status":"open","sticky":false,"template":"","format":"standard","meta":{"om_disable_all_campaigns":false,"_monsterinsights_skip_tracking":false,"_monsterinsights_sitenote_active":false,"_monsterinsights_sitenote_note":"","_monsterinsights_sitenote_category":0,"spay_email":""},"categories":[1],"tags":[],"jetpack_featured_media_url":"","_links":{"self":[{"href":"https:\/\/vimagazine.com.br\/index.php?rest_route=\/wp\/v2\/posts\/18662"}],"collection":[{"href":"https:\/\/vimagazine.com.br\/index.php?rest_route=\/wp\/v2\/posts"}],"about":[{"href":"https:\/\/vimagazine.com.br\/index.php?rest_route=\/wp\/v2\/types\/post"}],"author":[{"embeddable":true,"href":"https:\/\/vimagazine.com.br\/index.php?rest_route=\/wp\/v2\/users\/20"}],"replies":[{"embeddable":true,"href":"https:\/\/vimagazine.com.br\/index.php?rest_route=%2Fwp%2Fv2%2Fcomments&post=18662"}],"version-history":[{"count":1,"href":"https:\/\/vimagazine.com.br\/index.php?rest_route=\/wp\/v2\/posts\/18662\/revisions"}],"predecessor-version":[{"id":18664,"href":"https:\/\/vimagazine.com.br\/index.php?rest_route=\/wp\/v2\/posts\/18662\/revisions\/18664"}],"wp:attachment":[{"href":"https:\/\/vimagazine.com.br\/index.php?rest_route=%2Fwp%2Fv2%2Fmedia&parent=18662"}],"wp:term":[{"taxonomy":"category","embeddable":true,"href":"https:\/\/vimagazine.com.br\/index.php?rest_route=%2Fwp%2Fv2%2Fcategories&post=18662"},{"taxonomy":"post_tag","embeddable":true,"href":"https:\/\/vimagazine.com.br\/index.php?rest_route=%2Fwp%2Fv2%2Ftags&post=18662"}],"curies":[{"name":"wp","href":"https:\/\/api.w.org\/{rel}","templated":true}]}}