{"id":18666,"date":"2025-05-24T09:21:15","date_gmt":"2025-05-24T12:21:15","guid":{"rendered":"https:\/\/vimagazine.com.br\/?p=18666"},"modified":"2025-05-24T09:24:37","modified_gmt":"2025-05-24T12:24:37","slug":"bfshow-2025-um-encontro-de-estilo-inovacao-e-expectativas-no-mundo-dos-calcados","status":"publish","type":"post","link":"https:\/\/vimagazine.com.br\/?p=18666","title":{"rendered":"BFSHOW 2025: Um Encontro de Estilo, Inova\u00e7\u00e3o e Expectativas no Mundo dos Cal\u00e7ados."},"content":{"rendered":"\n<p>Quem entrou na vibe com <strong><em><a href=\"https:\/\/www.instagram.com\/giucota?\" title=\"Giu cota\">Giu cota<\/a><\/em><\/strong> foi a maior feira de cal\u00e7ados do Brasil a <strong><em><a href=\"https:\/\/www.instagram.com\/bfshowoficial?\" title=\"BFShow.\">BFShow.<\/a><\/em><\/strong><\/p>\n\n\n\n<figure class=\"wp-block-image size-large\"><img width=\"1024\" height=\"576\" src=\"https:\/\/vimagazine.com.br\/wp-content\/uploads\/2025\/05\/photo_2025-05-24_08-55-28-1024x576.jpg\" alt=\"\" class=\"wp-image-18667\" srcset=\"https:\/\/vimagazine.com.br\/wp-content\/uploads\/2025\/05\/photo_2025-05-24_08-55-28-1024x576.jpg 1024w, https:\/\/vimagazine.com.br\/wp-content\/uploads\/2025\/05\/photo_2025-05-24_08-55-28-300x169.jpg 300w, https:\/\/vimagazine.com.br\/wp-content\/uploads\/2025\/05\/photo_2025-05-24_08-55-28-768x432.jpg 768w, https:\/\/vimagazine.com.br\/wp-content\/uploads\/2025\/05\/photo_2025-05-24_08-55-28.jpg 1280w\" sizes=\"(max-width: 1024px) 100vw, 1024px\" \/><figcaption>Foto: Rosy Dantas<\/figcaption><\/figure>\n\n\n\n<p>De 19 a 21 de maio de 2025, o Distrito Anhembi, em S\u00e3o Paulo, recebeu a 4\u00aa edi\u00e7\u00e3o da BFSHOW \u2014 a maior feira cal\u00e7adista do Brasil. Foram 353 marcas reunidas em um s\u00f3 lugar, com milhares de visitantes, compradores e amantes da moda em busca de novidades, networking e oportunidades de neg\u00f3cios.<br>Durante a cobertura, conversei com representantes de marcas consagradas e emergentes do setor e fiz a mesma pergunta a todos: \u201cMe conte um pouco da hist\u00f3ria da sua loja, qual foi o resultado desta edi\u00e7\u00e3o e as perspectivas para a pr\u00f3xima?\u201d<\/p>\n\n\n\n<figure class=\"wp-container-2 wp-block-gallery-1 wp-block-gallery has-nested-images columns-default is-cropped\">\n<figure class=\"wp-block-image size-large\"><img width=\"1280\" height=\"720\" data-id=\"18669\"  src=\"https:\/\/vimagazine.com.br\/wp-content\/uploads\/2025\/05\/photo_2025-05-24_08-55-53.jpg\" alt=\"\" class=\"wp-image-18669\" srcset=\"https:\/\/vimagazine.com.br\/wp-content\/uploads\/2025\/05\/photo_2025-05-24_08-55-53.jpg 1280w, https:\/\/vimagazine.com.br\/wp-content\/uploads\/2025\/05\/photo_2025-05-24_08-55-53-300x169.jpg 300w, https:\/\/vimagazine.com.br\/wp-content\/uploads\/2025\/05\/photo_2025-05-24_08-55-53-1024x576.jpg 1024w, https:\/\/vimagazine.com.br\/wp-content\/uploads\/2025\/05\/photo_2025-05-24_08-55-53-768x432.jpg 768w\" sizes=\"(max-width: 1280px) 100vw, 1280px\" \/><figcaption>Sergio &#8211; <a href=\"https:\/\/www.instagram.com\/rednose_oficial?igsh=MWk1ZHcyY20za2FkaQ==\" title=\"RedeNouse\">RedeNouse<\/a><\/figcaption><\/figure>\n\n\n\n<figure class=\"wp-block-image size-large\"><img width=\"1280\" height=\"720\" data-id=\"18670\"  src=\"https:\/\/vimagazine.com.br\/wp-content\/uploads\/2025\/05\/photo_2025-05-24_08-56-07.jpg\" alt=\"\" class=\"wp-image-18670\" srcset=\"https:\/\/vimagazine.com.br\/wp-content\/uploads\/2025\/05\/photo_2025-05-24_08-56-07.jpg 1280w, https:\/\/vimagazine.com.br\/wp-content\/uploads\/2025\/05\/photo_2025-05-24_08-56-07-300x169.jpg 300w, https:\/\/vimagazine.com.br\/wp-content\/uploads\/2025\/05\/photo_2025-05-24_08-56-07-1024x576.jpg 1024w, https:\/\/vimagazine.com.br\/wp-content\/uploads\/2025\/05\/photo_2025-05-24_08-56-07-768x432.jpg 768w\" sizes=\"(max-width: 1280px) 100vw, 1280px\" \/><figcaption>Paulo &#8211;<a href=\"https:\/\/www.instagram.com\/klin_oficial?\" title=\" Klin\"> Klin<\/a> <\/figcaption><\/figure>\n\n\n\n<figure class=\"wp-block-image size-large\"><img width=\"1280\" height=\"720\" data-id=\"18668\"  src=\"https:\/\/vimagazine.com.br\/wp-content\/uploads\/2025\/05\/photo_2025-05-24_08-56-00.jpg\" alt=\"\" class=\"wp-image-18668\" srcset=\"https:\/\/vimagazine.com.br\/wp-content\/uploads\/2025\/05\/photo_2025-05-24_08-56-00.jpg 1280w, https:\/\/vimagazine.com.br\/wp-content\/uploads\/2025\/05\/photo_2025-05-24_08-56-00-300x169.jpg 300w, https:\/\/vimagazine.com.br\/wp-content\/uploads\/2025\/05\/photo_2025-05-24_08-56-00-1024x576.jpg 1024w, https:\/\/vimagazine.com.br\/wp-content\/uploads\/2025\/05\/photo_2025-05-24_08-56-00-768x432.jpg 768w\" sizes=\"(max-width: 1280px) 100vw, 1280px\" \/><figcaption>Maith\u00eb- <a href=\"https:\/\/www.instagram.com\/maitheluxuryshoes?\" title=\"Maithe\">Maithe<\/a> <\/figcaption><\/figure>\n<\/figure>\n\n\n\n<p><strong><em>Red Nose<\/em><\/strong><br>Criada em 1996 por Marcelo Leit\u00e3o, a Red Nose carrega a energia dos esportes radicais como skate e surfe. Com o lema \u201cXtreme\u201d, a marca conquistou um p\u00fablico fiel e diversificou sua linha com roupas, cal\u00e7ados e acess\u00f3rios licenciados.<br>Durante a feira, os representantes destacaram a for\u00e7a do branding da Red Nose e o interesse do p\u00fablico jovem. A previs\u00e3o \u00e9 de crescimento com novas cole\u00e7\u00f5es e parcerias estrat\u00e9gicas para 2026.<\/p>\n\n\n\n<p><strong><em>Klin<\/em><\/strong><br>Com mais de 40 anos no mercado, a Klin \u00e9 sin\u00f4nimo de cal\u00e7ados infantis seguros, confort\u00e1veis e sustent\u00e1veis. Fundada em Birigui (SP), come\u00e7ou com apenas 15 pares por dia e hoje exporta para mais de 30 pa\u00edses.<br>Na feira, a Klin refor\u00e7ou sua imagem de marca confi\u00e1vel e ecol\u00f3gica, apresentando novidades que encantaram lojistas e consumidores. Para 2026, a meta \u00e9 fortalecer os canais digitais e expandir a presen\u00e7a no mercado latino-americano.<\/p>\n\n\n\n<p><strong><em>Maith\u00eb Luxury Shoes<\/em><\/strong><br>Especializada em cal\u00e7ados femininos de couro, a Maith\u00eb surgiu da paix\u00e3o por eleg\u00e2ncia, sofistica\u00e7\u00e3o e qualidade artesanal. Os modelos \u2014 que v\u00e3o de botas a scarpins e mocassins \u2014 traduzem o estilo da mulher moderna.<br>Segundo a marca, a edi\u00e7\u00e3o de 2025 foi extremamente positiva, com boa receptividade dos compradores e aumento no n\u00famero de encomendas. Para a pr\u00f3xima edi\u00e7\u00e3o, o plano \u00e9 expandir o mix de produtos e refor\u00e7ar a presen\u00e7a internacional.<\/p>\n\n\n\n<figure class=\"wp-container-4 wp-block-gallery-3 wp-block-gallery has-nested-images columns-default is-cropped\">\n<figure class=\"wp-block-image size-large\"><img width=\"1280\" height=\"720\" data-id=\"18671\"  src=\"https:\/\/vimagazine.com.br\/wp-content\/uploads\/2025\/05\/photo_2025-05-24_08-55-35.jpg\" alt=\"\" class=\"wp-image-18671\" srcset=\"https:\/\/vimagazine.com.br\/wp-content\/uploads\/2025\/05\/photo_2025-05-24_08-55-35.jpg 1280w, https:\/\/vimagazine.com.br\/wp-content\/uploads\/2025\/05\/photo_2025-05-24_08-55-35-300x169.jpg 300w, https:\/\/vimagazine.com.br\/wp-content\/uploads\/2025\/05\/photo_2025-05-24_08-55-35-1024x576.jpg 1024w, https:\/\/vimagazine.com.br\/wp-content\/uploads\/2025\/05\/photo_2025-05-24_08-55-35-768x432.jpg 768w\" sizes=\"(max-width: 1280px) 100vw, 1280px\" \/><figcaption>Giu Cota<\/figcaption><\/figure>\n\n\n\n<figure class=\"wp-block-image size-large\"><img width=\"1280\" height=\"720\" data-id=\"18672\"  src=\"https:\/\/vimagazine.com.br\/wp-content\/uploads\/2025\/05\/photo_2025-05-24_08-55-48.jpg\" alt=\"\" class=\"wp-image-18672\" srcset=\"https:\/\/vimagazine.com.br\/wp-content\/uploads\/2025\/05\/photo_2025-05-24_08-55-48.jpg 1280w, https:\/\/vimagazine.com.br\/wp-content\/uploads\/2025\/05\/photo_2025-05-24_08-55-48-300x169.jpg 300w, https:\/\/vimagazine.com.br\/wp-content\/uploads\/2025\/05\/photo_2025-05-24_08-55-48-1024x576.jpg 1024w, https:\/\/vimagazine.com.br\/wp-content\/uploads\/2025\/05\/photo_2025-05-24_08-55-48-768x432.jpg 768w\" sizes=\"(max-width: 1280px) 100vw, 1280px\" \/><figcaption>Thiago  &#8211; <a href=\"ttps:\/\/www.instagram.com\/ecko_unltd_br?\" title=\"Ecko\">Ecko<\/a><\/figcaption><\/figure>\n\n\n\n<figure class=\"wp-block-image size-large\"><img width=\"1280\" height=\"720\" data-id=\"18673\"  src=\"https:\/\/vimagazine.com.br\/wp-content\/uploads\/2025\/05\/photo_2025-05-24_08-55-42.jpg\" alt=\"\" class=\"wp-image-18673\" srcset=\"https:\/\/vimagazine.com.br\/wp-content\/uploads\/2025\/05\/photo_2025-05-24_08-55-42.jpg 1280w, https:\/\/vimagazine.com.br\/wp-content\/uploads\/2025\/05\/photo_2025-05-24_08-55-42-300x169.jpg 300w, https:\/\/vimagazine.com.br\/wp-content\/uploads\/2025\/05\/photo_2025-05-24_08-55-42-1024x576.jpg 1024w, https:\/\/vimagazine.com.br\/wp-content\/uploads\/2025\/05\/photo_2025-05-24_08-55-42-768x432.jpg 768w\" sizes=\"(max-width: 1280px) 100vw, 1280px\" \/><figcaption>Adriana <strong><a href=\"https:\/\/www.instagram.com\/redeplast?\" title=\"Replast\">Replast<\/a><\/strong><\/figcaption><\/figure>\n<\/figure>\n\n\n\n<p><\/p>\n\n\n\n<p><strong><em>Ecko Unltd Brasil<\/em><\/strong><br>\u00cdcone do streetwear, a <strong>Ecko Unltd<\/strong> foi fundada em 1993 por <strong><em>Marc Ecko<\/em><\/strong> e desembarcou no Brasil em 2004. Com o famoso rinoceronte como s\u00edmbolo, a marca reflete o estilo urbano e ousado da juventude global.<br>A marca revelou que a edi\u00e7\u00e3o de 2025 foi uma das mais rent\u00e1veis dos \u00faltimos anos em termos de contatos comerciais e exposi\u00e7\u00e3o de produto. Para a pr\u00f3xima edi\u00e7\u00e3o, planeja lan\u00e7ar uma collab exclusiva com artistas de grafite.<\/p>\n\n\n\n<p><strong><em>Redeplast<\/em><\/strong><br>Fundada em 2005 em Novo Hamburgo (RS), a <strong>Redeplas<\/strong>t come\u00e7ou fabricando solas e saltos de PVC, mas cresceu e diversificou para a produ\u00e7\u00e3o de cal\u00e7ados e bolsas para marcas como<strong><em> Colcci, Mormaii e Lilica <\/em>Ripilica<\/strong>. Hoje, \u00e9 refer\u00eancia em inova\u00e7\u00e3o e produ\u00e7\u00e3o sustent\u00e1vel.<br>Em entrevista, os representantes contaram que a <strong>BFSHOW 202<\/strong>5 gerou \u00f3timos contatos com novos parceiros e ampliou a visibilidade da empresa. A expectativa para 2026 \u00e9 dobrar o n\u00famero de negocia\u00e7\u00f5es e lan\u00e7ar novas linhas exclusivas para grandes marcas.<\/p>\n\n\n\n<p>BFShow<br>Organizada pela Abical\u00e7ados e N\u00fcrnbergMesse Brasil, a BFSHOW tem se consolidado como a principal feira do setor cal\u00e7adista nacional. Este ano, o evento atraiu compradores de mais de 40 pa\u00edses.<br>A pr\u00f3xima edi\u00e7\u00e3o j\u00e1 est\u00e1 marcada: de 21 a 23 de maio de 2026, no Transamerica Expo Center, em S\u00e3o Paulo. A organiza\u00e7\u00e3o promete ainda mais inova\u00e7\u00e3o, diversidade de marcas e a\u00e7\u00f5es voltadas \u00e0 sustentabilidade e exporta\u00e7\u00e3o.<\/p>\n\n\n\n<p>Acompanhe sempre a minha coluna #NaVibeComGiuCota &nbsp;na&nbsp;#ViMagazine&nbsp;para mais conte\u00fados exclusivos! para dicas exclusivas e entrevistas que fazem a diferen\u00e7a na sua vida!<\/p>\n\n\n\n<h1>#GiuCota #Podcast #PodCota<\/h1>\n\n\n\n<h1>#humor #informacao #diversao<\/h1>\n\n\n\n<h1>#feira #calcados #2025 #bfshow<\/h1>\n\n\n\n<p>Giu Cota<br>Colunista Vi Magazine<br>\u201cNa Vibe com Giu Cota\u201d<\/p>\n","protected":false},"excerpt":{"rendered":"<p>Quem entrou na vibe com Giu cota foi a maior feira de cal\u00e7ados do Brasil&#8230;<\/p>\n","protected":false},"author":37,"featured_media":0,"comment_status":"closed","ping_status":"open","sticky":false,"template":"","format":"standard","meta":{"om_disable_all_campaigns":false,"_monsterinsights_skip_tracking":false,"_monsterinsights_sitenote_active":false,"_monsterinsights_sitenote_note":"","_monsterinsights_sitenote_category":0,"spay_email":""},"categories":[1],"tags":[],"jetpack_featured_media_url":"","_links":{"self":[{"href":"https:\/\/vimagazine.com.br\/index.php?rest_route=\/wp\/v2\/posts\/18666"}],"collection":[{"href":"https:\/\/vimagazine.com.br\/index.php?rest_route=\/wp\/v2\/posts"}],"about":[{"href":"https:\/\/vimagazine.com.br\/index.php?rest_route=\/wp\/v2\/types\/post"}],"author":[{"embeddable":true,"href":"https:\/\/vimagazine.com.br\/index.php?rest_route=\/wp\/v2\/users\/37"}],"replies":[{"embeddable":true,"href":"https:\/\/vimagazine.com.br\/index.php?rest_route=%2Fwp%2Fv2%2Fcomments&post=18666"}],"version-history":[{"count":2,"href":"https:\/\/vimagazine.com.br\/index.php?rest_route=\/wp\/v2\/posts\/18666\/revisions"}],"predecessor-version":[{"id":18676,"href":"https:\/\/vimagazine.com.br\/index.php?rest_route=\/wp\/v2\/posts\/18666\/revisions\/18676"}],"wp:attachment":[{"href":"https:\/\/vimagazine.com.br\/index.php?rest_route=%2Fwp%2Fv2%2Fmedia&parent=18666"}],"wp:term":[{"taxonomy":"category","embeddable":true,"href":"https:\/\/vimagazine.com.br\/index.php?rest_route=%2Fwp%2Fv2%2Fcategories&post=18666"},{"taxonomy":"post_tag","embeddable":true,"href":"https:\/\/vimagazine.com.br\/index.php?rest_route=%2Fwp%2Fv2%2Ftags&post=18666"}],"curies":[{"name":"wp","href":"https:\/\/api.w.org\/{rel}","templated":true}]}}