{"id":18678,"date":"2025-05-26T11:08:26","date_gmt":"2025-05-26T14:08:26","guid":{"rendered":"https:\/\/vimagazine.com.br\/?p=18678"},"modified":"2025-05-26T11:08:26","modified_gmt":"2025-05-26T14:08:26","slug":"documentario-sobre-a-memoria-e-a-heranca-cultural-de-joinville-estreia-neste-sabado","status":"publish","type":"post","link":"https:\/\/vimagazine.com.br\/?p=18678","title":{"rendered":"Document\u00e1rio sobre a mem\u00f3ria e a heran\u00e7a cultural de Joinville estreia neste s\u00e1bado"},"content":{"rendered":"\n<figure class=\"wp-block-image size-large\"><img width=\"1024\" height=\"531\" src=\"https:\/\/vimagazine.com.br\/wp-content\/uploads\/2025\/05\/heranca-cultural-1024x531.jpg\" alt=\"\" class=\"wp-image-18679\" srcset=\"https:\/\/vimagazine.com.br\/wp-content\/uploads\/2025\/05\/heranca-cultural-1024x531.jpg 1024w, https:\/\/vimagazine.com.br\/wp-content\/uploads\/2025\/05\/heranca-cultural-300x156.jpg 300w, https:\/\/vimagazine.com.br\/wp-content\/uploads\/2025\/05\/heranca-cultural-768x398.jpg 768w, https:\/\/vimagazine.com.br\/wp-content\/uploads\/2025\/05\/heranca-cultural-1536x797.jpg 1536w, https:\/\/vimagazine.com.br\/wp-content\/uploads\/2025\/05\/heranca-cultural.jpg 1600w\" sizes=\"(max-width: 1024px) 100vw, 1024px\" \/><\/figure>\n\n\n\n<p>Curta-metragem \u201cA Colina de Mittelweg\u201d ser\u00e1 exibido na Casa da Mem\u00f3ria, anexa ao Cemit\u00e9rio do Imigrante, com entrada gratuita, \u00e0s 19h<\/p>\n\n\n\n<p>Joinville ser\u00e1 palco, no s\u00e1bado, 31 de maio, da estreia oficial do curta-metragem &#8220;A Colina de Mittelweg&#8221;, um filme po\u00e9tico e sens\u00edvel que resgata a mem\u00f3ria dos imigrantes germ\u00e2nicos por meio de uma narrativa audiovisual envolvente. A exibi\u00e7\u00e3o acontece \u00e0s 19h, na Casa da Mem\u00f3ria, anexa ao Cemit\u00e9rio do Imigrante, em uma noite especial promovida pela Sociedade Cultural Alem\u00e3, como parte da programa\u00e7\u00e3o que antecede os tradicionais Domingos Musicais.<\/p>\n\n\n\n<p>Dirigido por Anderson Dresch, o curta-metragem mescla dramatiza\u00e7\u00e3o hist\u00f3rica e depoimentos reais para contar a hist\u00f3ria fict\u00edcia de Sofie, uma imigrante germ\u00e2nica que percorre, em cinco fases da vida \u2014 da inf\u00e2ncia \u00e0 velhice \u2014, a simb\u00f3lica Colina do Mittelweg, narrando suas experi\u00eancias em alem\u00e3o (com legendas em portugu\u00eas). A narrativa \u00e9 inspirada nas viv\u00eancias dos primeiros colonizadores que contribu\u00edram para a forma\u00e7\u00e3o da identidade cultural de Joinville.<\/p>\n\n\n\n<p>Gravado no Cemit\u00e9rio do Imigrante, o primeiro da cidade, o filme se destaca pelo uso da paisagem como personagem coadjuvante: uma natureza exuberante que emoldura as reflex\u00f5es da protagonista e refor\u00e7a o simbolismo hist\u00f3rico do local. A atmosfera delicada e contemplativa da obra se completa com um emocionante desfecho musical, em que Sofie \u00e9 conduzida por uma trilha interpretada por m\u00fasicos da orquestra Musicarium &#8211; Academia Filarm\u00f4nica Brasileira, em uma performance ao ar livre.<\/p>\n\n\n\n<p>Al\u00e9m da narrativa ficcional, o filme incorpora um vi\u00e9s documental, com entrevistas que abordam temas como mem\u00f3ria, pertencimento e patrim\u00f4nio imaterial, conectando passado e presente.<\/p>\n\n\n\n<p>&#8220;A Colina de Mittelweg&#8221; \u00e9 um projeto contemplado pela Lei Paulo Gustavo, destacando-se como uma produ\u00e7\u00e3o que une arte, hist\u00f3ria e valoriza\u00e7\u00e3o da cultura germ\u00e2nica no Sul do Brasil.<\/p>\n\n\n\n<p>A estreia \u00e9 aberta ao p\u00fablico e promete uma noite de reflex\u00e3o, emo\u00e7\u00e3o e conex\u00e3o com as ra\u00edzes culturais da cidade.<\/p>\n\n\n\n<p>SERVI\u00c7O<\/p>\n\n\n\n<p>O qu\u00ea: Estreia do curta-metragem A Colina de Mittelweg<\/p>\n\n\n\n<p>Quando: S\u00e1bado, 31 de maio de 2025<\/p>\n\n\n\n<p>Hor\u00e1rio: 19h<\/p>\n\n\n\n<p>Onde: Sociedade Cultural Alem\u00e3 \/ Casa da Mem\u00f3ria &#8211; Rua XV de Novembro, 1000 \u2013 Am\u00e9rica, Joinville (anexo ao Cemit\u00e9rio do Imigrante)<\/p>\n\n\n\n<p>Entrada: Gratuita<\/p>\n\n\n\n<p>Mais informa\u00e7\u00f5es: (47) 99995-5177<\/p>\n","protected":false},"excerpt":{"rendered":"<p>Curta-metragem \u201cA Colina de Mittelweg\u201d ser\u00e1 exibido na Casa da Mem\u00f3ria, anexa ao Cemit\u00e9rio do&#8230;<\/p>\n","protected":false},"author":20,"featured_media":0,"comment_status":"closed","ping_status":"open","sticky":false,"template":"","format":"standard","meta":{"om_disable_all_campaigns":false,"_monsterinsights_skip_tracking":false,"_monsterinsights_sitenote_active":false,"_monsterinsights_sitenote_note":"","_monsterinsights_sitenote_category":0,"spay_email":""},"categories":[1],"tags":[],"jetpack_featured_media_url":"","_links":{"self":[{"href":"https:\/\/vimagazine.com.br\/index.php?rest_route=\/wp\/v2\/posts\/18678"}],"collection":[{"href":"https:\/\/vimagazine.com.br\/index.php?rest_route=\/wp\/v2\/posts"}],"about":[{"href":"https:\/\/vimagazine.com.br\/index.php?rest_route=\/wp\/v2\/types\/post"}],"author":[{"embeddable":true,"href":"https:\/\/vimagazine.com.br\/index.php?rest_route=\/wp\/v2\/users\/20"}],"replies":[{"embeddable":true,"href":"https:\/\/vimagazine.com.br\/index.php?rest_route=%2Fwp%2Fv2%2Fcomments&post=18678"}],"version-history":[{"count":1,"href":"https:\/\/vimagazine.com.br\/index.php?rest_route=\/wp\/v2\/posts\/18678\/revisions"}],"predecessor-version":[{"id":18680,"href":"https:\/\/vimagazine.com.br\/index.php?rest_route=\/wp\/v2\/posts\/18678\/revisions\/18680"}],"wp:attachment":[{"href":"https:\/\/vimagazine.com.br\/index.php?rest_route=%2Fwp%2Fv2%2Fmedia&parent=18678"}],"wp:term":[{"taxonomy":"category","embeddable":true,"href":"https:\/\/vimagazine.com.br\/index.php?rest_route=%2Fwp%2Fv2%2Fcategories&post=18678"},{"taxonomy":"post_tag","embeddable":true,"href":"https:\/\/vimagazine.com.br\/index.php?rest_route=%2Fwp%2Fv2%2Ftags&post=18678"}],"curies":[{"name":"wp","href":"https:\/\/api.w.org\/{rel}","templated":true}]}}