{"id":18708,"date":"2025-05-26T14:41:59","date_gmt":"2025-05-26T17:41:59","guid":{"rendered":"https:\/\/vimagazine.com.br\/?p=18708"},"modified":"2025-05-26T14:42:00","modified_gmt":"2025-05-26T17:42:00","slug":"sebrae-e-amunesc-levam-capacitacao-gratuita-para-agroindustrias-em-joinville-sao-francisco-do-sul-e-sao-bento-do-sul","status":"publish","type":"post","link":"https:\/\/vimagazine.com.br\/?p=18708","title":{"rendered":"Sebrae e Amunesc levam capacita\u00e7\u00e3o gratuita para agroind\u00fastrias em Joinville, S\u00e3o Francisco do Sul e S\u00e3o Bento do Sul"},"content":{"rendered":"\n<figure class=\"wp-block-image size-full\"><img width=\"900\" height=\"400\" src=\"https:\/\/vimagazine.com.br\/wp-content\/uploads\/2025\/05\/amunesc.jpg\" alt=\"\" class=\"wp-image-18709\" srcset=\"https:\/\/vimagazine.com.br\/wp-content\/uploads\/2025\/05\/amunesc.jpg 900w, https:\/\/vimagazine.com.br\/wp-content\/uploads\/2025\/05\/amunesc-300x133.jpg 300w, https:\/\/vimagazine.com.br\/wp-content\/uploads\/2025\/05\/amunesc-768x341.jpg 768w\" sizes=\"(max-width: 900px) 100vw, 900px\" \/><\/figure>\n\n\n\n<p>Eventos v\u00e3o reunir agroind\u00fastrias de nove munic\u00edpios para orientar, qualificar e impulsionar o setor de alimentos e bebidas no norte catarinense<\/p>\n\n\n\n<p>Agroind\u00fastrias de alimentos e bebidas de S\u00e3o Bento do Sul, Joinville, S\u00e3o Francisco do Sul e de outros seis munic\u00edpios da regi\u00e3o \u2014 Campo Alegre, Rio Negrinho, Garuva, Itapo\u00e1, Balne\u00e1rio Barra do Sul e Araquari \u2014 ter\u00e3o a oportunidade de participar gratuitamente das Cl\u00ednicas Empresariais Eventos promovidas pelo projeto FORTALECE AGRO. A iniciativa \u00e9 uma realiza\u00e7\u00e3o do Sebrae\/SC em parceria com o Cons\u00f3rcio Intermunicipal Multifinalit\u00e1rio da AMUNESC (CIM-AMUNESC), com foco na qualifica\u00e7\u00e3o e expans\u00e3o dos pequenos neg\u00f3cios do setor.<\/p>\n\n\n\n<p>Os encontros acontecer\u00e3o nas tr\u00eas cidades-polo e oferecer\u00e3o orienta\u00e7\u00f5es pr\u00e1ticas a empres\u00e1rios, gestores, respons\u00e1veis t\u00e9cnicos (RTs), profissionais dos Servi\u00e7os de Inspe\u00e7\u00e3o Municipal (SIM), gestores p\u00fablicos e parceiros. O objetivo \u00e9 apoiar a profissionaliza\u00e7\u00e3o, a regulariza\u00e7\u00e3o e o acesso a novos mercados regionais e nacionais por parte das agroind\u00fastrias locais.<\/p>\n\n\n\n<p>Conte\u00fado pr\u00e1tico e apoio t\u00e9cnico<\/p>\n\n\n\n<p>Com uma equipe de especialistas \u00e0 disposi\u00e7\u00e3o, as cl\u00ednicas abordar\u00e3o temas como gest\u00e3o empresarial, precifica\u00e7\u00e3o, inova\u00e7\u00e3o, marketing, competitividade e estrat\u00e9gias de comercializa\u00e7\u00e3o. Haver\u00e1 tamb\u00e9m orienta\u00e7\u00f5es espec\u00edficas para os RTs sobre as exig\u00eancias legais e sanit\u00e1rias para obten\u00e7\u00e3o dos selos ARTESANAIS e SISBI, fundamentais para ampliar a distribui\u00e7\u00e3o dos produtos al\u00e9m das fronteiras municipais.<\/p>\n\n\n\n<p>Identidade regional e novas conex\u00f5es<\/p>\n\n\n\n<p>Um dos destaques dos eventos ser\u00e1 a apresenta\u00e7\u00e3o da proposta de constru\u00e7\u00e3o da marca territorial da agroind\u00fastria do nordeste catarinense, valorizando a identidade dos produtos locais e promovendo o reconhecimento da regi\u00e3o como polo produtor de alimentos diferenciados. Al\u00e9m disso, os participantes ter\u00e3o oportunidade de se conectar com outros empreendedores e institui\u00e7\u00f5es parceiras do setor, fortalecendo o ecossistema produtivo regional.<\/p>\n\n\n\n<p>As cl\u00ednicas tamb\u00e9m abrem portas para a participa\u00e7\u00e3o no Programa de Capacita\u00e7\u00e3o em Alimentos e Bebidas do Sebrae\/SC, com trilhas formativas que complementam os conte\u00fados das oficinas presenciais.<\/p>\n\n\n\n<p>Inscri\u00e7\u00f5es gratuitas (vagas limitadas):<\/p>\n\n\n\n<p>\ud83d\udccd S\u00e3o Bento do Sul, Campo Alegre e Rio Negrinho: <a href=\"https:\/\/sebrae.sc\/clinica-sbs\">https:\/\/sebrae.sc\/clinica-sbs<\/a><\/p>\n\n\n\n<p>\ud83d\udccd Joinville, Garuva e Itapo\u00e1: <a href=\"https:\/\/sebrae.sc\/clinica-joinville\">https:\/\/sebrae.sc\/clinica-joinville<\/a><\/p>\n\n\n\n<p>\ud83d\udccd S\u00e3o Francisco do Sul, Barra do Sul e Araquari: <a href=\"https:\/\/sebrae.sc\/clinica-sfs\">https:\/\/sebrae.sc\/clinica-sfs<\/a><\/p>\n","protected":false},"excerpt":{"rendered":"<p>Eventos v\u00e3o reunir agroind\u00fastrias de nove munic\u00edpios para orientar, qualificar e impulsionar o setor de&#8230;<\/p>\n","protected":false},"author":20,"featured_media":0,"comment_status":"closed","ping_status":"open","sticky":false,"template":"","format":"standard","meta":{"om_disable_all_campaigns":false,"_monsterinsights_skip_tracking":false,"_monsterinsights_sitenote_active":false,"_monsterinsights_sitenote_note":"","_monsterinsights_sitenote_category":0,"spay_email":""},"categories":[1],"tags":[],"jetpack_featured_media_url":"","_links":{"self":[{"href":"https:\/\/vimagazine.com.br\/index.php?rest_route=\/wp\/v2\/posts\/18708"}],"collection":[{"href":"https:\/\/vimagazine.com.br\/index.php?rest_route=\/wp\/v2\/posts"}],"about":[{"href":"https:\/\/vimagazine.com.br\/index.php?rest_route=\/wp\/v2\/types\/post"}],"author":[{"embeddable":true,"href":"https:\/\/vimagazine.com.br\/index.php?rest_route=\/wp\/v2\/users\/20"}],"replies":[{"embeddable":true,"href":"https:\/\/vimagazine.com.br\/index.php?rest_route=%2Fwp%2Fv2%2Fcomments&post=18708"}],"version-history":[{"count":1,"href":"https:\/\/vimagazine.com.br\/index.php?rest_route=\/wp\/v2\/posts\/18708\/revisions"}],"predecessor-version":[{"id":18712,"href":"https:\/\/vimagazine.com.br\/index.php?rest_route=\/wp\/v2\/posts\/18708\/revisions\/18712"}],"wp:attachment":[{"href":"https:\/\/vimagazine.com.br\/index.php?rest_route=%2Fwp%2Fv2%2Fmedia&parent=18708"}],"wp:term":[{"taxonomy":"category","embeddable":true,"href":"https:\/\/vimagazine.com.br\/index.php?rest_route=%2Fwp%2Fv2%2Fcategories&post=18708"},{"taxonomy":"post_tag","embeddable":true,"href":"https:\/\/vimagazine.com.br\/index.php?rest_route=%2Fwp%2Fv2%2Ftags&post=18708"}],"curies":[{"name":"wp","href":"https:\/\/api.w.org\/{rel}","templated":true}]}}