{"id":18710,"date":"2025-05-26T14:42:07","date_gmt":"2025-05-26T17:42:07","guid":{"rendered":"https:\/\/vimagazine.com.br\/?p=18710"},"modified":"2025-05-26T14:54:30","modified_gmt":"2025-05-26T17:54:30","slug":"evento-reuniu-expositores-do-uruguai-chile-e-argentina-em-uma-noite-de-experiencias-sensoriais-e-networking-no-interior-paulista","status":"publish","type":"post","link":"https:\/\/vimagazine.com.br\/?p=18710","title":{"rendered":"Sorocaba recebe encontro internacional de vinhos com presen\u00e7a de grandes nomes do setor"},"content":{"rendered":"\n<p><\/p>\n\n\n\n<p class=\"has-text-align-center\"><em>Evento reuniu expositores do Uruguai, Chile e Argentina em uma noite de experi\u00eancias sensoriais e networking no interior paulista<\/em><\/p>\n\n\n\n<p><\/p>\n\n\n\n<p>No dia <strong>20 de maio<\/strong>, a cidade de <strong>Sorocaba (SP)<\/strong> sediou um evento internacional de degusta\u00e7\u00e3o de vinhos que atraiu olhares do mercado e encantou os amantes da enogastronomia. Com r\u00f3tulos premiados de safras distintas e produtores renomados da <strong>Am\u00e9rica do Sul<\/strong>, o encontro evidenciou o potencial do Brasil como um dos principais polos de neg\u00f3cios para o setor vitivin\u00edcola artesanal e de alta qualidade.<\/p>\n\n\n\n<figure class=\"wp-block-image alignnone wp-image-4217 size-full\"><img src=\"https:\/\/publisher.mcomglobal.com\/7\/wp-content\/uploads\/2025\/05\/c8ab96c8-b884-4364-aea6-ebcc7ff9d4d2_800x817.jpeg\" alt=\"Sorocaba recebe encontro internacional de vinhos com presen\u00e7a de grandes nomes do setor\" class=\"wp-image-4217\" \/><figcaption>Foto &#8211; Divulga\u00e7\u00e3o<\/figcaption><\/figure>\n\n\n\n<p>A iniciativa de trazer grandes nomes do segmento para o Brasil foi do Grupo Gran Serafim e o evento em Sorocaba foi capitaneado por Rodrigo Bertin, empres\u00e1rio e sommelier internacional. O evento teve como prop\u00f3sito de fortalecer a cultura do vinho e aproximar o p\u00fablico brasileiro de experi\u00eancias \u00fanicas com r\u00f3tulos internacionais. Realizado em um dos endere\u00e7os mais nobres de Sorocaba, o encontro proporcionou uma atmosfera de <strong>sofistica\u00e7\u00e3o, sabor e networking<\/strong>, reunindo especialistas, representantes comerciais, formadores de opini\u00e3o e apreciadores da bebida.<\/p>\n\n\n\n<figure class=\"wp-block-image alignnone wp-image-4218 size-full\"><img src=\"https:\/\/publisher.mcomglobal.com\/7\/wp-content\/uploads\/2025\/05\/2b45eac5-d7ed-4d70-914a-6fc5afd10dd5_800x884.jpeg\" alt=\"Sorocaba recebe encontro internacional de vinhos com presen\u00e7a de grandes nomes do setor\" class=\"wp-image-4218\" \/><figcaption>Foto &#8211; Divulga\u00e7\u00e3o<\/figcaption><\/figure>\n\n\n\n<p>Al\u00e9m da degusta\u00e7\u00e3o de vinhos cuidadosamente selecionados, os convidados puderam saborear uma mesa de caldos, p\u00e3es, pat\u00eas e outras iguarias harmonizadas \u2014 com atendimento conduzido por <strong>profissionais experientes na arte de servir<\/strong>.<\/p>\n\n\n\n<figure class=\"wp-block-image alignnone wp-image-4219 size-full\"><img src=\"https:\/\/publisher.mcomglobal.com\/7\/wp-content\/uploads\/2025\/05\/eed2b205-e8d3-4275-a538-acb1eb454f04_800x654.jpeg\" alt=\"Sorocaba recebe encontro internacional de vinhos com presen\u00e7a de grandes nomes do setor\" class=\"wp-image-4219\" \/><figcaption>Foto &#8211; Divulga\u00e7\u00e3o<\/figcaption><\/figure>\n\n\n\n<figure class=\"wp-block-image alignnone wp-image-4223 size-full\"><img src=\"https:\/\/publisher.mcomglobal.com\/7\/wp-content\/uploads\/2025\/05\/007fe5fd-b17c-4eba-9b5b-16f4f95a3cad_800x878.jpeg\" alt=\"Sorocaba recebe encontro internacional de vinhos com presen\u00e7a de grandes nomes do setor\" class=\"wp-image-4223\" \/><figcaption>Foto &#8211; Divulga\u00e7\u00e3o<\/figcaption><\/figure>\n\n\n\n<figure class=\"wp-block-image alignnone wp-image-4224 size-full\"><img src=\"https:\/\/publisher.mcomglobal.com\/7\/wp-content\/uploads\/2025\/05\/1ad3ff38-79cc-4072-8239-8c1d01af1911_800x699.jpeg\" alt=\"Sorocaba recebe encontro internacional de vinhos com presen\u00e7a de grandes nomes do setor\" class=\"wp-image-4224\" \/><figcaption>Foto &#8211; Divulga\u00e7\u00e3o<\/figcaption><\/figure>\n\n\n\n<p><strong><em>Entre os destaques internacionais presentes no evento:<\/em><\/strong><\/p>\n\n\n\n<ul><li><strong>Lucia Dosseti<\/strong> \u2013 Vina Eden (Uruguai)<\/li><li><strong>Bruno Azevedo<\/strong> \u2013 Perez Cruz (Chile)<\/li><li><strong>Cristian Olate<\/strong> \u2013 Vina Maquis \/ Calcu (Chile)<\/li><li><strong>Joaquim Brandini<\/strong> \u2013 Fam\u00edlia Falasco (Argentina)<\/li><li><strong>Julieta Nunez<\/strong> \u2013 Vina Albaflor (Argentina)<\/li><li><strong>Patricio Vargas<\/strong> \u2013 Viu Manent (Chile)<\/li><li><strong>Chistian Aliaga &#8211;<\/strong> (En\u00f3logo) William F\u00e8vre (Chile)<\/li><\/ul>\n\n\n\n<p>A experi\u00eancia tamb\u00e9m contou com <strong>promo\u00e7\u00f5es exclusivas<\/strong>, criadas especialmente para o p\u00fablico presente, consolidando o evento como uma importante <strong>vitrine de oportunidades comerciais e relacionamento direto entre produtores, importadores e distribuidores brasileiros<\/strong>.<\/p>\n\n\n\n<p>\u201cA qualidade dos r\u00f3tulos apresentados e o cuidado com cada detalhe da organiza\u00e7\u00e3o refor\u00e7am o quanto o Brasil, especialmente o interior paulista, pode se tornar refer\u00eancia em eventos enol\u00f3gicos de alto padr\u00e3o\u201d, destacou<strong> Rodrigo Bertin<\/strong>.<\/p>\n\n\n\n<figure class=\"wp-block-image alignnone wp-image-4221 size-full\"><img src=\"https:\/\/publisher.mcomglobal.com\/7\/wp-content\/uploads\/2025\/05\/6872aa22-80de-42e8-b0aa-9c0f26c699b7_800x844.jpeg\" alt=\"Sorocaba recebe encontro internacional de vinhos com presen\u00e7a de grandes nomes do setor\" class=\"wp-image-4221\" \/><figcaption>Foto &#8211; Divulga\u00e7\u00e3o<\/figcaption><\/figure>\n\n\n\n<p>A proposta \u00e9 que o evento passe a integrar o calend\u00e1rio anual da cidade, contribuindo com o fortalecimento do turismo de experi\u00eancias, da economia criativa e da valoriza\u00e7\u00e3o de produtores que realizam um trabalho singular e artesanal em seus pa\u00edses de origem.<\/p>\n\n\n\n<figure class=\"wp-block-image alignnone wp-image-4222 size-full\"><img src=\"https:\/\/publisher.mcomglobal.com\/7\/wp-content\/uploads\/2025\/05\/e5def16a-1dac-4a68-95b1-228fb9cead40_800x871.jpeg\" alt=\"Sorocaba recebe encontro internacional de vinhos com presen\u00e7a de grandes nomes do setor\" class=\"wp-image-4222\" \/><figcaption>Foto &#8211; Divulga\u00e7\u00e3o<\/figcaption><\/figure>\n","protected":false},"excerpt":{"rendered":"<p>Evento reuniu expositores do Uruguai, Chile e Argentina em uma noite de experi\u00eancias sensoriais e&#8230;<\/p>\n","protected":false},"author":2,"featured_media":18711,"comment_status":"closed","ping_status":"open","sticky":false,"template":"","format":"standard","meta":{"om_disable_all_campaigns":false,"_monsterinsights_skip_tracking":false,"_monsterinsights_sitenote_active":false,"_monsterinsights_sitenote_note":"","_monsterinsights_sitenote_category":0,"spay_email":""},"categories":[26,75],"tags":[106,1041],"jetpack_featured_media_url":"https:\/\/vimagazine.com.br\/wp-content\/uploads\/2025\/05\/9fd7b5cd-c33a-490d-85b4-c398a8bd5ab0_800x718.jpeg","_links":{"self":[{"href":"https:\/\/vimagazine.com.br\/index.php?rest_route=\/wp\/v2\/posts\/18710"}],"collection":[{"href":"https:\/\/vimagazine.com.br\/index.php?rest_route=\/wp\/v2\/posts"}],"about":[{"href":"https:\/\/vimagazine.com.br\/index.php?rest_route=\/wp\/v2\/types\/post"}],"author":[{"embeddable":true,"href":"https:\/\/vimagazine.com.br\/index.php?rest_route=\/wp\/v2\/users\/2"}],"replies":[{"embeddable":true,"href":"https:\/\/vimagazine.com.br\/index.php?rest_route=%2Fwp%2Fv2%2Fcomments&post=18710"}],"version-history":[{"count":2,"href":"https:\/\/vimagazine.com.br\/index.php?rest_route=\/wp\/v2\/posts\/18710\/revisions"}],"predecessor-version":[{"id":18714,"href":"https:\/\/vimagazine.com.br\/index.php?rest_route=\/wp\/v2\/posts\/18710\/revisions\/18714"}],"wp:featuredmedia":[{"embeddable":true,"href":"https:\/\/vimagazine.com.br\/index.php?rest_route=\/wp\/v2\/media\/18711"}],"wp:attachment":[{"href":"https:\/\/vimagazine.com.br\/index.php?rest_route=%2Fwp%2Fv2%2Fmedia&parent=18710"}],"wp:term":[{"taxonomy":"category","embeddable":true,"href":"https:\/\/vimagazine.com.br\/index.php?rest_route=%2Fwp%2Fv2%2Fcategories&post=18710"},{"taxonomy":"post_tag","embeddable":true,"href":"https:\/\/vimagazine.com.br\/index.php?rest_route=%2Fwp%2Fv2%2Ftags&post=18710"}],"curies":[{"name":"wp","href":"https:\/\/api.w.org\/{rel}","templated":true}]}}