{"id":18736,"date":"2025-05-27T10:46:38","date_gmt":"2025-05-27T13:46:38","guid":{"rendered":"https:\/\/vimagazine.com.br\/?p=18736"},"modified":"2025-05-27T10:46:39","modified_gmt":"2025-05-27T13:46:39","slug":"casacor-sp-2025-confira-os-principais-destaques","status":"publish","type":"post","link":"https:\/\/vimagazine.com.br\/?p=18736","title":{"rendered":"CASACOR SP 2025: Confira os principais destaques"},"content":{"rendered":"\n<p><\/p>\n\n\n\n<p>Em sua 38\u00aa edi\u00e7\u00e3o, a CASACOR S\u00e3o Paulo, maior mostra de arquitetura e decora\u00e7\u00e3o das Am\u00e9ricas, acontece pela primeira vez no Parque da \u00c1gua Branca, em S\u00e3o Paulo, um dos mais importantes parques da cidade. O evento, que ocorre de 27 de maio a 3 de agosto, tem como tema &#8220;Semear Sonhos&#8221; e exalta a import\u00e2ncia do sonhar em nossas vidas.<\/p>\n\n\n\n<p>Confira abaixo os nossos principais destaques em primeira m\u00e3o:\u00a0<br><br><\/p>\n\n\n\n<figure class=\"wp-block-image size-large is-resized\"><img src=\"https:\/\/vimagazine.com.br\/wp-content\/uploads\/2025\/05\/c5bf20f3-09d8-4c90-b89f-8eebf73edbee-1024x683.jpg\" alt=\"\" class=\"wp-image-18737\" width=\"768\" height=\"512\" srcset=\"https:\/\/vimagazine.com.br\/wp-content\/uploads\/2025\/05\/c5bf20f3-09d8-4c90-b89f-8eebf73edbee-1024x683.jpg 1024w, https:\/\/vimagazine.com.br\/wp-content\/uploads\/2025\/05\/c5bf20f3-09d8-4c90-b89f-8eebf73edbee-300x200.jpg 300w, https:\/\/vimagazine.com.br\/wp-content\/uploads\/2025\/05\/c5bf20f3-09d8-4c90-b89f-8eebf73edbee-768x512.jpg 768w, https:\/\/vimagazine.com.br\/wp-content\/uploads\/2025\/05\/c5bf20f3-09d8-4c90-b89f-8eebf73edbee.jpg 1280w\" sizes=\"(max-width: 768px) 100vw, 768px\" \/><figcaption><em>cr\u00e9ditos: MCA Est\u00fadio<\/em><\/figcaption><\/figure>\n\n\n\n<p><strong>Beatriz Quinelato Arquitetura | Sopro:<\/strong>\u00a0Com a premissa de criar um ambiente para reconectar-se com nossa ess\u00eancia mais pura, Beatriz distribui seu projeto em 45 m\u00b2, integrando living, dormit\u00f3rio e biblioteca em um \u00fanico espa\u00e7o fluido. Ela prop\u00f5e novas formas de habitar que valorizam a mem\u00f3ria do lugar, mas tamb\u00e9m apontam para o futuro, construindo um ambiente de relaxamento e const\u00e2ncia. <\/p>\n\n\n\n<p><\/p>\n\n\n\n<p><\/p>\n\n\n\n<figure class=\"wp-block-image size-large is-resized\"><img src=\"https:\/\/vimagazine.com.br\/wp-content\/uploads\/2025\/05\/17e42173-01be-480b-9528-2440f994caf1-1024x682.jpg\" alt=\"\" class=\"wp-image-18738\" width=\"768\" height=\"512\" srcset=\"https:\/\/vimagazine.com.br\/wp-content\/uploads\/2025\/05\/17e42173-01be-480b-9528-2440f994caf1-1024x682.jpg 1024w, https:\/\/vimagazine.com.br\/wp-content\/uploads\/2025\/05\/17e42173-01be-480b-9528-2440f994caf1-300x200.jpg 300w, https:\/\/vimagazine.com.br\/wp-content\/uploads\/2025\/05\/17e42173-01be-480b-9528-2440f994caf1-768x512.jpg 768w, https:\/\/vimagazine.com.br\/wp-content\/uploads\/2025\/05\/17e42173-01be-480b-9528-2440f994caf1.jpg 1280w\" sizes=\"(max-width: 768px) 100vw, 768px\" \/><figcaption><em>cr\u00e9ditos: Ruy Teixeira<\/em><\/figcaption><\/figure>\n\n\n\n<p><strong>Felipe Carolo Arquitetura e Restauro | Est\u00fadio Theodoro:\u00a0<\/strong>Inspirado pela excel\u00eancia de seu trabalho, o arquiteto estreia na mostra com o &#8216;Est\u00fadio Theodoro&#8217;, um espa\u00e7o afetivo e funcional de 72 m\u00b2, onde arte e arquitetura se fundem em um manifesto sobre autenticidade e imagina\u00e7\u00e3o. Todo o projeto \u00e9 composto por p\u00f3rticos arredondados, cujas curvas convidam \u00e0 fluidez da narrativa constru\u00edda.<\/p>\n\n\n\n<p><\/p>\n\n\n\n<p><\/p>\n\n\n\n<figure class=\"wp-block-image size-large\"><img width=\"1024\" height=\"676\" src=\"https:\/\/vimagazine.com.br\/wp-content\/uploads\/2025\/05\/d3e88f24-4667-4952-a927-40bdcedb8c39-1024x676.jpg\" alt=\"\" class=\"wp-image-18739\" srcset=\"https:\/\/vimagazine.com.br\/wp-content\/uploads\/2025\/05\/d3e88f24-4667-4952-a927-40bdcedb8c39-1024x676.jpg 1024w, https:\/\/vimagazine.com.br\/wp-content\/uploads\/2025\/05\/d3e88f24-4667-4952-a927-40bdcedb8c39-300x198.jpg 300w, https:\/\/vimagazine.com.br\/wp-content\/uploads\/2025\/05\/d3e88f24-4667-4952-a927-40bdcedb8c39-768x507.jpg 768w, https:\/\/vimagazine.com.br\/wp-content\/uploads\/2025\/05\/d3e88f24-4667-4952-a927-40bdcedb8c39.jpg 1280w\" sizes=\"(max-width: 1024px) 100vw, 1024px\" \/><figcaption><em>cr\u00e9ditos: NY18 Est\u00fadio<\/em><\/figcaption><\/figure>\n\n\n\n<p><br><strong>Natan Gil Arquitetura | Loft Sussurros das montanhas:\u00a0<\/strong>Em sua segunda participa\u00e7\u00e3o na CASACOR SP, Natan cria um loft de 90 m\u00b2 com identidade pr\u00f3pria, onde natureza, mem\u00f3ria e design autoral se entrela\u00e7am em uma narrativa conceitual e po\u00e9tica. Partindo de uma base limpa e neutra, o ambiente \u00e9 concebido como um fundo branco \u2014 um espa\u00e7o silencioso, onde a hist\u00f3ria pode ser contada com delicadeza e inten\u00e7\u00e3o.<br><br><\/p>\n\n\n\n<figure class=\"wp-block-image size-large\"><img width=\"1024\" height=\"682\" src=\"https:\/\/vimagazine.com.br\/wp-content\/uploads\/2025\/05\/f54248f2-86c4-42b5-a129-8579fa1ed300-1024x682.jpg\" alt=\"\" class=\"wp-image-18740\" srcset=\"https:\/\/vimagazine.com.br\/wp-content\/uploads\/2025\/05\/f54248f2-86c4-42b5-a129-8579fa1ed300-1024x682.jpg 1024w, https:\/\/vimagazine.com.br\/wp-content\/uploads\/2025\/05\/f54248f2-86c4-42b5-a129-8579fa1ed300-300x200.jpg 300w, https:\/\/vimagazine.com.br\/wp-content\/uploads\/2025\/05\/f54248f2-86c4-42b5-a129-8579fa1ed300-768x512.jpg 768w, https:\/\/vimagazine.com.br\/wp-content\/uploads\/2025\/05\/f54248f2-86c4-42b5-a129-8579fa1ed300.jpg 1280w\" sizes=\"(max-width: 1024px) 100vw, 1024px\" \/><figcaption><em>cr\u00e9ditos: MCA Est\u00fadio<\/em><\/figcaption><\/figure>\n\n\n\n<p><\/p>\n\n\n\n<p><strong>Rodra Arquitetura | Est\u00fadio Potiguar:<\/strong>\u00a0O arquiteto Rodra mostra na sua estreia de CASACOR, um projeto repleto de inspira\u00e7\u00e3o nas ra\u00edzes nordestinas, rico em hist\u00f3rias, cores, texturas e tradi\u00e7\u00f5es. Bordados feitos \u00e0 m\u00e3o, obras de arte e elementos artesanais, desenvolvidos para trazer afeto, mem\u00f3ria e brasilidade. O ambiente busca conectar-se com aquilo que nos torna singulares, criando um espa\u00e7o exclusivo que reflete a ess\u00eancia do sonhar.<\/p>\n\n\n\n<p><\/p>\n\n\n\n<figure class=\"wp-block-image size-large\"><img width=\"1024\" height=\"682\" src=\"https:\/\/vimagazine.com.br\/wp-content\/uploads\/2025\/05\/ae07ca6e-db70-43ca-b7af-59aed1f581c8-1024x682.jpg\" alt=\"\" class=\"wp-image-18741\" srcset=\"https:\/\/vimagazine.com.br\/wp-content\/uploads\/2025\/05\/ae07ca6e-db70-43ca-b7af-59aed1f581c8-1024x682.jpg 1024w, https:\/\/vimagazine.com.br\/wp-content\/uploads\/2025\/05\/ae07ca6e-db70-43ca-b7af-59aed1f581c8-300x200.jpg 300w, https:\/\/vimagazine.com.br\/wp-content\/uploads\/2025\/05\/ae07ca6e-db70-43ca-b7af-59aed1f581c8-768x512.jpg 768w, https:\/\/vimagazine.com.br\/wp-content\/uploads\/2025\/05\/ae07ca6e-db70-43ca-b7af-59aed1f581c8.jpg 1280w\" sizes=\"(max-width: 1024px) 100vw, 1024px\" \/><figcaption><em>cr\u00e9ditos: MCA Est\u00fadio<\/em><\/figcaption><\/figure>\n\n\n\n<p><\/p>\n\n\n\n<p><strong>Sala2 Arquitetura | Sala Clareira:\u00a0<\/strong>No amplo espa\u00e7o de 42 m\u00b2, o living narra uma hist\u00f3ria por meio de uma jornada sensorial e atemporal. O ambiente prop\u00f5e a fus\u00e3o entre a constru\u00e7\u00e3o urbana e a natureza, criando experi\u00eancias multissensoriais a partir dessa converg\u00eancia. Inspirado em uma floresta densa, o projeto atua como um filtro simb\u00f3lico entre o ritmo acelerado da metr\u00f3pole e o tempo org\u00e2nico da natureza.<\/p>\n\n\n\n<p><\/p>\n\n\n\n<figure class=\"wp-block-image size-large\"><img width=\"1024\" height=\"683\" src=\"https:\/\/vimagazine.com.br\/wp-content\/uploads\/2025\/05\/680d8cd0-af60-4ea8-b534-2b31b927d2ad-1024x683.jpg\" alt=\"\" class=\"wp-image-18742\" srcset=\"https:\/\/vimagazine.com.br\/wp-content\/uploads\/2025\/05\/680d8cd0-af60-4ea8-b534-2b31b927d2ad-1024x683.jpg 1024w, https:\/\/vimagazine.com.br\/wp-content\/uploads\/2025\/05\/680d8cd0-af60-4ea8-b534-2b31b927d2ad-300x200.jpg 300w, https:\/\/vimagazine.com.br\/wp-content\/uploads\/2025\/05\/680d8cd0-af60-4ea8-b534-2b31b927d2ad-768x512.jpg 768w, https:\/\/vimagazine.com.br\/wp-content\/uploads\/2025\/05\/680d8cd0-af60-4ea8-b534-2b31b927d2ad.jpg 1299w\" sizes=\"(max-width: 1024px) 100vw, 1024px\" \/><figcaption><em>cr\u00e9ditos: MCA Est\u00fadio<\/em><\/figcaption><\/figure>\n\n\n\n<p><\/p>\n\n\n\n<p><strong>Carlos Navero e Melissa Camargo | Reflexos da Tradi\u00e7\u00e3o &#8211; em parceria com a Criare:\u00a0<\/strong>Na cozinha e sala de jantar de 53 m\u00b2 destaca-se o uso da madeira como protagonista, valorizando a composi\u00e7\u00e3o de elementos contempor\u00e2neos com pe\u00e7as hist\u00f3ricas.<\/p>\n\n\n\n<p><\/p>\n\n\n\n<p><\/p>\n\n\n\n<figure class=\"wp-block-image size-large is-resized\"><img src=\"https:\/\/vimagazine.com.br\/wp-content\/uploads\/2025\/05\/596fe70f-0331-4f7b-9eb0-65cf2e9af0ca-1024x683.jpg\" alt=\"\" class=\"wp-image-18743\" width=\"840\" height=\"560\" srcset=\"https:\/\/vimagazine.com.br\/wp-content\/uploads\/2025\/05\/596fe70f-0331-4f7b-9eb0-65cf2e9af0ca-1024x683.jpg 1024w, https:\/\/vimagazine.com.br\/wp-content\/uploads\/2025\/05\/596fe70f-0331-4f7b-9eb0-65cf2e9af0ca-300x200.jpg 300w, https:\/\/vimagazine.com.br\/wp-content\/uploads\/2025\/05\/596fe70f-0331-4f7b-9eb0-65cf2e9af0ca-768x512.jpg 768w, https:\/\/vimagazine.com.br\/wp-content\/uploads\/2025\/05\/596fe70f-0331-4f7b-9eb0-65cf2e9af0ca.jpg 1299w\" sizes=\"(max-width: 840px) 100vw, 840px\" \/><figcaption><em>cr\u00e9ditos:\u00a0Israel Gollino<\/em><\/figcaption><\/figure>\n\n\n\n<p><\/p>\n\n\n\n<p><strong>Andr\u00e9 Bastos e Pedro Luiz de Marqui | Arcadia Banco BRB:<\/strong>\u00a0O bar-ref\u00fagio une natureza, design e arte em parceria com a Decameron. Com vista para o verde do Parque da \u00c1gua Branca, o espa\u00e7o de 140 m\u00b2 prop\u00f5e uma experi\u00eancia sensorial com mobili\u00e1rio autoral, obras de arte e elementos c\u00eanicos que convidam \u00e0 contempla\u00e7\u00e3o e \u00e0 pausa.<\/p>\n\n\n\n<p><\/p>\n\n\n\n<p><\/p>\n","protected":false},"excerpt":{"rendered":"<p>Em sua 38\u00aa edi\u00e7\u00e3o, a CASACOR S\u00e3o Paulo, maior mostra de arquitetura e decora\u00e7\u00e3o das&#8230;<\/p>\n","protected":false},"author":1,"featured_media":18739,"comment_status":"closed","ping_status":"open","sticky":false,"template":"","format":"standard","meta":{"om_disable_all_campaigns":false,"_monsterinsights_skip_tracking":false,"_monsterinsights_sitenote_active":false,"_monsterinsights_sitenote_note":"","_monsterinsights_sitenote_category":0,"spay_email":""},"categories":[27],"tags":[],"jetpack_featured_media_url":"https:\/\/vimagazine.com.br\/wp-content\/uploads\/2025\/05\/d3e88f24-4667-4952-a927-40bdcedb8c39.jpg","_links":{"self":[{"href":"https:\/\/vimagazine.com.br\/index.php?rest_route=\/wp\/v2\/posts\/18736"}],"collection":[{"href":"https:\/\/vimagazine.com.br\/index.php?rest_route=\/wp\/v2\/posts"}],"about":[{"href":"https:\/\/vimagazine.com.br\/index.php?rest_route=\/wp\/v2\/types\/post"}],"author":[{"embeddable":true,"href":"https:\/\/vimagazine.com.br\/index.php?rest_route=\/wp\/v2\/users\/1"}],"replies":[{"embeddable":true,"href":"https:\/\/vimagazine.com.br\/index.php?rest_route=%2Fwp%2Fv2%2Fcomments&post=18736"}],"version-history":[{"count":1,"href":"https:\/\/vimagazine.com.br\/index.php?rest_route=\/wp\/v2\/posts\/18736\/revisions"}],"predecessor-version":[{"id":18744,"href":"https:\/\/vimagazine.com.br\/index.php?rest_route=\/wp\/v2\/posts\/18736\/revisions\/18744"}],"wp:featuredmedia":[{"embeddable":true,"href":"https:\/\/vimagazine.com.br\/index.php?rest_route=\/wp\/v2\/media\/18739"}],"wp:attachment":[{"href":"https:\/\/vimagazine.com.br\/index.php?rest_route=%2Fwp%2Fv2%2Fmedia&parent=18736"}],"wp:term":[{"taxonomy":"category","embeddable":true,"href":"https:\/\/vimagazine.com.br\/index.php?rest_route=%2Fwp%2Fv2%2Fcategories&post=18736"},{"taxonomy":"post_tag","embeddable":true,"href":"https:\/\/vimagazine.com.br\/index.php?rest_route=%2Fwp%2Fv2%2Ftags&post=18736"}],"curies":[{"name":"wp","href":"https:\/\/api.w.org\/{rel}","templated":true}]}}