{"id":18751,"date":"2025-05-28T10:28:24","date_gmt":"2025-05-28T13:28:24","guid":{"rendered":"https:\/\/vimagazine.com.br\/?p=18751"},"modified":"2025-05-28T10:28:24","modified_gmt":"2025-05-28T13:28:24","slug":"anti-heroi-brasil-e-o-enredo-da-academicos-do-tucuruvi-para-o-carnaval-de-2026","status":"publish","type":"post","link":"https:\/\/vimagazine.com.br\/?p=18751","title":{"rendered":"\u201cAnti-her\u00f3i Brasil\u201d \u00e9 o enredo da Acad\u00eamicos do Tucuruvi para o carnaval de 2026"},"content":{"rendered":"\n<figure class=\"wp-block-image aligncenter size-large is-resized\"><img src=\"https:\/\/vimagazine.com.br\/wp-content\/uploads\/2025\/05\/Logo-Tucuruvi-Enredo-Carnaval-2026-725x1024.jpg\" alt=\"\" class=\"wp-image-18752\" width=\"514\" height=\"726\" srcset=\"https:\/\/vimagazine.com.br\/wp-content\/uploads\/2025\/05\/Logo-Tucuruvi-Enredo-Carnaval-2026-725x1024.jpg 725w, https:\/\/vimagazine.com.br\/wp-content\/uploads\/2025\/05\/Logo-Tucuruvi-Enredo-Carnaval-2026-212x300.jpg 212w, https:\/\/vimagazine.com.br\/wp-content\/uploads\/2025\/05\/Logo-Tucuruvi-Enredo-Carnaval-2026-768x1085.jpg 768w, https:\/\/vimagazine.com.br\/wp-content\/uploads\/2025\/05\/Logo-Tucuruvi-Enredo-Carnaval-2026-1087x1536.jpg 1087w, https:\/\/vimagazine.com.br\/wp-content\/uploads\/2025\/05\/Logo-Tucuruvi-Enredo-Carnaval-2026-1024x1447.jpg 1024w, https:\/\/vimagazine.com.br\/wp-content\/uploads\/2025\/05\/Logo-Tucuruvi-Enredo-Carnaval-2026.jpg 1359w\" sizes=\"(max-width: 514px) 100vw, 514px\" \/><\/figure>\n\n\n\n<p>Rumo ao carnaval de 2026, a Acad\u00eamicos do Tucuruvi divulgou o seu enredo para o pr\u00f3ximo desfile. A agremia\u00e7\u00e3o da Cantareira desfilar\u00e1 pelo grupo de acesso com o enredo \u201cAnti-her\u00f3i Brasil\u201d, assinado pelo carnavalesco Nicolas Gon\u00e7alves e pelo enredista Cleiton Almeida. O tema pretende refletir sobre como o brasileiro tem uma forte conex\u00e3o com a figura anti-heroica e com suas inadequa\u00e7\u00f5es aos modelos ideais.<\/p>\n\n\n\n<p>O enredo ser\u00e1 uma celebra\u00e7\u00e3o ao nosso povo que vive e luta em meio \u00e0s contradi\u00e7\u00f5es do pa\u00eds. Por meio de exemplos hist\u00f3ricos, liter\u00e1rios e cotidianos (como Jo\u00e3o Grilo, Macuna\u00edma, mestres das ruas e trabalhadores subvalorizados), a agremia\u00e7\u00e3o mostrar\u00e1 que somos um pa\u00eds de her\u00f3is que n\u00e3o s\u00e3o os tradicionais, cl\u00e1ssicos e superpoderosos; mas sim os que erram, caem, burlam e se esquivam. Her\u00f3is an\u00f4nimos, fr\u00e1geis e humanos, gerados pela informalidade.<\/p>\n\n\n\n<p>\u2022\u2060 &nbsp;\u2060A Tucuruvi defender\u00e1 na Avenida que somos uma na\u00e7\u00e3o de anti-her\u00f3is que \u00e0s vezes vencem, \u00e0s vezes fracassam, mas que continuam lutando porque acreditam em seu prop\u00f3sito. Tendo como provoca\u00e7\u00e3o a frase &#8220;seja marginal, seja her\u00f3i&#8221;, do artista brasileiro H\u00e9lio Oiticica, a escola cantar\u00e1 a vida de quem se faz her\u00f3i mesmo que \u00e0s margens, nas ruas e periferias da cidade, sob o descaso e a viol\u00eancia da oficialidade. \u2013 Revela o carnavalesco Nicolas Gon\u00e7alves.<\/p>\n\n\n\n<p>Em 2026, a Acad\u00eamicos do Tucuruvi ser\u00e1 a terceira escola a desfilar no domingo de carnaval, dia 15 de fevereiro, pelo grupo de acesso do carnaval paulistano. A escola pisar\u00e1 no Samb\u00f3dromo do Anhembi em busca do seu retorno ao grupo especial em 2027.<\/p>\n","protected":false},"excerpt":{"rendered":"<p>Rumo ao carnaval de 2026, a Acad\u00eamicos do Tucuruvi divulgou o seu enredo para o&#8230;<\/p>\n","protected":false},"author":19,"featured_media":18753,"comment_status":"closed","ping_status":"open","sticky":false,"template":"","format":"standard","meta":{"om_disable_all_campaigns":false,"_monsterinsights_skip_tracking":false,"_monsterinsights_sitenote_active":false,"_monsterinsights_sitenote_note":"","_monsterinsights_sitenote_category":0,"spay_email":""},"categories":[1],"tags":[],"jetpack_featured_media_url":"https:\/\/vimagazine.com.br\/wp-content\/uploads\/2025\/05\/Carnavalesco-Ni\u0301colas-Gonc\u0327alves-e-o-Enredista-Cleiton-Almeida.jpeg","_links":{"self":[{"href":"https:\/\/vimagazine.com.br\/index.php?rest_route=\/wp\/v2\/posts\/18751"}],"collection":[{"href":"https:\/\/vimagazine.com.br\/index.php?rest_route=\/wp\/v2\/posts"}],"about":[{"href":"https:\/\/vimagazine.com.br\/index.php?rest_route=\/wp\/v2\/types\/post"}],"author":[{"embeddable":true,"href":"https:\/\/vimagazine.com.br\/index.php?rest_route=\/wp\/v2\/users\/19"}],"replies":[{"embeddable":true,"href":"https:\/\/vimagazine.com.br\/index.php?rest_route=%2Fwp%2Fv2%2Fcomments&post=18751"}],"version-history":[{"count":1,"href":"https:\/\/vimagazine.com.br\/index.php?rest_route=\/wp\/v2\/posts\/18751\/revisions"}],"predecessor-version":[{"id":18754,"href":"https:\/\/vimagazine.com.br\/index.php?rest_route=\/wp\/v2\/posts\/18751\/revisions\/18754"}],"wp:featuredmedia":[{"embeddable":true,"href":"https:\/\/vimagazine.com.br\/index.php?rest_route=\/wp\/v2\/media\/18753"}],"wp:attachment":[{"href":"https:\/\/vimagazine.com.br\/index.php?rest_route=%2Fwp%2Fv2%2Fmedia&parent=18751"}],"wp:term":[{"taxonomy":"category","embeddable":true,"href":"https:\/\/vimagazine.com.br\/index.php?rest_route=%2Fwp%2Fv2%2Fcategories&post=18751"},{"taxonomy":"post_tag","embeddable":true,"href":"https:\/\/vimagazine.com.br\/index.php?rest_route=%2Fwp%2Fv2%2Ftags&post=18751"}],"curies":[{"name":"wp","href":"https:\/\/api.w.org\/{rel}","templated":true}]}}