{"id":18818,"date":"2025-06-02T15:16:29","date_gmt":"2025-06-02T18:16:29","guid":{"rendered":"https:\/\/vimagazine.com.br\/?p=18818"},"modified":"2025-06-02T15:16:31","modified_gmt":"2025-06-02T18:16:31","slug":"uma-noite-de-protagonismo-grupo-jurema-lanca-movimento-feminino-no-copacabana-palace","status":"publish","type":"post","link":"https:\/\/vimagazine.com.br\/?p=18818","title":{"rendered":"Uma Noite de Protagonismo: Grupo Jurema Lan\u00e7a Movimento Feminino no Copacabana Palace"},"content":{"rendered":"\n<p><\/p>\n\n\n\n<p><\/p>\n\n\n\n<p><\/p>\n\n\n\n<p class=\"has-medium-font-size\"><strong>O Copacabana Palace foi palco de um dos encontros mais marcantes do ano: o jantar &#8220;Mulheres nos Espa\u00e7os do Poder&#8221;, promovido pelo Grupo Jurema.<\/strong><\/p>\n\n\n\n<p>Idealizado por Luciana Ara\u00fajo, jornalista e CEO do grupo, o evento celebrou o lan\u00e7amento da primeira edi\u00e7\u00e3o do movimento que pretende ampliar a presen\u00e7a feminina em cargos de lideran\u00e7a no Brasil. Reunindo lideran\u00e7as de diversas regi\u00f5es, o jantar uniu arte, moda, conex\u00e3o e impacto social em uma noite memor\u00e1vel.<\/p>\n\n\n\n<p><strong>Homenagens e rede de transforma\u00e7\u00e3o<\/strong><\/p>\n\n\n\n<p>A noite tamb\u00e9m marcou a entrega do Pr\u00eamio Embaixadoras da Esperan\u00e7a, concedido a 20 mulheres inspiradoras, que, por sua vez, indicaram outras dez cada, formando uma poderosa rede de transforma\u00e7\u00e3o feminina.<\/p>\n\n\n\n<p><strong>Moda com significado<\/strong><\/p>\n\n\n\n<p>Tr\u00eas marcas brilharam em uma passarela com curadoria da atriz Claudia Melo (em cartaz na Globoplay):<\/p>\n\n\n\n<ul><li><em>Via Boho<\/em>: luxo e estilo autoral;<\/li><li><em>Monthal<\/em>: sofistica\u00e7\u00e3o no vestir para dormir;<\/li><li><em>Alignmed Brasil<\/em>: moda esportiva com foco em postura e bem-estar.<\/li><\/ul>\n\n\n\n<p><strong>Emo\u00e7\u00e3o e ancestralidade<\/strong><\/p>\n\n\n\n<p>A atriz e empres\u00e1ria Yara Castanha abriu a noite com um mon\u00f3logo po\u00e9tico e in\u00e9dito que exaltou a ancestralidade feminina. A vereadora Tain\u00e1 de Paula, a mais votada do Rio de Janeiro, tamb\u00e9m compartilhou reflex\u00f5es potentes sobre a presen\u00e7a da mulher na pol\u00edtica.<\/p>\n\n\n\n<p><strong>Arte e solidariedade<\/strong><\/p>\n\n\n\n<p>Parte da renda do evento foi destinada ao Instituto Palco da Vida, do ator Wal Schneider. O projeto social oferece aulas de artes integradas e j\u00e1 beneficiou mais de 10 mil jovens na regi\u00e3o da Leopoldina (RJ).<\/p>\n\n\n\n<p><strong>M\u00fasica para celebrar<\/strong><\/p>\n\n\n\n<p>O cantor Heverton Castro (ex-The Voice Brasil) e sua banda encerraram a noite com um show repleto de brasilidade e emo\u00e7\u00e3o.<\/p>\n\n\n\n<p><strong>Um futuro liderado por mulheres<\/strong><\/p>\n\n\n\n<p>Com cobertura especial da TV Max, atrav\u00e9s do quadro &#8220;Desir\u00e9e Conecta&#8221;, o jantar n\u00e3o foi apenas uma celebra\u00e7\u00e3o, mas o marco de um movimento em expans\u00e3o. O Brasil precisa de mais mulheres em posi\u00e7\u00f5es de poder \u2014 e o Grupo Jurema mostrou que esse futuro j\u00e1 come\u00e7ou a ser escrito.<\/p>\n\n\n\n<p><\/p>\n\n\n\n<figure class=\"wp-container-2 wp-block-gallery-1 wp-block-gallery has-nested-images columns-2 is-cropped\">\n<figure class=\"wp-block-image size-large\"><img width=\"1920\" height=\"1313\" data-id=\"18819\"  src=\"https:\/\/vimagazine.com.br\/wp-content\/uploads\/2025\/06\/Vereadora-Taina-de-Paula-Marcele-Porto-superintendente-da-secretaria-da-Mulher-Wal-Schneider-criador-do-Palco-da-vida-e-Luciana-Araujo-anfitriaIMG_1093.jpg\" alt=\"\" class=\"wp-image-18819\" srcset=\"https:\/\/vimagazine.com.br\/wp-content\/uploads\/2025\/06\/Vereadora-Taina-de-Paula-Marcele-Porto-superintendente-da-secretaria-da-Mulher-Wal-Schneider-criador-do-Palco-da-vida-e-Luciana-Araujo-anfitriaIMG_1093.jpg 1920w, https:\/\/vimagazine.com.br\/wp-content\/uploads\/2025\/06\/Vereadora-Taina-de-Paula-Marcele-Porto-superintendente-da-secretaria-da-Mulher-Wal-Schneider-criador-do-Palco-da-vida-e-Luciana-Araujo-anfitriaIMG_1093-300x205.jpg 300w, https:\/\/vimagazine.com.br\/wp-content\/uploads\/2025\/06\/Vereadora-Taina-de-Paula-Marcele-Porto-superintendente-da-secretaria-da-Mulher-Wal-Schneider-criador-do-Palco-da-vida-e-Luciana-Araujo-anfitriaIMG_1093-1024x700.jpg 1024w, https:\/\/vimagazine.com.br\/wp-content\/uploads\/2025\/06\/Vereadora-Taina-de-Paula-Marcele-Porto-superintendente-da-secretaria-da-Mulher-Wal-Schneider-criador-do-Palco-da-vida-e-Luciana-Araujo-anfitriaIMG_1093-768x525.jpg 768w, https:\/\/vimagazine.com.br\/wp-content\/uploads\/2025\/06\/Vereadora-Taina-de-Paula-Marcele-Porto-superintendente-da-secretaria-da-Mulher-Wal-Schneider-criador-do-Palco-da-vida-e-Luciana-Araujo-anfitriaIMG_1093-1536x1050.jpg 1536w\" sizes=\"(max-width: 1920px) 100vw, 1920px\" \/><figcaption>Vereadora Tain\u00e1 de Paula Marcele Porto superintendente da secretaria da Mulher Wal Schneider criador do Palco da vida e Luciana Araujo anfitri\u00e3<\/figcaption><\/figure>\n\n\n\n<figure class=\"wp-block-image size-large\"><img width=\"1920\" height=\"1317\" data-id=\"18820\"  src=\"https:\/\/vimagazine.com.br\/wp-content\/uploads\/2025\/06\/Dr-Gregory-Markarian-Luciana-Araujo-a-Superintendente-da-Secretaria-da-mulher-Daiane-Luna-e-Claudia-MleoAF83E19-C45A-4770-9F79-FC13E7AB592B.jpeg\" alt=\"\" class=\"wp-image-18820\" srcset=\"https:\/\/vimagazine.com.br\/wp-content\/uploads\/2025\/06\/Dr-Gregory-Markarian-Luciana-Araujo-a-Superintendente-da-Secretaria-da-mulher-Daiane-Luna-e-Claudia-MleoAF83E19-C45A-4770-9F79-FC13E7AB592B.jpeg 1920w, https:\/\/vimagazine.com.br\/wp-content\/uploads\/2025\/06\/Dr-Gregory-Markarian-Luciana-Araujo-a-Superintendente-da-Secretaria-da-mulher-Daiane-Luna-e-Claudia-MleoAF83E19-C45A-4770-9F79-FC13E7AB592B-300x206.jpeg 300w, https:\/\/vimagazine.com.br\/wp-content\/uploads\/2025\/06\/Dr-Gregory-Markarian-Luciana-Araujo-a-Superintendente-da-Secretaria-da-mulher-Daiane-Luna-e-Claudia-MleoAF83E19-C45A-4770-9F79-FC13E7AB592B-1024x702.jpeg 1024w, https:\/\/vimagazine.com.br\/wp-content\/uploads\/2025\/06\/Dr-Gregory-Markarian-Luciana-Araujo-a-Superintendente-da-Secretaria-da-mulher-Daiane-Luna-e-Claudia-MleoAF83E19-C45A-4770-9F79-FC13E7AB592B-768x527.jpeg 768w, https:\/\/vimagazine.com.br\/wp-content\/uploads\/2025\/06\/Dr-Gregory-Markarian-Luciana-Araujo-a-Superintendente-da-Secretaria-da-mulher-Daiane-Luna-e-Claudia-MleoAF83E19-C45A-4770-9F79-FC13E7AB592B-1536x1054.jpeg 1536w\" sizes=\"(max-width: 1920px) 100vw, 1920px\" \/><figcaption>Dr Gregory Markarian Luciana Araujo a Superintendente da Secretaria da mulher Daiane Luna e Claudia Melo<\/figcaption><\/figure>\n\n\n\n<figure class=\"wp-block-image size-large\"><img width=\"1920\" height=\"1280\" data-id=\"18821\"  src=\"https:\/\/vimagazine.com.br\/wp-content\/uploads\/2025\/06\/DR.-GREGORY-MARKARIAN-CEO-DA-ALIGNMED-ENTRE-AS-ATRIZES-REBECA-MATOS-CARLEM-MIRANDA-E-STEPHANIE-DURVAL-DAP_2043.jpg\" alt=\"\" class=\"wp-image-18821\" srcset=\"https:\/\/vimagazine.com.br\/wp-content\/uploads\/2025\/06\/DR.-GREGORY-MARKARIAN-CEO-DA-ALIGNMED-ENTRE-AS-ATRIZES-REBECA-MATOS-CARLEM-MIRANDA-E-STEPHANIE-DURVAL-DAP_2043.jpg 1920w, https:\/\/vimagazine.com.br\/wp-content\/uploads\/2025\/06\/DR.-GREGORY-MARKARIAN-CEO-DA-ALIGNMED-ENTRE-AS-ATRIZES-REBECA-MATOS-CARLEM-MIRANDA-E-STEPHANIE-DURVAL-DAP_2043-300x200.jpg 300w, https:\/\/vimagazine.com.br\/wp-content\/uploads\/2025\/06\/DR.-GREGORY-MARKARIAN-CEO-DA-ALIGNMED-ENTRE-AS-ATRIZES-REBECA-MATOS-CARLEM-MIRANDA-E-STEPHANIE-DURVAL-DAP_2043-1024x683.jpg 1024w, https:\/\/vimagazine.com.br\/wp-content\/uploads\/2025\/06\/DR.-GREGORY-MARKARIAN-CEO-DA-ALIGNMED-ENTRE-AS-ATRIZES-REBECA-MATOS-CARLEM-MIRANDA-E-STEPHANIE-DURVAL-DAP_2043-768x512.jpg 768w, https:\/\/vimagazine.com.br\/wp-content\/uploads\/2025\/06\/DR.-GREGORY-MARKARIAN-CEO-DA-ALIGNMED-ENTRE-AS-ATRIZES-REBECA-MATOS-CARLEM-MIRANDA-E-STEPHANIE-DURVAL-DAP_2043-1536x1024.jpg 1536w\" sizes=\"(max-width: 1920px) 100vw, 1920px\" \/><figcaption>DR. GREGORY MARKARIAN CEO DA ALIGNMED ENTRE AS ATRIZES REBECA MATOS CARLEM MIRANDA E STEPHANIE DURVAL<\/figcaption><\/figure>\n\n\n\n<figure class=\"wp-block-image size-large\"><img width=\"1920\" height=\"1280\" data-id=\"18822\"  src=\"https:\/\/vimagazine.com.br\/wp-content\/uploads\/2025\/06\/A-linda-atriz-e-empresaria-Yara-Castanha-Dama-de-Cerimonia-do-evento-0I7A7351.jpg\" alt=\"\" class=\"wp-image-18822\" srcset=\"https:\/\/vimagazine.com.br\/wp-content\/uploads\/2025\/06\/A-linda-atriz-e-empresaria-Yara-Castanha-Dama-de-Cerimonia-do-evento-0I7A7351.jpg 1920w, https:\/\/vimagazine.com.br\/wp-content\/uploads\/2025\/06\/A-linda-atriz-e-empresaria-Yara-Castanha-Dama-de-Cerimonia-do-evento-0I7A7351-300x200.jpg 300w, https:\/\/vimagazine.com.br\/wp-content\/uploads\/2025\/06\/A-linda-atriz-e-empresaria-Yara-Castanha-Dama-de-Cerimonia-do-evento-0I7A7351-1024x683.jpg 1024w, https:\/\/vimagazine.com.br\/wp-content\/uploads\/2025\/06\/A-linda-atriz-e-empresaria-Yara-Castanha-Dama-de-Cerimonia-do-evento-0I7A7351-768x512.jpg 768w, https:\/\/vimagazine.com.br\/wp-content\/uploads\/2025\/06\/A-linda-atriz-e-empresaria-Yara-Castanha-Dama-de-Cerimonia-do-evento-0I7A7351-1536x1024.jpg 1536w\" sizes=\"(max-width: 1920px) 100vw, 1920px\" \/><figcaption>Atriz e empres\u00e1ria Yara Castanha Dama de Cerim\u00f4nia do evento<\/figcaption><\/figure>\n\n\n\n<figure class=\"wp-block-image size-large\"><img width=\"1920\" height=\"1356\" data-id=\"18823\"  src=\"https:\/\/vimagazine.com.br\/wp-content\/uploads\/2025\/06\/Renata-Souza-premiada-e-capa-da-Revista-Jurema-Luciana-Araujo-anfitria-Deborah-Goncalves-e-Yara-Castanha-dama-de-cerimonia-Screenshot_20250601_092655_WhatsApp.jpg\" alt=\"\" class=\"wp-image-18823\" srcset=\"https:\/\/vimagazine.com.br\/wp-content\/uploads\/2025\/06\/Renata-Souza-premiada-e-capa-da-Revista-Jurema-Luciana-Araujo-anfitria-Deborah-Goncalves-e-Yara-Castanha-dama-de-cerimonia-Screenshot_20250601_092655_WhatsApp.jpg 1920w, https:\/\/vimagazine.com.br\/wp-content\/uploads\/2025\/06\/Renata-Souza-premiada-e-capa-da-Revista-Jurema-Luciana-Araujo-anfitria-Deborah-Goncalves-e-Yara-Castanha-dama-de-cerimonia-Screenshot_20250601_092655_WhatsApp-300x212.jpg 300w, https:\/\/vimagazine.com.br\/wp-content\/uploads\/2025\/06\/Renata-Souza-premiada-e-capa-da-Revista-Jurema-Luciana-Araujo-anfitria-Deborah-Goncalves-e-Yara-Castanha-dama-de-cerimonia-Screenshot_20250601_092655_WhatsApp-1024x723.jpg 1024w, https:\/\/vimagazine.com.br\/wp-content\/uploads\/2025\/06\/Renata-Souza-premiada-e-capa-da-Revista-Jurema-Luciana-Araujo-anfitria-Deborah-Goncalves-e-Yara-Castanha-dama-de-cerimonia-Screenshot_20250601_092655_WhatsApp-768x542.jpg 768w, https:\/\/vimagazine.com.br\/wp-content\/uploads\/2025\/06\/Renata-Souza-premiada-e-capa-da-Revista-Jurema-Luciana-Araujo-anfitria-Deborah-Goncalves-e-Yara-Castanha-dama-de-cerimonia-Screenshot_20250601_092655_WhatsApp-1536x1085.jpg 1536w\" sizes=\"(max-width: 1920px) 100vw, 1920px\" \/><figcaption>Renata Souza premiada e capa da Revista Jurema ,Luciana Araujo anfitri\u00e3 , Deborah Gon\u00e7alves e Yara Castanha dama de cerimonia<\/figcaption><\/figure>\n\n\n\n<figure class=\"wp-block-image size-large\"><img width=\"1920\" height=\"1279\" data-id=\"18824\"  src=\"https:\/\/vimagazine.com.br\/wp-content\/uploads\/2025\/06\/CLAUDIA-MELO-LUCIANA-ARAUJO-DR-GREGORY-MARKARIAN-YARA-CASTANHA-611FB6DC-87A9-4CA0-8731-3947D298B4B7.jpeg\" alt=\"\" class=\"wp-image-18824\" srcset=\"https:\/\/vimagazine.com.br\/wp-content\/uploads\/2025\/06\/CLAUDIA-MELO-LUCIANA-ARAUJO-DR-GREGORY-MARKARIAN-YARA-CASTANHA-611FB6DC-87A9-4CA0-8731-3947D298B4B7.jpeg 1920w, https:\/\/vimagazine.com.br\/wp-content\/uploads\/2025\/06\/CLAUDIA-MELO-LUCIANA-ARAUJO-DR-GREGORY-MARKARIAN-YARA-CASTANHA-611FB6DC-87A9-4CA0-8731-3947D298B4B7-300x200.jpeg 300w, https:\/\/vimagazine.com.br\/wp-content\/uploads\/2025\/06\/CLAUDIA-MELO-LUCIANA-ARAUJO-DR-GREGORY-MARKARIAN-YARA-CASTANHA-611FB6DC-87A9-4CA0-8731-3947D298B4B7-1024x682.jpeg 1024w, https:\/\/vimagazine.com.br\/wp-content\/uploads\/2025\/06\/CLAUDIA-MELO-LUCIANA-ARAUJO-DR-GREGORY-MARKARIAN-YARA-CASTANHA-611FB6DC-87A9-4CA0-8731-3947D298B4B7-768x512.jpeg 768w, https:\/\/vimagazine.com.br\/wp-content\/uploads\/2025\/06\/CLAUDIA-MELO-LUCIANA-ARAUJO-DR-GREGORY-MARKARIAN-YARA-CASTANHA-611FB6DC-87A9-4CA0-8731-3947D298B4B7-1536x1023.jpeg 1536w\" sizes=\"(max-width: 1920px) 100vw, 1920px\" \/><figcaption>CLAUDIA MELO LUCIANA ARAUJO DR GREGORY MARKARIAN YARA CASTANHA<\/figcaption><\/figure>\n\n\n\n<figure class=\"wp-block-image size-large\"><img width=\"1920\" height=\"1281\" data-id=\"18825\"  src=\"https:\/\/vimagazine.com.br\/wp-content\/uploads\/2025\/06\/curadora-Claudia-Melo-e-estilista-Veronica-Hime-entre-as-manequins-que-desfilaram-a-grife-Via-Boho-IMG_1023.jpg\" alt=\"\" class=\"wp-image-18825\" srcset=\"https:\/\/vimagazine.com.br\/wp-content\/uploads\/2025\/06\/curadora-Claudia-Melo-e-estilista-Veronica-Hime-entre-as-manequins-que-desfilaram-a-grife-Via-Boho-IMG_1023.jpg 1920w, https:\/\/vimagazine.com.br\/wp-content\/uploads\/2025\/06\/curadora-Claudia-Melo-e-estilista-Veronica-Hime-entre-as-manequins-que-desfilaram-a-grife-Via-Boho-IMG_1023-300x200.jpg 300w, https:\/\/vimagazine.com.br\/wp-content\/uploads\/2025\/06\/curadora-Claudia-Melo-e-estilista-Veronica-Hime-entre-as-manequins-que-desfilaram-a-grife-Via-Boho-IMG_1023-1024x683.jpg 1024w, https:\/\/vimagazine.com.br\/wp-content\/uploads\/2025\/06\/curadora-Claudia-Melo-e-estilista-Veronica-Hime-entre-as-manequins-que-desfilaram-a-grife-Via-Boho-IMG_1023-768x512.jpg 768w, https:\/\/vimagazine.com.br\/wp-content\/uploads\/2025\/06\/curadora-Claudia-Melo-e-estilista-Veronica-Hime-entre-as-manequins-que-desfilaram-a-grife-Via-Boho-IMG_1023-1536x1025.jpg 1536w\" sizes=\"(max-width: 1920px) 100vw, 1920px\" \/><figcaption>Curadora Claudia Melo e estilista Veronica Hime entre as manequins que desfilaram a grife Via Boho<\/figcaption><\/figure>\n\n\n\n<figure class=\"wp-block-image size-large\"><img width=\"1920\" height=\"1280\" data-id=\"18826\"  src=\"https:\/\/vimagazine.com.br\/wp-content\/uploads\/2025\/06\/Mesa-das-Embaixadoras-da-Esperanca-0I7A7373.jpg\" alt=\"\" class=\"wp-image-18826\" srcset=\"https:\/\/vimagazine.com.br\/wp-content\/uploads\/2025\/06\/Mesa-das-Embaixadoras-da-Esperanca-0I7A7373.jpg 1920w, https:\/\/vimagazine.com.br\/wp-content\/uploads\/2025\/06\/Mesa-das-Embaixadoras-da-Esperanca-0I7A7373-300x200.jpg 300w, https:\/\/vimagazine.com.br\/wp-content\/uploads\/2025\/06\/Mesa-das-Embaixadoras-da-Esperanca-0I7A7373-1024x683.jpg 1024w, https:\/\/vimagazine.com.br\/wp-content\/uploads\/2025\/06\/Mesa-das-Embaixadoras-da-Esperanca-0I7A7373-768x512.jpg 768w, https:\/\/vimagazine.com.br\/wp-content\/uploads\/2025\/06\/Mesa-das-Embaixadoras-da-Esperanca-0I7A7373-1536x1024.jpg 1536w\" sizes=\"(max-width: 1920px) 100vw, 1920px\" \/><figcaption>Mesa das Embaixadoras da Esperan\u00e7a<\/figcaption><\/figure>\n<\/figure>\n\n\n\n<p><\/p>\n\n\n\n<p>Fotos: Divulga\u00e7\u00e3o<br>Foto Destaque: Dr. Gregory Markarian Ceo da Alignmed, Luciana Araujo anfitri\u00e3 do evento, Eleonora Erthal CEO da Monthal e Veronica Hime propriet\u00e1ria e estilista da Via Boho<\/p>\n\n\n\n<p><\/p>\n","protected":false},"excerpt":{"rendered":"<p>O Copacabana Palace foi palco de um dos encontros mais marcantes do ano: o jantar&#8230;<\/p>\n","protected":false},"author":1,"featured_media":18827,"comment_status":"closed","ping_status":"open","sticky":false,"template":"","format":"standard","meta":{"om_disable_all_campaigns":false,"_monsterinsights_skip_tracking":false,"_monsterinsights_sitenote_active":false,"_monsterinsights_sitenote_note":"","_monsterinsights_sitenote_category":0,"spay_email":""},"categories":[1],"tags":[],"jetpack_featured_media_url":"https:\/\/vimagazine.com.br\/wp-content\/uploads\/2025\/06\/Dr.-Gregory-Markarian-Ceo-da-Alignmed-Luciana-Araujo-anfitria-do-evento-Eleonora-Erthal-Ceo-da-Monthal-e-Veronica-Hime-dona-e-estilista-da-Via-BohoIMG_1108.jpg","_links":{"self":[{"href":"https:\/\/vimagazine.com.br\/index.php?rest_route=\/wp\/v2\/posts\/18818"}],"collection":[{"href":"https:\/\/vimagazine.com.br\/index.php?rest_route=\/wp\/v2\/posts"}],"about":[{"href":"https:\/\/vimagazine.com.br\/index.php?rest_route=\/wp\/v2\/types\/post"}],"author":[{"embeddable":true,"href":"https:\/\/vimagazine.com.br\/index.php?rest_route=\/wp\/v2\/users\/1"}],"replies":[{"embeddable":true,"href":"https:\/\/vimagazine.com.br\/index.php?rest_route=%2Fwp%2Fv2%2Fcomments&post=18818"}],"version-history":[{"count":1,"href":"https:\/\/vimagazine.com.br\/index.php?rest_route=\/wp\/v2\/posts\/18818\/revisions"}],"predecessor-version":[{"id":18828,"href":"https:\/\/vimagazine.com.br\/index.php?rest_route=\/wp\/v2\/posts\/18818\/revisions\/18828"}],"wp:featuredmedia":[{"embeddable":true,"href":"https:\/\/vimagazine.com.br\/index.php?rest_route=\/wp\/v2\/media\/18827"}],"wp:attachment":[{"href":"https:\/\/vimagazine.com.br\/index.php?rest_route=%2Fwp%2Fv2%2Fmedia&parent=18818"}],"wp:term":[{"taxonomy":"category","embeddable":true,"href":"https:\/\/vimagazine.com.br\/index.php?rest_route=%2Fwp%2Fv2%2Fcategories&post=18818"},{"taxonomy":"post_tag","embeddable":true,"href":"https:\/\/vimagazine.com.br\/index.php?rest_route=%2Fwp%2Fv2%2Ftags&post=18818"}],"curies":[{"name":"wp","href":"https:\/\/api.w.org\/{rel}","templated":true}]}}