{"id":18837,"date":"2025-06-03T12:43:22","date_gmt":"2025-06-03T15:43:22","guid":{"rendered":"https:\/\/vimagazine.com.br\/?p=18837"},"modified":"2025-06-03T12:43:24","modified_gmt":"2025-06-03T15:43:24","slug":"regata-celebra-aniversario-do-principal-polo-nautico-do-brasil","status":"publish","type":"post","link":"https:\/\/vimagazine.com.br\/?p=18837","title":{"rendered":"Regata celebra anivers\u00e1rio do principal polo n\u00e1utico do Brasil"},"content":{"rendered":"\n<p><\/p>\n\n\n\n<p><\/p>\n\n\n\n<p class=\"has-text-align-center\"><em><strong>A segunda etapa do Circuito de Regatas Marina Itaja\u00ed, o maior do Sul do pa\u00eds, ocorrer\u00e1 no dia 14 de junho em alus\u00e3o aos 165 anos de Itaja\u00ed, maior economia de Santa Catarina com destaque nos setores da constru\u00e7\u00e3o naval, pesca, turismo e porto. O evento est\u00e1 com inscri\u00e7\u00f5es abertas para velejadores e tem parceria com o Hotel Villa d&#8217;Ozio.<\/strong><\/em><\/p>\n\n\n\n<p><\/p>\n\n\n\n<p>Uma regata vai marcar as comemora\u00e7\u00f5es do anivers\u00e1rio de 165 anos de Itaja\u00ed \u2013 cidade catarinense que \u00e9 considerada o principal polo n\u00e1utico do Brasil \u2013 no pr\u00f3ximo dia 14 de junho (s\u00e1bado). O evento \u00e9 promovido pela&nbsp;<a href=\"https:\/\/www.marinaitajai.com\/\" target=\"_blank\" rel=\"noreferrer noopener\">Marina Itaja\u00ed<\/a>&nbsp;e faz parte da segunda etapa de seu Circuito de Regatas, a maior do Sul do Brasil. Com trajeto entre as praias Brava e Cabe\u00e7udas, a competi\u00e7\u00e3o est\u00e1 com inscri\u00e7\u00f5es abertas pelo link&nbsp;<a href=\"https:\/\/forms.gle\/8XKqdRazGGdjZ25DA\" target=\"_blank\" rel=\"noreferrer noopener\">https:\/\/forms.gle\/8XKqdRazGGdjZ25DA<\/a>. O evento conta ainda com a parceria do hotel&nbsp;<a href=\"https:\/\/villadozio.com.br\/\" target=\"_blank\" rel=\"noreferrer noopener\">Villa d\u2019Ozio<\/a>, que oferecer\u00e1 di\u00e1rias especiais, caf\u00e9 com velejadores e almo\u00e7o para acompanhar a largada.<\/p>\n\n\n\n<p>A regata \u00e9 destinada \u00e0s classes ORC, BRA-RGS, RGS Cruzeiro e Bico de Proa (A e B). A programa\u00e7\u00e3o tem in\u00edcio \u00e0s 10h com reuni\u00e3o de comandantes e caf\u00e9 da manh\u00e3 na Marina Itaja\u00ed. \u00c0s 12h, inicia a movimenta\u00e7\u00e3o para a largada da competi\u00e7\u00e3o na Praia Brava. O encerramento est\u00e1 previsto para \u00e0s 17h, com premia\u00e7\u00e3o e happy hour, tamb\u00e9m no complexo n\u00e1utico.&nbsp;<\/p>\n\n\n\n<p>Os vencedores ganhar\u00e3o medalhas e pontuar\u00e3o para o ranking geral do circuito. Ao fim da temporada, que inclui seis etapas, os tr\u00eas primeiros colocados receber\u00e3o pr\u00eamios. A primeira etapa reuniu 31 embarca\u00e7\u00f5es e 128 velejadores.&nbsp;<\/p>\n\n\n\n<p>\u201cO evento \u00e9 uma homenagem \u00e0 hist\u00f3ria de Itaja\u00ed e reafirma a identidade n\u00e1utica da cidade, que tem no mar um de seus maiores patrim\u00f4nios\u201d, destaca Carlos Gayoso de Oliveira, diretor da Marina Itaja\u00ed. \u201cNossa proposta \u00e9 fortalecer a vela como esporte, lazer e cultura, al\u00e9m de fomentar o turismo e contribuir para consolidar a cidade como refer\u00eancia n\u00e1utica no Brasil\u201d.<\/p>\n\n\n\n<figure class=\"wp-container-2 wp-block-gallery-1 wp-block-gallery has-nested-images columns-2 is-cropped\">\n<figure class=\"wp-block-image size-large\"><img width=\"1920\" height=\"1080\" data-id=\"18838\"  src=\"https:\/\/vimagazine.com.br\/wp-content\/uploads\/2025\/06\/Divulgacao-Marina-Itajai-1.jpg\" alt=\"\" class=\"wp-image-18838\" srcset=\"https:\/\/vimagazine.com.br\/wp-content\/uploads\/2025\/06\/Divulgacao-Marina-Itajai-1.jpg 1920w, https:\/\/vimagazine.com.br\/wp-content\/uploads\/2025\/06\/Divulgacao-Marina-Itajai-1-300x169.jpg 300w, https:\/\/vimagazine.com.br\/wp-content\/uploads\/2025\/06\/Divulgacao-Marina-Itajai-1-1024x576.jpg 1024w, https:\/\/vimagazine.com.br\/wp-content\/uploads\/2025\/06\/Divulgacao-Marina-Itajai-1-768x432.jpg 768w, https:\/\/vimagazine.com.br\/wp-content\/uploads\/2025\/06\/Divulgacao-Marina-Itajai-1-1536x864.jpg 1536w\" sizes=\"(max-width: 1920px) 100vw, 1920px\" \/><figcaption>DCIM100MEDIADJI_0418.JPG<\/figcaption><\/figure>\n\n\n\n<figure class=\"wp-block-image size-large\"><img width=\"1920\" height=\"1440\" data-id=\"18839\"  src=\"https:\/\/vimagazine.com.br\/wp-content\/uploads\/2025\/06\/Divulgacao-Marina-Itajai.jpeg\" alt=\"\" class=\"wp-image-18839\" srcset=\"https:\/\/vimagazine.com.br\/wp-content\/uploads\/2025\/06\/Divulgacao-Marina-Itajai.jpeg 1920w, https:\/\/vimagazine.com.br\/wp-content\/uploads\/2025\/06\/Divulgacao-Marina-Itajai-300x225.jpeg 300w, https:\/\/vimagazine.com.br\/wp-content\/uploads\/2025\/06\/Divulgacao-Marina-Itajai-1024x768.jpeg 1024w, https:\/\/vimagazine.com.br\/wp-content\/uploads\/2025\/06\/Divulgacao-Marina-Itajai-768x576.jpeg 768w, https:\/\/vimagazine.com.br\/wp-content\/uploads\/2025\/06\/Divulgacao-Marina-Itajai-1536x1152.jpeg 1536w\" sizes=\"(max-width: 1920px) 100vw, 1920px\" \/><\/figure>\n\n\n\n<figure class=\"wp-block-image size-large\"><img width=\"1920\" height=\"1440\" data-id=\"18840\"  src=\"https:\/\/vimagazine.com.br\/wp-content\/uploads\/2025\/06\/Divulgacao-Marina-Itajai.jpg\" alt=\"\" class=\"wp-image-18840\" srcset=\"https:\/\/vimagazine.com.br\/wp-content\/uploads\/2025\/06\/Divulgacao-Marina-Itajai.jpg 1920w, https:\/\/vimagazine.com.br\/wp-content\/uploads\/2025\/06\/Divulgacao-Marina-Itajai-300x225.jpg 300w, https:\/\/vimagazine.com.br\/wp-content\/uploads\/2025\/06\/Divulgacao-Marina-Itajai-1024x768.jpg 1024w, https:\/\/vimagazine.com.br\/wp-content\/uploads\/2025\/06\/Divulgacao-Marina-Itajai-768x576.jpg 768w, https:\/\/vimagazine.com.br\/wp-content\/uploads\/2025\/06\/Divulgacao-Marina-Itajai-1536x1152.jpg 1536w\" sizes=\"(max-width: 1920px) 100vw, 1920px\" \/><\/figure>\n<\/figure>\n\n\n\n<p><\/p>\n\n\n\n<p><\/p>\n\n\n\n<p><strong>Parceria com Villa d\u2019Ozio e caf\u00e9 com velejadores<\/strong><\/p>\n\n\n\n<p>Durante o fim de semana da regata, o hotel parceiro do evento, Villa d\u2019Ozio, localizado \u00e0 beira-mar da Praia Brava de Itaja\u00ed, oferecer\u00e1 condi\u00e7\u00f5es especiais de hospedagem para quem deseja acompanhar a competi\u00e7\u00e3o, que ter\u00e1 largada pr\u00f3xima ao estabelecimento. Haver\u00e1 desconto na di\u00e1ria e os h\u00f3spedes ainda ter\u00e3o a oportunidade de participar do caf\u00e9 da manh\u00e3 na Marina Itaja\u00ed junto aos velejadores no dia do evento, em 14 de junho.&nbsp;<\/p>\n\n\n\n<p>O hotel tamb\u00e9m servir\u00e1 um almo\u00e7o tem\u00e1tico exclusivo, servido da sacada do lounge de onde \u00e9 poss\u00edvel avistar os barcos, com menu inspirado na navega\u00e7\u00e3o e nos sabores do litoral. O card\u00e1pio inclui pratos refinados como polvo crocante com molho de piment\u00f5es grelhados, risoto de lim\u00e3o siciliano com camar\u00f5es e bacalhau gratinado ao estilo portugu\u00eas, al\u00e9m de sobremesas artesanais.<\/p>\n\n\n\n<p>Mais informa\u00e7\u00f5es e reservas de estadia no Villa d\u2019Ozio podem ser obtidas pelo site\u00a0<a href=\"https:\/\/villadozio.com.br\/\" target=\"_blank\" rel=\"noreferrer noopener\">https:\/\/villadozio.com.br<\/a>\u00a0ou pelo WhatsApp (47) 99151-9850.<\/p>\n\n\n\n<p><\/p>\n\n\n\n<p><strong>Sobre a Marina Itaja\u00ed<\/strong><br><br>Com in\u00edcio das opera\u00e7\u00f5es em 2016, a Marina Itaja\u00ed est\u00e1 localizada no centro de Itaja\u00ed, SC, ao lado do Centreventos. Com 405 vagas secas e molhadas, mais de 20 salas comerciais e modernos equipamentos para at\u00e9 75 toneladas s\u00e3o alguns dos diferenciais do complexo n\u00e1utico. Al\u00e9m do posto de combust\u00edvel com bandeira BR, sendo a \u00fanica marina no sul do pa\u00eds com Diesel Verana. Possui espa\u00e7o gastron\u00f4mico com um restaurante internacional, o Zephyr Seafood &amp; Sushi, com amplo estacionamento, ponto de carregamento de carros el\u00e9tricos e heliponto. Foi a primeira marina do Brasil com certifica\u00e7\u00e3o internacional ISO 14.001\/2015 e Bandeira Azul.<\/p>\n\n\n\n<p><\/p>\n\n\n\n<p><strong>Sobre o Villa d\u2019Ozio<br><br><\/strong>Com localiza\u00e7\u00e3o privilegiada, frente ao mar na badalada Praia Brava, em Santa Catarina, o Villa d\u2019Ozio atende aos padr\u00f5es da hotelaria internacional. Inaugurado em 2021, o hotel ao estilo boutique para maiores de 16 anos traz o aconchego de uma elegante \u201ccasa de praia\u201d. Privativo, ideal para descanso, momentos a dois e contato com a natureza, \u00e9 dedicado apenas para adultos. S\u00e3o 25 apartamentos, alguns com hidromassagem e outros com vista para a praia e jardins. Destaca a identidade catarinense e a coloniza\u00e7\u00e3o europeia por meio do aconchegante e sofisticado projeto arquitet\u00f4nico e design de interiores de renomados escrit\u00f3rios e artistas brasileiros. Tamb\u00e9m oferece periodicamente eventos intimistas e experi\u00eancias gastron\u00f4micas 100% artesanais, feitas no pr\u00f3prio restaurante, abertas ao p\u00fablico.\u00a0<\/p>\n\n\n\n<p><\/p>\n\n\n\n<figure class=\"wp-container-4 wp-block-gallery-3 wp-block-gallery has-nested-images columns-2 is-cropped\">\n<figure class=\"wp-block-image size-large\"><img width=\"1920\" height=\"1280\" data-id=\"18841\"  src=\"https:\/\/vimagazine.com.br\/wp-content\/uploads\/2025\/06\/LDI_0461-2.jpg\" alt=\"\" class=\"wp-image-18841\" srcset=\"https:\/\/vimagazine.com.br\/wp-content\/uploads\/2025\/06\/LDI_0461-2.jpg 1920w, https:\/\/vimagazine.com.br\/wp-content\/uploads\/2025\/06\/LDI_0461-2-300x200.jpg 300w, https:\/\/vimagazine.com.br\/wp-content\/uploads\/2025\/06\/LDI_0461-2-1024x683.jpg 1024w, https:\/\/vimagazine.com.br\/wp-content\/uploads\/2025\/06\/LDI_0461-2-768x512.jpg 768w, https:\/\/vimagazine.com.br\/wp-content\/uploads\/2025\/06\/LDI_0461-2-1536x1024.jpg 1536w\" sizes=\"(max-width: 1920px) 100vw, 1920px\" \/><\/figure>\n\n\n\n<figure class=\"wp-block-image size-large\"><img width=\"1920\" height=\"1280\" data-id=\"18845\"  src=\"https:\/\/vimagazine.com.br\/wp-content\/uploads\/2025\/06\/Gastronomia-e-drinks-1.jpg\" alt=\"\" class=\"wp-image-18845\" srcset=\"https:\/\/vimagazine.com.br\/wp-content\/uploads\/2025\/06\/Gastronomia-e-drinks-1.jpg 1920w, https:\/\/vimagazine.com.br\/wp-content\/uploads\/2025\/06\/Gastronomia-e-drinks-1-300x200.jpg 300w, https:\/\/vimagazine.com.br\/wp-content\/uploads\/2025\/06\/Gastronomia-e-drinks-1-1024x683.jpg 1024w, https:\/\/vimagazine.com.br\/wp-content\/uploads\/2025\/06\/Gastronomia-e-drinks-1-768x512.jpg 768w, https:\/\/vimagazine.com.br\/wp-content\/uploads\/2025\/06\/Gastronomia-e-drinks-1-1536x1024.jpg 1536w\" sizes=\"(max-width: 1920px) 100vw, 1920px\" \/><\/figure>\n\n\n\n<figure class=\"wp-block-image size-large\"><img width=\"1920\" height=\"1278\" data-id=\"18842\"  src=\"https:\/\/vimagazine.com.br\/wp-content\/uploads\/2025\/06\/Area-da-piscina-2-3.jpg\" alt=\"\" class=\"wp-image-18842\" srcset=\"https:\/\/vimagazine.com.br\/wp-content\/uploads\/2025\/06\/Area-da-piscina-2-3.jpg 1920w, https:\/\/vimagazine.com.br\/wp-content\/uploads\/2025\/06\/Area-da-piscina-2-3-300x200.jpg 300w, https:\/\/vimagazine.com.br\/wp-content\/uploads\/2025\/06\/Area-da-piscina-2-3-1024x682.jpg 1024w, https:\/\/vimagazine.com.br\/wp-content\/uploads\/2025\/06\/Area-da-piscina-2-3-768x511.jpg 768w, https:\/\/vimagazine.com.br\/wp-content\/uploads\/2025\/06\/Area-da-piscina-2-3-1536x1022.jpg 1536w\" sizes=\"(max-width: 1920px) 100vw, 1920px\" \/><\/figure>\n\n\n\n<figure class=\"wp-block-image size-large\"><img width=\"1920\" height=\"1278\" data-id=\"18844\"  src=\"https:\/\/vimagazine.com.br\/wp-content\/uploads\/2025\/06\/Fachada-1.jpg\" alt=\"\" class=\"wp-image-18844\" srcset=\"https:\/\/vimagazine.com.br\/wp-content\/uploads\/2025\/06\/Fachada-1.jpg 1920w, https:\/\/vimagazine.com.br\/wp-content\/uploads\/2025\/06\/Fachada-1-300x200.jpg 300w, https:\/\/vimagazine.com.br\/wp-content\/uploads\/2025\/06\/Fachada-1-1024x682.jpg 1024w, https:\/\/vimagazine.com.br\/wp-content\/uploads\/2025\/06\/Fachada-1-768x511.jpg 768w, https:\/\/vimagazine.com.br\/wp-content\/uploads\/2025\/06\/Fachada-1-1536x1022.jpg 1536w\" sizes=\"(max-width: 1920px) 100vw, 1920px\" \/><\/figure>\n\n\n\n<figure class=\"wp-block-image size-large\"><img width=\"1920\" height=\"1278\" data-id=\"18843\"  src=\"https:\/\/vimagazine.com.br\/wp-content\/uploads\/2025\/06\/Area-da-piscina-3-3.jpg\" alt=\"\" class=\"wp-image-18843\" srcset=\"https:\/\/vimagazine.com.br\/wp-content\/uploads\/2025\/06\/Area-da-piscina-3-3.jpg 1920w, https:\/\/vimagazine.com.br\/wp-content\/uploads\/2025\/06\/Area-da-piscina-3-3-300x200.jpg 300w, https:\/\/vimagazine.com.br\/wp-content\/uploads\/2025\/06\/Area-da-piscina-3-3-1024x682.jpg 1024w, https:\/\/vimagazine.com.br\/wp-content\/uploads\/2025\/06\/Area-da-piscina-3-3-768x511.jpg 768w, https:\/\/vimagazine.com.br\/wp-content\/uploads\/2025\/06\/Area-da-piscina-3-3-1536x1022.jpg 1536w\" sizes=\"(max-width: 1920px) 100vw, 1920px\" \/><\/figure>\n<\/figure>\n\n\n\n<p><br><a href=\"https:\/\/www.instagram.com\/villadozio\/\" target=\"_blank\" rel=\"noreferrer noopener\">https:\/\/www.instagram.com\/villadozio\/<\/a>\u00a0\u00a0<a href=\"https:\/\/villadozio.com.br\/\" target=\"_blank\" rel=\"noreferrer noopener\">https:\/\/villadozio.com.br\/<\/a><\/p>\n\n\n\n<p><\/p>\n\n\n\n<p>Fotos: Divulga\u00e7\u00e3o<\/p>\n","protected":false},"excerpt":{"rendered":"<p>A segunda etapa do Circuito de Regatas Marina Itaja\u00ed, o maior do Sul do pa\u00eds,&#8230;<\/p>\n","protected":false},"author":1,"featured_media":18846,"comment_status":"closed","ping_status":"open","sticky":false,"template":"","format":"standard","meta":{"om_disable_all_campaigns":false,"_monsterinsights_skip_tracking":false,"_monsterinsights_sitenote_active":false,"_monsterinsights_sitenote_note":"","_monsterinsights_sitenote_category":0,"spay_email":""},"categories":[1],"tags":[],"jetpack_featured_media_url":"https:\/\/vimagazine.com.br\/wp-content\/uploads\/2025\/06\/Divulgacao-Marina-Itajai-3.jpg","_links":{"self":[{"href":"https:\/\/vimagazine.com.br\/index.php?rest_route=\/wp\/v2\/posts\/18837"}],"collection":[{"href":"https:\/\/vimagazine.com.br\/index.php?rest_route=\/wp\/v2\/posts"}],"about":[{"href":"https:\/\/vimagazine.com.br\/index.php?rest_route=\/wp\/v2\/types\/post"}],"author":[{"embeddable":true,"href":"https:\/\/vimagazine.com.br\/index.php?rest_route=\/wp\/v2\/users\/1"}],"replies":[{"embeddable":true,"href":"https:\/\/vimagazine.com.br\/index.php?rest_route=%2Fwp%2Fv2%2Fcomments&post=18837"}],"version-history":[{"count":1,"href":"https:\/\/vimagazine.com.br\/index.php?rest_route=\/wp\/v2\/posts\/18837\/revisions"}],"predecessor-version":[{"id":18847,"href":"https:\/\/vimagazine.com.br\/index.php?rest_route=\/wp\/v2\/posts\/18837\/revisions\/18847"}],"wp:featuredmedia":[{"embeddable":true,"href":"https:\/\/vimagazine.com.br\/index.php?rest_route=\/wp\/v2\/media\/18846"}],"wp:attachment":[{"href":"https:\/\/vimagazine.com.br\/index.php?rest_route=%2Fwp%2Fv2%2Fmedia&parent=18837"}],"wp:term":[{"taxonomy":"category","embeddable":true,"href":"https:\/\/vimagazine.com.br\/index.php?rest_route=%2Fwp%2Fv2%2Fcategories&post=18837"},{"taxonomy":"post_tag","embeddable":true,"href":"https:\/\/vimagazine.com.br\/index.php?rest_route=%2Fwp%2Fv2%2Ftags&post=18837"}],"curies":[{"name":"wp","href":"https:\/\/api.w.org\/{rel}","templated":true}]}}