{"id":18866,"date":"2025-06-04T10:11:02","date_gmt":"2025-06-04T13:11:02","guid":{"rendered":"https:\/\/vimagazine.com.br\/?p=18866"},"modified":"2025-06-04T10:11:04","modified_gmt":"2025-06-04T13:11:04","slug":"alo-planeta-terra-chamando-mundo-da-lua-esta-de-volta-para-encantar-novas-geracoes","status":"publish","type":"post","link":"https:\/\/vimagazine.com.br\/?p=18866","title":{"rendered":"&#8220;Al\u00f4, Planeta Terra Chamando: &#8216;Mundo da Lua&#8217; Est\u00e1 de Volta para Encantar Novas Gera\u00e7\u00f5es!&#8221;"},"content":{"rendered":"\n<p>Quem entrou na &#8220;Vibe com Giu Cota&#8221;, foi o elenco da s\u00e9rie <strong><em><a href=\"https:\/\/www.instagram.com\/mundodaluatvc?utm_source=ig_web_button_share_sheet&amp;igsh=ZDNlZDc0MzIxNw==\" title=\"Mundo Lua\">Mundo Lua<\/a><\/em><\/strong>.<\/p>\n\n\n\n<figure class=\"wp-block-image size-large\"><img width=\"1024\" height=\"768\" src=\"https:\/\/vimagazine.com.br\/wp-content\/uploads\/2025\/06\/photo_2025-06-04_09-38-29-1024x768.jpg\" alt=\"\" class=\"wp-image-18868\" srcset=\"https:\/\/vimagazine.com.br\/wp-content\/uploads\/2025\/06\/photo_2025-06-04_09-38-29-1024x768.jpg 1024w, https:\/\/vimagazine.com.br\/wp-content\/uploads\/2025\/06\/photo_2025-06-04_09-38-29-300x225.jpg 300w, https:\/\/vimagazine.com.br\/wp-content\/uploads\/2025\/06\/photo_2025-06-04_09-38-29-768x576.jpg 768w, https:\/\/vimagazine.com.br\/wp-content\/uploads\/2025\/06\/photo_2025-06-04_09-38-29.jpg 1280w\" sizes=\"(max-width: 1024px) 100vw, 1024px\" \/><figcaption>Elenco <strong><em><a href=\"https:\/\/www.instagram.com\/mundodaluatvc?utm_source=ig_web_button_share_sheet&amp;igsh=ZDNlZDc0MzIxNw==\" title=\"Mundo da Lua\">Mundo da Lua<\/a><\/em><\/strong><\/figcaption><\/figure>\n\n\n\n<p>No \u00faltimo dia 3 de junho, o Solar F\u00e1bio Prado, sede do Museu da Casa Brasileira, foi palco de uma noite repleta de nostalgia e esperan\u00e7a para o futuro: o lan\u00e7amento oficial da nova vers\u00e3o da s\u00e9rie \u201cMundo da Lua\u201d, que estreia no pr\u00f3ximo dia 28 de junho, \u00e0s 19h, na TV Cultura. O evento contou com um delicioso coquetel servido pelo restaurante Capim Santo, e reuniu elenco, imprensa e convidados ilustres \u2014 tudo com aquele clima de reencontro entre passado e presente.<br>Produzida pela <strong><em>Mixer Films<\/em><\/strong> em parceria com o <strong><em>SESI-SP<\/em><\/strong>, e com dire\u00e7\u00e3o art\u00edstica de <strong><em>Jo\u00e3o Daniel Tikhomiroff,<\/em><\/strong> a s\u00e9rie retorna 35 anos depois para tocar cora\u00e7\u00f5es de todas as idades. Mas engana-se quem acha que \u00e9 apenas uma nova roupagem: o projeto vem com alma pr\u00f3pria, pronto para dialogar com o mundo de hoje \u2014 sem perder a ess\u00eancia que encantou gera\u00e7\u00f5es.<\/p>\n\n\n\n<figure class=\"wp-block-image size-large\"><img width=\"1024\" height=\"576\" src=\"https:\/\/vimagazine.com.br\/wp-content\/uploads\/2025\/06\/photo_2025-06-04_09-38-41-1024x576.jpg\" alt=\"\" class=\"wp-image-18869\" srcset=\"https:\/\/vimagazine.com.br\/wp-content\/uploads\/2025\/06\/photo_2025-06-04_09-38-41-1024x576.jpg 1024w, https:\/\/vimagazine.com.br\/wp-content\/uploads\/2025\/06\/photo_2025-06-04_09-38-41-300x169.jpg 300w, https:\/\/vimagazine.com.br\/wp-content\/uploads\/2025\/06\/photo_2025-06-04_09-38-41-768x432.jpg 768w, https:\/\/vimagazine.com.br\/wp-content\/uploads\/2025\/06\/photo_2025-06-04_09-38-41.jpg 1280w\" sizes=\"(max-width: 1024px) 100vw, 1024px\" \/><figcaption><strong><em><a href=\"https:\/\/www.instagram.com\/sabridsouza?utm_source=ig_web_button_share_sheet&amp;igsh=ZDNlZDc0MzIxNw==\" title=\"Sabrina Souza\">Sabrina Souza<\/a><\/em><\/strong> &#8211; Em\u00edlia Silva e Silva<\/figcaption><\/figure>\n\n\n\n<p>Nesta nova fase, quem protagoniza as hist\u00f3rias \u00e9 <strong><em>Em\u00edlia Silva e Silva<\/em><\/strong>, filha de <strong><em>Luca<\/em><\/strong>s. A jovem \u00e9 interpretada por <strong><em>Sabrina Souza<\/em><\/strong>, que declarou com entusiasmo:<br>\u201cFazer a Em\u00edlia \u00e9 muito gratificante, especialmente com este elenco de peso que \u00e9.\u201d<\/p>\n\n\n\n<p>E que peso! <strong><em><a href=\"https:\/\/www.instagram.com\/marceloserrado1?utm_source=ig_web_button_share_sheet&amp;igsh=ZDNlZDc0MzIxNw==\" title=\"Marcelo Serrado\">Marcelo Serrado<\/a><\/em><\/strong> assume o papel de <strong><em>Lucas<\/em><\/strong>, agora adulto e piloto de avi\u00e3o. Em sua fala, o ator destacou o prop\u00f3sito da s\u00e9rie nos dias atuais:<\/p>\n\n\n\n<figure class=\"wp-container-2 wp-block-gallery-1 wp-block-gallery has-nested-images columns-default is-cropped\">\n<figure class=\"wp-block-image size-large\"><img width=\"1280\" height=\"720\" data-id=\"18872\"  src=\"https:\/\/vimagazine.com.br\/wp-content\/uploads\/2025\/06\/photo_2025-06-04_09-38-14.jpg\" alt=\"\" class=\"wp-image-18872\" srcset=\"https:\/\/vimagazine.com.br\/wp-content\/uploads\/2025\/06\/photo_2025-06-04_09-38-14.jpg 1280w, https:\/\/vimagazine.com.br\/wp-content\/uploads\/2025\/06\/photo_2025-06-04_09-38-14-300x169.jpg 300w, https:\/\/vimagazine.com.br\/wp-content\/uploads\/2025\/06\/photo_2025-06-04_09-38-14-1024x576.jpg 1024w, https:\/\/vimagazine.com.br\/wp-content\/uploads\/2025\/06\/photo_2025-06-04_09-38-14-768x432.jpg 768w\" sizes=\"(max-width: 1280px) 100vw, 1280px\" \/><figcaption>Marcelo Serrado &#8211; Lucas Silva e Silva<\/figcaption><\/figure>\n\n\n\n<figure class=\"wp-block-image size-large\"><img width=\"1280\" height=\"720\" data-id=\"18873\"  src=\"https:\/\/vimagazine.com.br\/wp-content\/uploads\/2025\/06\/photo_2025-06-04_09-38-21.jpg\" alt=\"\" class=\"wp-image-18873\" srcset=\"https:\/\/vimagazine.com.br\/wp-content\/uploads\/2025\/06\/photo_2025-06-04_09-38-21.jpg 1280w, https:\/\/vimagazine.com.br\/wp-content\/uploads\/2025\/06\/photo_2025-06-04_09-38-21-300x169.jpg 300w, https:\/\/vimagazine.com.br\/wp-content\/uploads\/2025\/06\/photo_2025-06-04_09-38-21-1024x576.jpg 1024w, https:\/\/vimagazine.com.br\/wp-content\/uploads\/2025\/06\/photo_2025-06-04_09-38-21-768x432.jpg 768w\" sizes=\"(max-width: 1280px) 100vw, 1280px\" \/><figcaption>Ant\u00f4nio Fagundes &#8211; Rogerio <\/figcaption><\/figure>\n\n\n\n<figure class=\"wp-block-image size-large\"><img width=\"1280\" height=\"720\" data-id=\"18874\"  src=\"https:\/\/vimagazine.com.br\/wp-content\/uploads\/2025\/06\/photo_2025-06-04_09-38-25.jpg\" alt=\"\" class=\"wp-image-18874\" srcset=\"https:\/\/vimagazine.com.br\/wp-content\/uploads\/2025\/06\/photo_2025-06-04_09-38-25.jpg 1280w, https:\/\/vimagazine.com.br\/wp-content\/uploads\/2025\/06\/photo_2025-06-04_09-38-25-300x169.jpg 300w, https:\/\/vimagazine.com.br\/wp-content\/uploads\/2025\/06\/photo_2025-06-04_09-38-25-1024x576.jpg 1024w, https:\/\/vimagazine.com.br\/wp-content\/uploads\/2025\/06\/photo_2025-06-04_09-38-25-768x432.jpg 768w\" sizes=\"(max-width: 1280px) 100vw, 1280px\" \/><figcaption>Foto Divulga\u00e7\u00e3o<\/figcaption><\/figure>\n\n\n\n<figure class=\"wp-block-image size-large\"><img width=\"1280\" height=\"720\" data-id=\"18875\"  src=\"https:\/\/vimagazine.com.br\/wp-content\/uploads\/2025\/06\/photo_2025-06-04_09-38-37.jpg\" alt=\"\" class=\"wp-image-18875\" srcset=\"https:\/\/vimagazine.com.br\/wp-content\/uploads\/2025\/06\/photo_2025-06-04_09-38-37.jpg 1280w, https:\/\/vimagazine.com.br\/wp-content\/uploads\/2025\/06\/photo_2025-06-04_09-38-37-300x169.jpg 300w, https:\/\/vimagazine.com.br\/wp-content\/uploads\/2025\/06\/photo_2025-06-04_09-38-37-1024x576.jpg 1024w, https:\/\/vimagazine.com.br\/wp-content\/uploads\/2025\/06\/photo_2025-06-04_09-38-37-768x432.jpg 768w\" sizes=\"(max-width: 1280px) 100vw, 1280px\" \/><figcaption>Barbara Bruno &#8211; Carolina<\/figcaption><\/figure>\n<\/figure>\n\n\n\n<p>\u201cA hist\u00f3ria continua, no olhar de uma crian\u00e7a. O intuito da s\u00e9rie \u00e9 fazer a crian\u00e7a sonhar, e n\u00e3o ficar s\u00f3 na tela de um celular.\u201d<br>Completando o time de estrelas, temos Ant\u00f4nio Fagundes como o av\u00f4 Rog\u00e9rio, B\u00e1rbara Bruno como a av\u00f3 Carolina, e Pathy De jesus como Isabela, a m\u00e3e de Em\u00edlia. Fagundes fez um convite direto:<br>\u201cPara atender a nova gera\u00e7\u00e3o: assistam que voc\u00eas v\u00e3o gostar!\u201d<br>J\u00e1 B\u00e1rbara Bruno ressaltou a import\u00e2ncia do conte\u00fado familiar da produ\u00e7\u00e3o:<br>\u201cO que eu acho de importante nesta s\u00e9rie \u00e9 a retomada desta rela\u00e7\u00e3o familiar, no sentido de conviver de fato.\u201d<br>E quem tamb\u00e9m fez uma participa\u00e7\u00e3o especial foi a atriz Rosy Campos, que viveu a m\u00edtica Morgana na vers\u00e3o original e retorna em um epis\u00f3dio especial:<br>\u201cEssa retomada da s\u00e9rie 35 anos depois vem para marcar esta nova gera\u00e7\u00e3o. Apesar de n\u00e3o estar no elenco fixo, eu fiz um cap\u00edtulo como Morgana e foi emocionante reviver um programa que ficou tantos anos no ar!\u201d<br>Mesmo n\u00e3o sendo da minha \u00e9poca, &#8220;Mundo da Lua&#8221; j\u00e1 conquistou o meu cora\u00e7\u00e3o. Porque n\u00e3o \u00e9 s\u00f3 nostalgia \u2014 \u00e9 reencontro. N\u00e3o \u00e9 s\u00f3 para crian\u00e7as \u2014 \u00e9 para toda a fam\u00edlia. E n\u00e3o \u00e9 apenas uma s\u00e9rie \u2014 \u00e9 uma chance de voltar a sonhar com os p\u00e9s no ch\u00e3o e a cabe\u00e7a nas estrelas. \ud83c\udf19\u2728<\/p>\n\n\n\n<p>Assessoria <\/p>\n\n\n\n<p><strong><em><a href=\"https:\/\/www.instagram.com\/press4youcomunicacao?utm_source=ig_web_button_share_sheet&amp;igsh=ZDNlZDc0MzIxNw==\" title=\"@press4you\">@press4you<\/a><\/em><\/strong><\/p>\n\n\n\n<p>Giu Cota<br>Colunista Vi Magazine<br>\u201cNa Vibe com Giu Cota\u201d<\/p>\n","protected":false},"excerpt":{"rendered":"<p>Quem entrou na &#8220;Vibe com Giu Cota&#8221;, foi o elenco da s\u00e9rie Mundo Lua. No&#8230;<\/p>\n","protected":false},"author":37,"featured_media":0,"comment_status":"closed","ping_status":"open","sticky":false,"template":"","format":"standard","meta":{"om_disable_all_campaigns":false,"_monsterinsights_skip_tracking":false,"_monsterinsights_sitenote_active":false,"_monsterinsights_sitenote_note":"","_monsterinsights_sitenote_category":0,"spay_email":""},"categories":[1],"tags":[],"jetpack_featured_media_url":"","_links":{"self":[{"href":"https:\/\/vimagazine.com.br\/index.php?rest_route=\/wp\/v2\/posts\/18866"}],"collection":[{"href":"https:\/\/vimagazine.com.br\/index.php?rest_route=\/wp\/v2\/posts"}],"about":[{"href":"https:\/\/vimagazine.com.br\/index.php?rest_route=\/wp\/v2\/types\/post"}],"author":[{"embeddable":true,"href":"https:\/\/vimagazine.com.br\/index.php?rest_route=\/wp\/v2\/users\/37"}],"replies":[{"embeddable":true,"href":"https:\/\/vimagazine.com.br\/index.php?rest_route=%2Fwp%2Fv2%2Fcomments&post=18866"}],"version-history":[{"count":1,"href":"https:\/\/vimagazine.com.br\/index.php?rest_route=\/wp\/v2\/posts\/18866\/revisions"}],"predecessor-version":[{"id":18882,"href":"https:\/\/vimagazine.com.br\/index.php?rest_route=\/wp\/v2\/posts\/18866\/revisions\/18882"}],"wp:attachment":[{"href":"https:\/\/vimagazine.com.br\/index.php?rest_route=%2Fwp%2Fv2%2Fmedia&parent=18866"}],"wp:term":[{"taxonomy":"category","embeddable":true,"href":"https:\/\/vimagazine.com.br\/index.php?rest_route=%2Fwp%2Fv2%2Fcategories&post=18866"},{"taxonomy":"post_tag","embeddable":true,"href":"https:\/\/vimagazine.com.br\/index.php?rest_route=%2Fwp%2Fv2%2Ftags&post=18866"}],"curies":[{"name":"wp","href":"https:\/\/api.w.org\/{rel}","templated":true}]}}