{"id":1888,"date":"2021-12-12T20:35:21","date_gmt":"2021-12-12T23:35:21","guid":{"rendered":"https:\/\/vimagazine.com.br\/?p=1888"},"modified":"2021-12-12T20:42:18","modified_gmt":"2021-12-12T23:42:18","slug":"posse-na-apacos","status":"publish","type":"post","link":"https:\/\/vimagazine.com.br\/?p=1888","title":{"rendered":"Posse na APACOS"},"content":{"rendered":"\n<p style=\"font-size:14px\">A <strong><em>Associa\u00e7\u00e3o Paulista de Colunistas Sociais<\/em><\/strong> &#8211; APACOS &#8211; teve nesta \u00faltima ter\u00e7a-feira dia 07 de&nbsp; dezembro \u00e0s 20h00, a passagem de comando da Presid\u00eancia e posse da diretoria executiva para o quadri\u00eanio 2021-2025 .<\/p>\n\n\n\n<p style=\"font-size:14px\">De acordo com as novas possibilidades tecnol\u00f3gicas,&nbsp;e que at\u00e9 ent\u00e3o era uma exig\u00eancia por conta da pandemia , o encontro dos colunistas associados da entidade, deu-se no formato digital, em sala virtual reservada<\/p>\n\n\n\n<p style=\"font-size:14px\">A posse foi \u00e0s v\u00e9speras da comemora\u00e7\u00e3o&nbsp; do 8 de Dezembro &#8211; Dia do Colunista&nbsp; Social, e ,caber\u00e1 doravante \u00e0 jornalista Anna Dennz , quem est\u00e1 na \u00e1rea h\u00e1 24 anos , conduzir os des\u00edgnios da ic\u00f4nica &nbsp; associa\u00e7\u00e3o&nbsp; dando sequ\u00eancia dentro dos novos tempos , o que nomes&nbsp; important\u00edssimos como&nbsp; a idealizadora a jornalista Vera Martins , o jornalista e empres\u00e1rio Ronaldo Cortes -Grupoo JBA Associados e criador do Trof\u00e9u Super Cap de Ouro e a jornalista Clara Faria (os tr\u00eas in memorian) e por \u00faltimo Ovadia Saadia , um dos maiores RP\u2019s do Estado , deixaram em legado&nbsp;<\/p>\n\n\n\n<p style=\"font-size:14px\">A tarefa de dar continuidade ao que foi escrito e designado por seus antecessores , segundo a jornalista Anna Dennz&nbsp; \u00e9 \u201c um enorme privil\u00e9gio , afinal tenho uma boa base deixada por eles, assim bem como uma excelente oportunidade de aprender e agregar ainda mais ao nosso modo de trabalho, juntamente com a diretoria executiva tamb\u00e9m empossada , e mais com a diretoria social que brevemente tamb\u00e9m&nbsp; estar\u00e1 junto \u201c&nbsp;<\/p>\n\n\n\n<p style=\"font-size:14px\">Sobre o que est\u00e1 por vir \u2026&nbsp;<\/p>\n\n\n\n<p style=\"font-size:14px\">Anna ainda afirma que \u201c<em>o colunismo social pode at\u00e9 n\u00e3o ser o mesmo , vista as mudan\u00e7as no pr\u00f3prio comportamento da sociedade em fun\u00e7\u00e3o de tudo que vivemos. Os tempos pedem mudan\u00e7as, e essas precisam ser mesmo que com muito menos&nbsp; efervesc\u00eancia&nbsp; mas&nbsp; com muito mais a\u00e7\u00f5es al\u00e9m da propaga\u00e7\u00e3o da arte e cultura que s\u00e3o fundamentais para o corpo e a alma , mas tamb\u00e9m a\u00e7\u00f5es voltadas ao que uma sociedade precisa&nbsp;&#8211; ser e ter &#8211;&nbsp; Amor, Solidariedade, Esperan\u00e7a, e claro &#8211; sempre alegria&nbsp; com aquele sorriso para tornar os dias muito mais interessantes e contagiantes&#8221;.&nbsp;<\/em><\/p>\n\n\n\n<p style=\"font-size:14px\">A APACOS&nbsp; fundada pela incans\u00e1vel jornalista Vera Martins&nbsp;\u00e9 a c\u00e9lula mater da Febracos&nbsp; &#8211; Federa\u00e7\u00e3o Brasileira de Colunistas Sociais. Ambas&nbsp; entidades possuem mais de tr\u00eas d\u00e9cadas de funda\u00e7\u00e3o, e s\u00e3o o grande e forte elo de comunica\u00e7\u00e3o a \u00e2mbito Estadual e Nacional entre os incans\u00e1veis e surpreendentes Colunistas Sociais do Brasil.&nbsp;<\/p>\n\n\n\n<p style=\"font-size:12px\"><\/p>\n\n\n\n<p style=\"font-size:12px\">Por: Zilma Cardoso<br>(12) 98300-62888<br> @zilmacardoso25<\/p>\n\n\n\n<p style=\"font-size:12px\"><br><br><\/p>\n","protected":false},"excerpt":{"rendered":"<p>A Associa\u00e7\u00e3o Paulista de Colunistas Sociais &#8211; APACOS &#8211; teve nesta \u00faltima ter\u00e7a-feira dia 07&#8230;<\/p>\n","protected":false},"author":35,"featured_media":1894,"comment_status":"closed","ping_status":"open","sticky":false,"template":"","format":"standard","meta":{"om_disable_all_campaigns":false,"_monsterinsights_skip_tracking":false,"_monsterinsights_sitenote_active":false,"_monsterinsights_sitenote_note":"","_monsterinsights_sitenote_category":0,"spay_email":""},"categories":[26],"tags":[168,169,170,167],"jetpack_featured_media_url":"https:\/\/vimagazine.com.br\/wp-content\/uploads\/2021\/12\/2-image_6483441-2.jpg","_links":{"self":[{"href":"https:\/\/vimagazine.com.br\/index.php?rest_route=\/wp\/v2\/posts\/1888"}],"collection":[{"href":"https:\/\/vimagazine.com.br\/index.php?rest_route=\/wp\/v2\/posts"}],"about":[{"href":"https:\/\/vimagazine.com.br\/index.php?rest_route=\/wp\/v2\/types\/post"}],"author":[{"embeddable":true,"href":"https:\/\/vimagazine.com.br\/index.php?rest_route=\/wp\/v2\/users\/35"}],"replies":[{"embeddable":true,"href":"https:\/\/vimagazine.com.br\/index.php?rest_route=%2Fwp%2Fv2%2Fcomments&post=1888"}],"version-history":[{"count":4,"href":"https:\/\/vimagazine.com.br\/index.php?rest_route=\/wp\/v2\/posts\/1888\/revisions"}],"predecessor-version":[{"id":1895,"href":"https:\/\/vimagazine.com.br\/index.php?rest_route=\/wp\/v2\/posts\/1888\/revisions\/1895"}],"wp:featuredmedia":[{"embeddable":true,"href":"https:\/\/vimagazine.com.br\/index.php?rest_route=\/wp\/v2\/media\/1894"}],"wp:attachment":[{"href":"https:\/\/vimagazine.com.br\/index.php?rest_route=%2Fwp%2Fv2%2Fmedia&parent=1888"}],"wp:term":[{"taxonomy":"category","embeddable":true,"href":"https:\/\/vimagazine.com.br\/index.php?rest_route=%2Fwp%2Fv2%2Fcategories&post=1888"},{"taxonomy":"post_tag","embeddable":true,"href":"https:\/\/vimagazine.com.br\/index.php?rest_route=%2Fwp%2Fv2%2Ftags&post=1888"}],"curies":[{"name":"wp","href":"https:\/\/api.w.org\/{rel}","templated":true}]}}