{"id":18893,"date":"2025-06-04T15:44:56","date_gmt":"2025-06-04T18:44:56","guid":{"rendered":"https:\/\/vimagazine.com.br\/?p=18893"},"modified":"2025-06-04T15:48:47","modified_gmt":"2025-06-04T18:48:47","slug":"meneghisso-pasquotto-arquitetura-celebra-os-opostos-o-tempo-e-o-afeto-com-o-banheiro-natureza-em-essencia-na-casacor-sao-paulo-2025","status":"publish","type":"post","link":"https:\/\/vimagazine.com.br\/?p=18893","title":{"rendered":"Meneghisso &#038; Pasquotto Arquitetura celebra os opostos, o tempo e o afeto com o banheiro Natureza em Ess\u00eancia na CASACOR S\u00e3o Paulo 2025"},"content":{"rendered":"\n<p><br><em>Para celebrar os 20 anos de trajet\u00f3ria, os arquitetos Mariana Meneghisso&nbsp;e Alexandre Pasquotto decidiram eternizar as bodas de porcelana com a estreia na maior mostra de decora\u00e7\u00e3o das Am\u00e9ricas. O ambiente destaca uma arquitetura que acolhe e emociona por sua harmonia e idealiza\u00e7\u00e3o do futuro<\/em><br><br><\/p>\n\n\n\n<figure class=\"wp-block-image aligncenter size-full is-resized\"><img src=\"https:\/\/vimagazine.com.br\/wp-content\/uploads\/2025\/06\/1_Projeto-Meneghisso-Pasquotto_CasaCor2025_Foto-RafaelRenzo-29.jpg\" alt=\"\" class=\"wp-image-18894\" width=\"709\" height=\"472\" srcset=\"https:\/\/vimagazine.com.br\/wp-content\/uploads\/2025\/06\/1_Projeto-Meneghisso-Pasquotto_CasaCor2025_Foto-RafaelRenzo-29.jpg 945w, https:\/\/vimagazine.com.br\/wp-content\/uploads\/2025\/06\/1_Projeto-Meneghisso-Pasquotto_CasaCor2025_Foto-RafaelRenzo-29-300x200.jpg 300w, https:\/\/vimagazine.com.br\/wp-content\/uploads\/2025\/06\/1_Projeto-Meneghisso-Pasquotto_CasaCor2025_Foto-RafaelRenzo-29-768x511.jpg 768w\" sizes=\"(max-width: 709px) 100vw, 709px\" \/><\/figure>\n\n\n\n<p class=\"has-text-align-center\"><em>Natureza em Ess\u00eancia&nbsp;\u00e9 o nome do ambiente inspirador idealizado pelo escrit\u00f3rio&nbsp;Meneghisso &amp; Pasquotto Arquitetura&nbsp;na&nbsp;CASACOR S\u00e3o Paulo 2025, que acontece, pela primeira vez, no Parque da \u00c1gua Branca | Foto: Rafael Renzo<\/em><\/p>\n\n\n\n<p><\/p>\n\n\n\n<p>H\u00e1 uma nova era de bem-estar residencial a caminho que trilha um movimento inexor\u00e1vel na arquitetura. Mais do que abrigar rotinas, os espa\u00e7os seguem incorporando novos significados, tornando-se ref\u00fagios de autocuidado, acolhimento e conex\u00e3o com a natureza. \u00c9 sob essa \u00f3ptica que nasce o ambiente&nbsp;Natureza em Ess\u00eancia, assinado por&nbsp;Mariana Meneghisso e Alexandre Pasquotto, casal de arquitetos \u00e0 frente do escrit\u00f3rio&nbsp;Meneghisso &amp; Pasquotto Arquitetura, para a&nbsp;CASACOR S\u00e3o Paulo 2025.<\/p>\n\n\n\n<p>Neste ano, a 38\u00aa edi\u00e7\u00e3o da mostra prop\u00f5e um olhar sens\u00edvel e transformador com o tema Semear Sonhos, convidando os profissionais a refletirem sobre o futuro e cultivarem novos pensamentos, valores e sentimentos que se frutifiquem como espa\u00e7os mais humanos, sustent\u00e1veis e carregados de afeto.<\/p>\n\n\n\n<p>Inspirado nessa tem\u00e1tica, o banheiro&nbsp;Natureza em Ess\u00eancia&nbsp;convida o visitante a uma parada obrigat\u00f3ria no tempo. Para saber quem somos e entender nossos caminhos e prop\u00f3sitos \u00e9 preciso respirar e reconectar-se com nossas origens que s\u00e3o, intrinsecamente, arraigadas ao natural. &#8220;<em>Com a for\u00e7a que a arquitetura nos prov\u00ea, possibilitar que o outro sonhe \u00e9 inspirar a cada um o legado de deixar uma semente no mundo. O Natureza em Ess\u00eancia nasceu com essa perspectiva de entregar um local capaz de despertar emo\u00e7\u00f5es, promover a alegria de se estar e incentivar uma pausa na rotina. Ao combinar o tempo que o banheiro nos pede, elaboramos um ambiente que acolhe o agora e que tamb\u00e9m aponta para o futuro que desejamos<\/em>&#8220;, explica Mariana Meneghisso.<\/p>\n\n\n\n<p><\/p>\n\n\n\n<p><\/p>\n\n\n\n<figure class=\"wp-block-image aligncenter size-full\"><img width=\"943\" height=\"626\" src=\"https:\/\/vimagazine.com.br\/wp-content\/uploads\/2025\/06\/2_Projeto-Meneghisso-Pasquotto_CasaCor2025_Foto-RafaelRenzo-39.jpg\" alt=\"\" class=\"wp-image-18895\" srcset=\"https:\/\/vimagazine.com.br\/wp-content\/uploads\/2025\/06\/2_Projeto-Meneghisso-Pasquotto_CasaCor2025_Foto-RafaelRenzo-39.jpg 943w, https:\/\/vimagazine.com.br\/wp-content\/uploads\/2025\/06\/2_Projeto-Meneghisso-Pasquotto_CasaCor2025_Foto-RafaelRenzo-39-300x199.jpg 300w, https:\/\/vimagazine.com.br\/wp-content\/uploads\/2025\/06\/2_Projeto-Meneghisso-Pasquotto_CasaCor2025_Foto-RafaelRenzo-39-768x510.jpg 768w\" sizes=\"(max-width: 943px) 100vw, 943px\" \/><\/figure>\n\n\n\n<p><\/p>\n\n\n\n<p class=\"has-text-align-center\"><em>Painel com tecido \u00e0 m\u00e3o pintado por Juliana Pelegrinello, obra de arte esculpida na parede de Gustavo Maciel, m\u00f3veis com design assinado e mais surpresas est\u00e3o reservadas para quem visitar o banheiro criado por&nbsp;Meneghisso &amp; Pasquotto Arquitetura&nbsp;| Foto: Rafael Renzo<\/em><\/p>\n\n\n\n<p><\/p>\n\n\n\n<p>Entre o jardim formatado por floreiras galvanizadas para expor as flores de jasmim, associada ao amor verdadeiro, a parede principal se tornou uma tela em branco que foi preenchida pelo artista Gustavo Maciel, que usa uma talhadeira para desenhar a superf\u00edcie de concreto. Em destaque, mais uma analogia sobre o casal com a apresenta\u00e7\u00e3o de uma revoada de p\u00e1ssaros voando com sua plena autonomia. &#8220;<em>Esse painel traduz com sensibilidade o esp\u00edrito do nosso ambiente ao evocar as ideias de liberdade e movimento. E s\u00e3o justamente os dois primeiros, que se sobressaem em um primeiro plano, que se tocam e complementam como as for\u00e7as yin e yang. Essa correla\u00e7\u00e3o representa o nosso v\u00ednculo como casal e dupla din\u00e2mica \u00e0 frente do escrit\u00f3rio&#8221;,&nbsp;<\/em>comenta Alexandre Pasquotto.<\/p>\n\n\n\n<p><\/p>\n\n\n\n<figure class=\"wp-block-image aligncenter size-full\"><img width=\"1009\" height=\"500\" src=\"https:\/\/vimagazine.com.br\/wp-content\/uploads\/2025\/06\/3-4-e-5_Projeto-Meneghisso-Pasquotto_CasaCor2025_Foto-RafaelRenzo-42-49-68.jpg\" alt=\"\" class=\"wp-image-18896\" srcset=\"https:\/\/vimagazine.com.br\/wp-content\/uploads\/2025\/06\/3-4-e-5_Projeto-Meneghisso-Pasquotto_CasaCor2025_Foto-RafaelRenzo-42-49-68.jpg 1009w, https:\/\/vimagazine.com.br\/wp-content\/uploads\/2025\/06\/3-4-e-5_Projeto-Meneghisso-Pasquotto_CasaCor2025_Foto-RafaelRenzo-42-49-68-300x149.jpg 300w, https:\/\/vimagazine.com.br\/wp-content\/uploads\/2025\/06\/3-4-e-5_Projeto-Meneghisso-Pasquotto_CasaCor2025_Foto-RafaelRenzo-42-49-68-768x381.jpg 768w\" sizes=\"(max-width: 1009px) 100vw, 1009px\" \/><\/figure>\n\n\n\n<p><\/p>\n\n\n\n<p class=\"has-text-align-center\"><em>Contrastes de materiais, equil\u00edbrio de ideias: pilar e viga de concreto aparente se somam ao forro com r\u00e9guas vin\u00edlicas (Teto Vin\u00edlico) e o MDF ros\u00ea (Duratex) que &#8216;veste&#8217; as cabines do banheiro, al\u00e9m da bancada com a nova resina que lembra o visual da pedra natural (F\u00f3rmica). Em destaque, as floreiras de a\u00e7o galvanizado pintado de branco recebem jasmins no projeto do&nbsp;Meneghisso &amp; Pasquotto Arquitetura&nbsp;| Fotos: Rafael Renzo<\/em><\/p>\n\n\n\n<p><\/p>\n\n\n\n<p><\/p>\n\n\n\n<p>Quando o oposto soma e n\u00e3o divide<\/p>\n\n\n\n<p>Com 27 m\u00b2, o Natureza em Ess\u00eancia foi concebido como um santu\u00e1rio particular que difunde sensa\u00e7\u00f5es, equilibra os contrastes e que deseja mostrar ao p\u00fablico a import\u00e2ncia de reatar alguns v\u00ednculos que foram perdidos e que s\u00e3o primordiais \u00e0 nossa exist\u00eancia. Entretanto, para que cada um estabele\u00e7a o processo de ouvir sua voz interior, \u00e9 preciso haver sintonia entre nossos corpos f\u00edsico e mental. &#8220;<em>N\u00e3o h\u00e1 compreens\u00e3o se n\u00e3o nos permitirmos ao sil\u00eancio que acessa nossos sentidos<\/em>&#8220;, verbaliza Mariana.<\/p>\n\n\n\n<p>Assim, alinhado com as quest\u00f5es funcionais, os arquitetos materializaram um banheiro que integra cabines e bancada dentro de ambienta\u00e7\u00e3o de estar e paisagismo que re\u00fanem fluidez e muito conforto. A dualidade \u00e9 o fio condutor do projeto e, longe de ser um antagonismo, os opostos aparecem como pot\u00eancias que se complementam. Essa proposta \u00e9 percebida em cada detalhe, do conceito aos materiais escolhidos.<\/p>\n\n\n\n<p>&nbsp;&#8220;<em>A beleza est\u00e1 na conviv\u00eancia entre os contrastes e nossa hist\u00f3ria pessoal \u00e9 um exemplo dessa complementaridade. Enquanto um possui um olhar macro, outro foca no detalhe. Em situa\u00e7\u00f5es em que um \u00e9 mais t\u00e9cnico, o outro \u00e9 mais po\u00e9tico e, quando um acrescenta elementos masculinos, o outro adiciona o feminino. A soma dessas disparidades eleva nossos trabalhos com mais vigor e verdade<\/em>&#8220;, compartilha Alexandre. Esse racioc\u00ednio se concretiza pela contraposi\u00e7\u00e3o avistada no piso de porcelanato escuro, de apar\u00eancia s\u00f3lida e s\u00f3bria (linha Audaz, da Portinari), que sinaliza uma est\u00e9tica brutalista e urbana. J\u00e1 o forro vin\u00edlico amadeirado (cole\u00e7\u00e3o Origens, da Teto Vin\u00edlico, by Talt), com o desenho de curvas suaves, remete ao movimento da natureza tal qual a copa de uma \u00e1rvore.<\/p>\n\n\n\n<p>Ainda na entrada, a arte \u00e9 representada pelo mural de tecido, pintado \u00e0 m\u00e3o pela designer de superf\u00edcies Juliana Pelegrinello, que une sua obra ao concreto aparente da viga e do pilar da constru\u00e7\u00e3o original do Parque da \u00c1gua Branca. Seu gesto po\u00e9tico ressoa quando a tela humaniza a rigidez e valoriza o di\u00e1logo entre passado e presente.<\/p>\n\n\n\n<p>Completando a \u00e1rea de estar, concebida para ser um ponto de descanso e admira\u00e7\u00e3o, o mobili\u00e1rio assinado por designers nacionais refor\u00e7a o car\u00e1ter autoral e sustent\u00e1vel do projeto: as linhas curvas do sof\u00e1 off-white (7Oito9 Design), de Richard Daniel, convida \u00e0 perman\u00eancia e estabelece um di\u00e1logo interessante com a forma escultural da mesa de centro org\u00e2nica desenhada pela arquiteta Fernanda Marques (Breton).<\/p>\n\n\n\n<p>No centro, o tapete \u00e9 um destaque \u00e0 parte e seu formato, que remete aos veios de um tronco de \u00e1rvore, simboliza os ciclos da vida, o tempo, as ra\u00edzes e o crescimento. &#8220;<em>Ele manifesta nossa narrativa, pois exprime o que j\u00e1 vivemos e o quanto ainda queremos aproveitar nossas exist\u00eancias. Eu o interpreto como uma alegoria que revela nosso aprimoramento como pessoas e profissionais&#8221;,&nbsp;<\/em>revela Mariana.<\/p>\n\n\n\n<p><\/p>\n\n\n\n<figure class=\"wp-block-image aligncenter size-full\"><img width=\"946\" height=\"627\" src=\"https:\/\/vimagazine.com.br\/wp-content\/uploads\/2025\/06\/6_Projeto-Meneghisso-Pasquotto_CasaCor2025_Foto-RafaelRenzo-61.jpg\" alt=\"\" class=\"wp-image-18897\" srcset=\"https:\/\/vimagazine.com.br\/wp-content\/uploads\/2025\/06\/6_Projeto-Meneghisso-Pasquotto_CasaCor2025_Foto-RafaelRenzo-61.jpg 946w, https:\/\/vimagazine.com.br\/wp-content\/uploads\/2025\/06\/6_Projeto-Meneghisso-Pasquotto_CasaCor2025_Foto-RafaelRenzo-61-300x199.jpg 300w, https:\/\/vimagazine.com.br\/wp-content\/uploads\/2025\/06\/6_Projeto-Meneghisso-Pasquotto_CasaCor2025_Foto-RafaelRenzo-61-768x509.jpg 768w\" sizes=\"(max-width: 946px) 100vw, 946px\" \/><\/figure>\n\n\n\n<p class=\"has-text-align-center\">T<em>amb\u00e9m h\u00e1 inova\u00e7\u00e3o no banheiro Natureza em Ess\u00eancia, a exemplo da bancada com uma superf\u00edcie que lembra o visual da pedra natural, mas \u00e9 a nova resina modelo Paladina Green, lan\u00e7ada pela F\u00f3rmica | Foto: Rafael Renzo<\/em><\/p>\n\n\n\n<p><\/p>\n\n\n\n<p><\/p>\n\n\n\n<p>Na bancada, dois lavat\u00f3rios repousam sobre uma superf\u00edcie escultural: a nova resina da F\u00f3rmica, modelo Paladina Green, \u00e9 uma pr\u00e9via in\u00e9dita da cole\u00e7\u00e3o Matizes, destinada para \u00e1reas molhadas e que tamb\u00e9m foi aplicada para revestir o banco. O projeto luminot\u00e9cnico \u00e9 percebido atrav\u00e9s das luzes indiretas e c\u00eanicas, com fitas de LED, que alternam a dimeriza\u00e7\u00e3o para entregar atmosferas envolventes.<\/p>\n\n\n\n<p>As quatro cabines, incluindo um banheiro acess\u00edvel e um frald\u00e1rio, foram executados com a aplica\u00e7\u00e3o do MDF ros\u00ea nas portas e divis\u00f3rias, uma escolha que refor\u00e7a a paleta afetiva e aconchegante. A marcenaria sob medida garante leveza visual, mantendo a proposta de um ref\u00fagio contempor\u00e2neo e inclusivo.<\/p>\n\n\n\n<p>De b\u00f4nus, a sonoplastia combina sons da natureza, como o canto dos p\u00e1ssaros e o barulho do vento entre as folhas, com uma curadoria afetiva de m\u00fasicas brasileiras, selecionadas pela filha do casal. Essa trilha sonora transforma o espa\u00e7o em um ref\u00fagio que conclama mem\u00f3rias e desperta sentimentos.<\/p>\n\n\n\n<p><\/p>\n\n\n\n<p><\/p>\n\n\n\n<figure class=\"wp-block-image aligncenter size-full\"><img width=\"1002\" height=\"490\" src=\"https:\/\/vimagazine.com.br\/wp-content\/uploads\/2025\/06\/7-8-e-9_Projeto-Meneghisso-Pasquotto_CasaCor2025_Foto-RafaelRenzo-74-76-81.jpg\" alt=\"\" class=\"wp-image-18898\" srcset=\"https:\/\/vimagazine.com.br\/wp-content\/uploads\/2025\/06\/7-8-e-9_Projeto-Meneghisso-Pasquotto_CasaCor2025_Foto-RafaelRenzo-74-76-81.jpg 1002w, https:\/\/vimagazine.com.br\/wp-content\/uploads\/2025\/06\/7-8-e-9_Projeto-Meneghisso-Pasquotto_CasaCor2025_Foto-RafaelRenzo-74-76-81-300x147.jpg 300w, https:\/\/vimagazine.com.br\/wp-content\/uploads\/2025\/06\/7-8-e-9_Projeto-Meneghisso-Pasquotto_CasaCor2025_Foto-RafaelRenzo-74-76-81-768x376.jpg 768w\" sizes=\"(max-width: 1002px) 100vw, 1002px\" \/><\/figure>\n\n\n\n<p class=\"has-text-align-center\"><em>Com ilumina\u00e7\u00e3o indireta confort\u00e1vel e leve, o banheiro do&nbsp;Meneghisso &amp; Pasquotto Arquitetura&nbsp;conta com quatro cabines, incluindo um banheiro acess\u00edvel e um frald\u00e1rio. Destaque para as cubas com acabamento fosco e metais da Deca | Fotos: Rafael Renzo<\/em><\/p>\n\n\n\n<p><\/p>\n\n\n\n<p>Sustentabilidade como escolha consciente<\/p>\n\n\n\n<p>O alinhamento do casal com o meio ambiente n\u00e3o \u00e9 um adere\u00e7o, mas um princ\u00edpio essencial. Para os arquitetos Mariana Meneghisso e Alexandre Pasquotto, tudo na natureza \u00e9 finito, materiais tecnol\u00f3gicos priorizaram solu\u00e7\u00f5es que, ao inv\u00e9s de recorrer aos recursos naturais que demandam extra\u00e7\u00e3o intensiva, optaram por revestimentos e acabamentos produzidos com processos de menor impacto ambiental, al\u00e9m de mobili\u00e1rios e objetos com design consciente.<\/p>\n\n\n\n<p>&#8220;<em>Sustentabilidade \u00e9 um valor inegoci\u00e1vel e est\u00e1 presente n\u00e3o s\u00f3 aqui na CASACOR. Tudo foi selecionado com base em crit\u00e9rios de durabilidade, possibilidade de reuso e baixo impacto ambiental<\/em>&#8220;, ressalta Alexandre. O forro vin\u00edlico, que substitui a madeira natural, garante visual aconchegante com menor agress\u00e3o ao meio ambiente. J\u00e1 a bancada dos lavat\u00f3rios, feita com resina da nova linha da F\u00f3rmica para \u00e1reas molhadas, mostra a inova\u00e7\u00e3o como meio evitar a extin\u00e7\u00e3o de recursos naturais. No final da CASACOR, divis\u00f3rias, pain\u00e9is e a marcenaria planejada ser\u00e3o desmontados e reaproveitados \u2013 conduta que elimina o desperd\u00edcio de materiais.<\/p>\n\n\n\n<p><\/p>\n\n\n\n<figure class=\"wp-block-image aligncenter size-full\"><img width=\"418\" height=\"628\" src=\"https:\/\/vimagazine.com.br\/wp-content\/uploads\/2025\/06\/10_Projeto-Meneghisso-Pasquotto_CasaCor2025_Foto-RafaelRenzo-5.jpg\" alt=\"\" class=\"wp-image-18899\" srcset=\"https:\/\/vimagazine.com.br\/wp-content\/uploads\/2025\/06\/10_Projeto-Meneghisso-Pasquotto_CasaCor2025_Foto-RafaelRenzo-5.jpg 418w, https:\/\/vimagazine.com.br\/wp-content\/uploads\/2025\/06\/10_Projeto-Meneghisso-Pasquotto_CasaCor2025_Foto-RafaelRenzo-5-200x300.jpg 200w\" sizes=\"(max-width: 418px) 100vw, 418px\" \/><\/figure>\n\n\n\n<p class=\"has-text-align-center\">Os s\u00f3cios&nbsp;Alexandre Pasquotto e Mariana Meneghisso&nbsp;<em>comemoram 20 anos do escrit\u00f3rio&nbsp;Meneghisso &amp; Pasquotto Arquitetura&nbsp;na CASACOR S\u00e3o Paulo | Foto: Rafael Renzo<\/em><\/p>\n\n\n\n<p><\/p>\n\n\n\n<p>Uma estreia simb\u00f3lica<\/p>\n\n\n\n<p>A participa\u00e7\u00e3o na CASACOR S\u00e3o Paulo 2025 registra um marco na trajet\u00f3ria do escrit\u00f3rio Meneghisso &amp; Pasquotto Arquitetura. Al\u00e9m de debutar na maior e mais completa mostra de arquitetura e design das Am\u00e9ricas, o ambiente marca as duas d\u00e9cadas de atua\u00e7\u00e3o com um projeto que simboliza a caminhada pessoal e profissional dos dois.<\/p>\n\n\n\n<p>&#8220;<em>Estar aqui se traduz como uma simbologia do \u00eaxito da nossa uni\u00e3o nesses dois aspectos e uma conquista que marca a linha do tempo de nossas vidas. Significa o florescer de um jardim onde colhemos a maturidade de uma caminhada feita com prop\u00f3sito e, dessa forma, nosso ambiente \u00e9 carregado de fragmentos que contam sobre n\u00f3s. Sonhos plantados com amor e empenho e que agora ganham formas diante do p\u00fablico<\/em>&#8220;, destaca Mariana.<\/p>\n\n\n\n<p>Na vida de ambos, a arquitetura sintetiza tudo o que alcan\u00e7aram juntos e o fio condutor dos objetivos que constitu\u00edram ainda na juventude. Na cumplicidade entre casal e companheiros de trabalho, Mariana e Alexandre consolidaram a filosofia derivada do encontro de duas vis\u00f5es distintas, por\u00e9m complementares, que se nutrem da natureza, da cultura e da escuta sens\u00edvel que praticam.<\/p>\n\n\n\n<p><strong> CASACOR S\u00e3o Paulo 2025<\/strong><\/p>\n\n\n\n<p>Onde: Parque da \u00c1gua Branca &#8211; Rua Dona Ana Pimentel, 37 portaria G4 do PAB<\/p>\n\n\n\n<p>Quando: de 27 de maio a 03 de agosto de 2025<\/p>\n\n\n\n<p>Hor\u00e1rio de funcionamento do evento: Ter\u00e7a a domingo das 11h \u00e0s 21h<\/p>\n\n\n\n<p>Hor\u00e1rio bilheteria: Ter\u00e7a a domingo* das 11h \u00e0s 19h<\/p>\n\n\n\n<p>* fechamento da bilheteria f\u00edsica 15 minutos ap\u00f3s o \u00faltimo hor\u00e1rio. A visita poder\u00e1<\/p>\n\n\n\n<p>acontecer at\u00e9 \u00e0s 21h.&nbsp;<\/p>\n\n\n\n<p>Bilheteria digital:&nbsp;<a href=\"https:\/\/appcasacor.com.br\/events\/sao-paulo-2025\" rel=\"noreferrer noopener\" target=\"_blank\">https:\/\/appcasacor.com.br\/events\/sao-paulo-2025<\/a><\/p>\n\n\n\n<p>Sobre a Meneghisso &amp; Pasquotto Arquitetura<\/p>\n\n\n\n<p>Com refer\u00eancias importantes na viabilidade executiva do projeto, somado a forma\u00e7\u00e3o afinada em forma e est\u00e9tica, a dupla de arquitetos se completa na cria\u00e7\u00e3o e concep\u00e7\u00e3o dos trabalhos. O escrit\u00f3rio atua em projetos residenciais, comerciais e corporativos. Tendo como premissa produzir solu\u00e7\u00f5es, atrav\u00e9s de projetos autorais funcionais, atemporais, nos diversos vieses est\u00e9ticos e de estilo, que traduzam boa arquitetura e a personalidade do cliente.<\/p>\n\n\n\n<p><strong>Mariana Meneghisso<\/strong><\/p>\n\n\n\n<p>Arquiteta Urbanista pela Faculdade de Belas Artes de S\u00e3o Paulo, Design de Interiores pela Escola Panamericana de Artes. P\u00f3s Graduada em Responsabilidade Civil pela Fecaf, P\u00f3s Graduada em Neuroarquitetura pela Ipog, Especialista em Perceptual Design pelo Instituto Polit\u00e9cnico de Mil\u00e3o. Membro da Academy of Neuroscience for Architecture Brasil. S\u00f3cia da Meneghisso &amp; Pasquotto Arquitetura desde 2005.<\/p>\n\n\n\n<p><strong>Alexandre Pasquotto<\/strong><\/p>\n\n\n\n<p>Arquiteto Urbanista pela Universidade Bandeirantes de S\u00e3o Paulo, T\u00e9cnico em Edifica\u00e7\u00f5es pela E.T.E. J\u00falio de Mesquita, P\u00f3s Graduado em C\u00e1lculo Estrutural pela Ipog, atua na constru\u00e7\u00e3o civil residencial, industrial e corporativa desde 1992, consultor em dimensionamento, viabilidade e custos no ramo civil. S\u00f3cio desde 2004 da Meneghisso &amp; Pasquotto Arquitetura.<\/p>\n\n\n\n<p>@meneghisso_pasquotto_arq<\/p>\n\n\n\n<p>Telefone: (11) 4551-7809 | 11 99272-8924<\/p>\n\n\n\n<p>E-mail:&nbsp;<a href=\"mailto:contato@pasquottoarquitetura.com.br\">contato@pasquottoarquitetura.com.br<\/a><\/p>\n\n\n\n<p>Site:&nbsp;<a href=\"https:\/\/www.pasquottoarquitetura.com.br\/\" target=\"_blank\" rel=\"noreferrer noopener\">https:\/\/www.pasquottoarquitetura.com.br\/<\/a><\/p>\n\n\n\n<p><\/p>\n\n\n\n<p><\/p>\n\n\n\n<p><\/p>\n","protected":false},"excerpt":{"rendered":"<p>Para celebrar os 20 anos de trajet\u00f3ria, os arquitetos Mariana Meneghisso&nbsp;e Alexandre Pasquotto decidiram eternizar&#8230;<\/p>\n","protected":false},"author":1,"featured_media":18901,"comment_status":"closed","ping_status":"open","sticky":false,"template":"","format":"standard","meta":{"om_disable_all_campaigns":false,"_monsterinsights_skip_tracking":false,"_monsterinsights_sitenote_active":false,"_monsterinsights_sitenote_note":"","_monsterinsights_sitenote_category":0,"spay_email":""},"categories":[1],"tags":[],"jetpack_featured_media_url":"https:\/\/vimagazine.com.br\/wp-content\/uploads\/2025\/06\/10_Projeto-Meneghisso-Pasquotto_CasaCor2025_Foto-RafaelRenzo-5-1.jpg","_links":{"self":[{"href":"https:\/\/vimagazine.com.br\/index.php?rest_route=\/wp\/v2\/posts\/18893"}],"collection":[{"href":"https:\/\/vimagazine.com.br\/index.php?rest_route=\/wp\/v2\/posts"}],"about":[{"href":"https:\/\/vimagazine.com.br\/index.php?rest_route=\/wp\/v2\/types\/post"}],"author":[{"embeddable":true,"href":"https:\/\/vimagazine.com.br\/index.php?rest_route=\/wp\/v2\/users\/1"}],"replies":[{"embeddable":true,"href":"https:\/\/vimagazine.com.br\/index.php?rest_route=%2Fwp%2Fv2%2Fcomments&post=18893"}],"version-history":[{"count":2,"href":"https:\/\/vimagazine.com.br\/index.php?rest_route=\/wp\/v2\/posts\/18893\/revisions"}],"predecessor-version":[{"id":18902,"href":"https:\/\/vimagazine.com.br\/index.php?rest_route=\/wp\/v2\/posts\/18893\/revisions\/18902"}],"wp:featuredmedia":[{"embeddable":true,"href":"https:\/\/vimagazine.com.br\/index.php?rest_route=\/wp\/v2\/media\/18901"}],"wp:attachment":[{"href":"https:\/\/vimagazine.com.br\/index.php?rest_route=%2Fwp%2Fv2%2Fmedia&parent=18893"}],"wp:term":[{"taxonomy":"category","embeddable":true,"href":"https:\/\/vimagazine.com.br\/index.php?rest_route=%2Fwp%2Fv2%2Fcategories&post=18893"},{"taxonomy":"post_tag","embeddable":true,"href":"https:\/\/vimagazine.com.br\/index.php?rest_route=%2Fwp%2Fv2%2Ftags&post=18893"}],"curies":[{"name":"wp","href":"https:\/\/api.w.org\/{rel}","templated":true}]}}