{"id":18904,"date":"2025-06-04T20:40:03","date_gmt":"2025-06-04T23:40:03","guid":{"rendered":"https:\/\/vimagazine.com.br\/?p=18904"},"modified":"2025-06-04T20:40:05","modified_gmt":"2025-06-04T23:40:05","slug":"piloto-catarinense-juninho-faz-historia-ao-competir-na-formula-drift-pro-am-nos-estados-unidos","status":"publish","type":"post","link":"https:\/\/vimagazine.com.br\/?p=18904","title":{"rendered":"Piloto catarinense Juninho faz hist\u00f3ria ao competir na F\u00f3rmula Drift PRO-AM nos Estados Unidos"},"content":{"rendered":"\n<p><\/p>\n\n\n\n<p>Marcio Vieira J\u00fanior, conhecido nas pistas como Juninho, est\u00e1 prestes a marcar seu nome na hist\u00f3ria do automobilismo brasileiro. O piloto de 20 anos, natural de Santa Catarina, viaja nesta semana para a cidade de Sebring, na Fl\u00f3rida (EUA), onde disputar\u00e1 a F\u00f3rmula Drift PRO-AM \u2014 uma das portas de entrada para o cen\u00e1rio profissional do drift internacional. Juninho \u00e9 o primeiro catarinense a competir em uma prova da categoria na Am\u00e9rica do Norte.<\/p>\n\n\n\n<p>\u201cCorrer nos Estados Unidos vai ser a realiza\u00e7\u00e3o de um sonho de crian\u00e7a. Estou muito feliz em poder levar a bandeira do Brasil e de Santa Catarina para fora e mostrar nossa garra\u201d, comenta o piloto, que atualmente lidera o campeonato brasileiro da Ultimate Drift.<\/p>\n\n\n\n<p>O talento de Juninho foi percebido desde cedo. Em 2021, com apenas 16 anos, ele fez sua estreia em uma prova homologada pela CBA (Confedera\u00e7\u00e3o Brasileira de Automobilismo), na categoria Ultimate Light \u2014 voltada a novos pilotos \u2014 e sagrou-se campe\u00e3o brasileiro. Com o t\u00edtulo, tornou-se o mais jovem vencedor da hist\u00f3ria do drift nacional e garantiu vaga na categoria PRO, destinada aos profissionais.<\/p>\n\n\n\n<p>A participa\u00e7\u00e3o na F\u00f3rmula Drift PRO-AM conta com o apoio integral da Pichau, empresa refer\u00eancia no setor de hardware e produtos gamers \u2014 uma das paix\u00f5es de Juninho fora das pistas. Ao seu lado, a equipe conta com os mec\u00e2nicos Marcelo Cec\u00e9 (Brasil), R\u00f4mulo Mesquita e o chefe de equipe Marcelo Zaupa (EUA).<\/p>\n\n\n\n<p><\/p>\n\n\n\n<figure class=\"wp-container-2 wp-block-gallery-1 wp-block-gallery has-nested-images columns-2 is-cropped\">\n<figure class=\"wp-block-image size-large\"><img width=\"1920\" height=\"1371\" data-id=\"18908\"  src=\"https:\/\/vimagazine.com.br\/wp-content\/uploads\/2025\/06\/Credito-Felipe-MendesIMG_7119.jpeg\" alt=\"\" class=\"wp-image-18908\" srcset=\"https:\/\/vimagazine.com.br\/wp-content\/uploads\/2025\/06\/Credito-Felipe-MendesIMG_7119.jpeg 1920w, https:\/\/vimagazine.com.br\/wp-content\/uploads\/2025\/06\/Credito-Felipe-MendesIMG_7119-300x214.jpeg 300w, https:\/\/vimagazine.com.br\/wp-content\/uploads\/2025\/06\/Credito-Felipe-MendesIMG_7119-1024x731.jpeg 1024w, https:\/\/vimagazine.com.br\/wp-content\/uploads\/2025\/06\/Credito-Felipe-MendesIMG_7119-768x548.jpeg 768w, https:\/\/vimagazine.com.br\/wp-content\/uploads\/2025\/06\/Credito-Felipe-MendesIMG_7119-1536x1097.jpeg 1536w\" sizes=\"(max-width: 1920px) 100vw, 1920px\" \/><\/figure>\n\n\n\n<figure class=\"wp-block-image size-large\"><img width=\"1920\" height=\"1371\" data-id=\"18909\"  src=\"https:\/\/vimagazine.com.br\/wp-content\/uploads\/2025\/06\/Credito-Felipe-MendesIMG_7117.jpeg\" alt=\"\" class=\"wp-image-18909\" srcset=\"https:\/\/vimagazine.com.br\/wp-content\/uploads\/2025\/06\/Credito-Felipe-MendesIMG_7117.jpeg 1920w, https:\/\/vimagazine.com.br\/wp-content\/uploads\/2025\/06\/Credito-Felipe-MendesIMG_7117-300x214.jpeg 300w, https:\/\/vimagazine.com.br\/wp-content\/uploads\/2025\/06\/Credito-Felipe-MendesIMG_7117-1024x731.jpeg 1024w, https:\/\/vimagazine.com.br\/wp-content\/uploads\/2025\/06\/Credito-Felipe-MendesIMG_7117-768x548.jpeg 768w, https:\/\/vimagazine.com.br\/wp-content\/uploads\/2025\/06\/Credito-Felipe-MendesIMG_7117-1536x1097.jpeg 1536w\" sizes=\"(max-width: 1920px) 100vw, 1920px\" \/><\/figure>\n<figcaption class=\"blocks-gallery-caption\">Fotos: Felipe Mendes <\/figcaption><\/figure>\n\n\n\n<p><\/p>\n\n\n\n<p><strong>Drift no sangue: heran\u00e7a e paix\u00e3o familiar<\/strong><br>O gosto por carros e adrenalina vem de ber\u00e7o. Juninho cresceu nos bastidores das competi\u00e7\u00f5es, acompanhando de perto a trajet\u00f3ria do pai, M\u00e1rcio \u201cKabe\u00e7a\u201d, um dos nomes consagrados do drift brasileiro. Bicampe\u00e3o da modalidade, Kabe\u00e7a fundou em Penha (SC) uma escola dedicada \u00e0 forma\u00e7\u00e3o de novos pilotos \u2014 e foi ali que Juninho teve seus primeiros contatos com a dire\u00e7\u00e3o.<\/p>\n\n\n\n<p>\u201cDesde muito pequeno eu sempre fui envolvido com carros. Acho que sempre tive essa paix\u00e3o. Quando meu pai come\u00e7ou a competir, nunca deixei de acompanh\u00e1-lo. Estava sempre nos eventos, at\u00e9 que chegou minha hora. Comecei a dar os primeiros passos aos 12 anos. Hoje estou na categoria profissional e espero continuar por muito tempo no drift\u201d, relembra Juninho.<\/p>\n\n\n\n<p>A estreia na F\u00f3rmula Drift PRO-AM representa n\u00e3o apenas a concretiza\u00e7\u00e3o de um sonho pessoal, mas tamb\u00e9m um passo importante para o esporte no Brasil, com Juninho levando o nome do pa\u00eds e do estado de Santa Catarina ao circuito internacional.<\/p>\n\n\n\n<p><\/p>\n\n\n\n<figure class=\"wp-container-4 wp-block-gallery-3 wp-block-gallery has-nested-images columns-default is-cropped\">\n<figure class=\"wp-block-image size-large\"><img width=\"1280\" height=\"853\" data-id=\"18906\"  src=\"https:\/\/vimagazine.com.br\/wp-content\/uploads\/2025\/06\/Credito-Latina-filmesPai-e-filho-no-carro.jpeg\" alt=\"\" class=\"wp-image-18906\" srcset=\"https:\/\/vimagazine.com.br\/wp-content\/uploads\/2025\/06\/Credito-Latina-filmesPai-e-filho-no-carro.jpeg 1280w, https:\/\/vimagazine.com.br\/wp-content\/uploads\/2025\/06\/Credito-Latina-filmesPai-e-filho-no-carro-300x200.jpeg 300w, https:\/\/vimagazine.com.br\/wp-content\/uploads\/2025\/06\/Credito-Latina-filmesPai-e-filho-no-carro-1024x682.jpeg 1024w, https:\/\/vimagazine.com.br\/wp-content\/uploads\/2025\/06\/Credito-Latina-filmesPai-e-filho-no-carro-768x512.jpeg 768w\" sizes=\"(max-width: 1280px) 100vw, 1280px\" \/><\/figure>\n\n\n\n<figure class=\"wp-block-image size-large\"><img width=\"1280\" height=\"853\" data-id=\"18905\"  src=\"https:\/\/vimagazine.com.br\/wp-content\/uploads\/2025\/06\/Credito-Latina-filmesPai-e-filho-nos-carros.jpeg\" alt=\"\" class=\"wp-image-18905\" srcset=\"https:\/\/vimagazine.com.br\/wp-content\/uploads\/2025\/06\/Credito-Latina-filmesPai-e-filho-nos-carros.jpeg 1280w, https:\/\/vimagazine.com.br\/wp-content\/uploads\/2025\/06\/Credito-Latina-filmesPai-e-filho-nos-carros-300x200.jpeg 300w, https:\/\/vimagazine.com.br\/wp-content\/uploads\/2025\/06\/Credito-Latina-filmesPai-e-filho-nos-carros-1024x682.jpeg 1024w, https:\/\/vimagazine.com.br\/wp-content\/uploads\/2025\/06\/Credito-Latina-filmesPai-e-filho-nos-carros-768x512.jpeg 768w\" sizes=\"(max-width: 1280px) 100vw, 1280px\" \/><\/figure>\n<figcaption class=\"blocks-gallery-caption\">Pai e filho nos carros &#8211; (Fotos: Latina filmes)<\/figcaption><\/figure>\n\n\n\n<p><\/p>\n\n\n\n<figure class=\"wp-block-image aligncenter size-large is-resized\"><img src=\"https:\/\/vimagazine.com.br\/wp-content\/uploads\/2025\/06\/Juninho-e-o-pai-Marcio-kabeca-Credito-Felipe-Mendes--819x1024.jpeg\" alt=\"\" class=\"wp-image-18907\" width=\"410\" height=\"512\" srcset=\"https:\/\/vimagazine.com.br\/wp-content\/uploads\/2025\/06\/Juninho-e-o-pai-Marcio-kabeca-Credito-Felipe-Mendes--819x1024.jpeg 819w, https:\/\/vimagazine.com.br\/wp-content\/uploads\/2025\/06\/Juninho-e-o-pai-Marcio-kabeca-Credito-Felipe-Mendes--240x300.jpeg 240w, https:\/\/vimagazine.com.br\/wp-content\/uploads\/2025\/06\/Juninho-e-o-pai-Marcio-kabeca-Credito-Felipe-Mendes--768x960.jpeg 768w, https:\/\/vimagazine.com.br\/wp-content\/uploads\/2025\/06\/Juninho-e-o-pai-Marcio-kabeca-Credito-Felipe-Mendes--1229x1536.jpeg 1229w, https:\/\/vimagazine.com.br\/wp-content\/uploads\/2025\/06\/Juninho-e-o-pai-Marcio-kabeca-Credito-Felipe-Mendes--1024x1280.jpeg 1024w, https:\/\/vimagazine.com.br\/wp-content\/uploads\/2025\/06\/Juninho-e-o-pai-Marcio-kabeca-Credito-Felipe-Mendes-.jpeg 1536w\" sizes=\"(max-width: 410px) 100vw, 410px\" \/><figcaption>Juninho e o pai M\u00e1rcio kabe\u00e7a &#8211; (Foto: Felipe Mendes)<\/figcaption><\/figure>\n\n\n\n<p>Imagem Destaque: Juninho &#8211; (Foto: Thiago Mendes)<\/p>\n","protected":false},"excerpt":{"rendered":"<p>Marcio Vieira J\u00fanior, conhecido nas pistas como Juninho, est\u00e1 prestes a marcar seu nome na&#8230;<\/p>\n","protected":false},"author":1,"featured_media":18910,"comment_status":"closed","ping_status":"open","sticky":false,"template":"","format":"standard","meta":{"om_disable_all_campaigns":false,"_monsterinsights_skip_tracking":false,"_monsterinsights_sitenote_active":false,"_monsterinsights_sitenote_note":"","_monsterinsights_sitenote_category":0,"spay_email":""},"categories":[1],"tags":[],"jetpack_featured_media_url":"https:\/\/vimagazine.com.br\/wp-content\/uploads\/2025\/06\/Juninho-Credito-Thiago-Santana20220911153823_IMG_2293.jpg","_links":{"self":[{"href":"https:\/\/vimagazine.com.br\/index.php?rest_route=\/wp\/v2\/posts\/18904"}],"collection":[{"href":"https:\/\/vimagazine.com.br\/index.php?rest_route=\/wp\/v2\/posts"}],"about":[{"href":"https:\/\/vimagazine.com.br\/index.php?rest_route=\/wp\/v2\/types\/post"}],"author":[{"embeddable":true,"href":"https:\/\/vimagazine.com.br\/index.php?rest_route=\/wp\/v2\/users\/1"}],"replies":[{"embeddable":true,"href":"https:\/\/vimagazine.com.br\/index.php?rest_route=%2Fwp%2Fv2%2Fcomments&post=18904"}],"version-history":[{"count":1,"href":"https:\/\/vimagazine.com.br\/index.php?rest_route=\/wp\/v2\/posts\/18904\/revisions"}],"predecessor-version":[{"id":18911,"href":"https:\/\/vimagazine.com.br\/index.php?rest_route=\/wp\/v2\/posts\/18904\/revisions\/18911"}],"wp:featuredmedia":[{"embeddable":true,"href":"https:\/\/vimagazine.com.br\/index.php?rest_route=\/wp\/v2\/media\/18910"}],"wp:attachment":[{"href":"https:\/\/vimagazine.com.br\/index.php?rest_route=%2Fwp%2Fv2%2Fmedia&parent=18904"}],"wp:term":[{"taxonomy":"category","embeddable":true,"href":"https:\/\/vimagazine.com.br\/index.php?rest_route=%2Fwp%2Fv2%2Fcategories&post=18904"},{"taxonomy":"post_tag","embeddable":true,"href":"https:\/\/vimagazine.com.br\/index.php?rest_route=%2Fwp%2Fv2%2Ftags&post=18904"}],"curies":[{"name":"wp","href":"https:\/\/api.w.org\/{rel}","templated":true}]}}