{"id":18913,"date":"2025-06-05T11:57:10","date_gmt":"2025-06-05T14:57:10","guid":{"rendered":"https:\/\/vimagazine.com.br\/?p=18913"},"modified":"2025-06-05T11:57:12","modified_gmt":"2025-06-05T14:57:12","slug":"plaenge-anuncia-novo-coordenador-de-marketing-em-santa-catarina","status":"publish","type":"post","link":"https:\/\/vimagazine.com.br\/?p=18913","title":{"rendered":"Plaenge anuncia novo coordenador de marketing em Santa Catarina"},"content":{"rendered":"\n<p>Maior construtora do Sul do pa\u00eds, com opera\u00e7\u00e3o em seis estados brasileiros e no Chile, o Grupo Plaenge anuncia seu novo coordenador de marketing para Santa Catarina. <\/p>\n\n\n\n<p>Angelo Bracht assume a posi\u00e7\u00e3o, com o desafio de liderar os lan\u00e7amentos e as a\u00e7\u00f5es de marketing das duas marcas do grupo \u2013 Plaenge e Vanguard \u2013 em sua regi\u00e3o de atua\u00e7\u00e3o. <\/p>\n\n\n\n<p>O profissional entra no time comandado pelo superintendente regional Maur\u00edcio Dallagrana, uma equipe de 57 funcion\u00e1rios que trabalham na Central de Vendas e Decorados instalada no bairro Atiradores, em Joinville.<\/p>\n\n\n\n<p>Angelo Bracht tem mais de 20 anos de carreira nas \u00e1reas de branding, comunica\u00e7\u00e3o e design. <\/p>\n\n\n\n<p>\u00c0 frente do Est\u00fadio Bora, em Joinville, desenvolveu projetos para marcas nacionais e internacionais. J\u00e1 atendeu a clientes como WEG, Docol, Sistema Ailos, Tigre e Catarinense Pharma. <\/p>\n\n\n\n<p>\u201cEstar do outro lado da mesa, agora como cliente, \u00e9 a oportunidade de aplicar todo meu conhecimento para fortalecer as marcas do grupo. Estou muito animado com esse novo momento e com tudo que vamos construir juntos\u201d, afirma o novo coordenador.<\/p>\n\n\n\n<p>No final do ano passado, a construtora fez a entrega de seu primeiro projeto com a marca Plaenge, de alto padr\u00e3o em Joinville: o residencial Vitra, situado em \u00e1rea nobre, pr\u00f3xima ao centro da cidade.<\/p>\n\n\n\n<p> Para 2025 e 2026, o grupo planeja investir R$ 360 milh\u00f5es no estado, considerando o Valor Geral de Vendas (VGV) estimado no bi\u00eanio. <\/p>\n\n\n\n<p>Um novo empreendimento, o W135, este da marca Vanguard, no bairro Atiradores, est\u00e1 pr\u00f3ximo da conclus\u00e3o e tem entrega programada para setembro.<\/p>\n\n\n\n<p><strong>Sobre o Grupo Plaenge<\/strong><\/p>\n\n\n\n<p>Com 55 anos de hist\u00f3ria, os alicerces da empresa sustentam valores que se mant\u00eam vivos desde sua funda\u00e7\u00e3o. <\/p>\n\n\n\n<p>\u00c9 refer\u00eancia no setor imobili\u00e1rio de alto padr\u00e3o em seis estados brasileiros e no Chile. <\/p>\n\n\n\n<p>Ao longo destes anos, somam 6 milh\u00f5es de metros quadrados constru\u00eddos e o marco de 488 empreendimentos residenciais entregues, conquistando a credibilidade de mais de 100 mil clientes. Saiba mais em: www.plaenge.com.br<\/p>\n\n\n\n<p>Assessoria de imprensa Plaenge em Santa Catarina.<\/p>\n\n\n\n<p> Jornalista respons\u00e1vel: <\/p>\n\n\n\n<p>Guilherme Diefenthaeler<\/p>\n\n\n\n<p> (reg. prof. 6207\/RS). WhatsApp. <\/p>\n\n\n\n<p>(47) 98403-2745.<\/p>\n","protected":false},"excerpt":{"rendered":"<p>Maior construtora do Sul do pa\u00eds, com opera\u00e7\u00e3o em seis estados brasileiros e no Chile,&#8230;<\/p>\n","protected":false},"author":3,"featured_media":18914,"comment_status":"closed","ping_status":"open","sticky":false,"template":"","format":"standard","meta":{"om_disable_all_campaigns":false,"_monsterinsights_skip_tracking":false,"_monsterinsights_sitenote_active":false,"_monsterinsights_sitenote_note":"","_monsterinsights_sitenote_category":0,"spay_email":""},"categories":[1],"tags":[],"jetpack_featured_media_url":"https:\/\/vimagazine.com.br\/wp-content\/uploads\/2025\/06\/57cc4985-18ef-4d28-b109-d10fdac2c078.jpg","_links":{"self":[{"href":"https:\/\/vimagazine.com.br\/index.php?rest_route=\/wp\/v2\/posts\/18913"}],"collection":[{"href":"https:\/\/vimagazine.com.br\/index.php?rest_route=\/wp\/v2\/posts"}],"about":[{"href":"https:\/\/vimagazine.com.br\/index.php?rest_route=\/wp\/v2\/types\/post"}],"author":[{"embeddable":true,"href":"https:\/\/vimagazine.com.br\/index.php?rest_route=\/wp\/v2\/users\/3"}],"replies":[{"embeddable":true,"href":"https:\/\/vimagazine.com.br\/index.php?rest_route=%2Fwp%2Fv2%2Fcomments&post=18913"}],"version-history":[{"count":1,"href":"https:\/\/vimagazine.com.br\/index.php?rest_route=\/wp\/v2\/posts\/18913\/revisions"}],"predecessor-version":[{"id":18915,"href":"https:\/\/vimagazine.com.br\/index.php?rest_route=\/wp\/v2\/posts\/18913\/revisions\/18915"}],"wp:featuredmedia":[{"embeddable":true,"href":"https:\/\/vimagazine.com.br\/index.php?rest_route=\/wp\/v2\/media\/18914"}],"wp:attachment":[{"href":"https:\/\/vimagazine.com.br\/index.php?rest_route=%2Fwp%2Fv2%2Fmedia&parent=18913"}],"wp:term":[{"taxonomy":"category","embeddable":true,"href":"https:\/\/vimagazine.com.br\/index.php?rest_route=%2Fwp%2Fv2%2Fcategories&post=18913"},{"taxonomy":"post_tag","embeddable":true,"href":"https:\/\/vimagazine.com.br\/index.php?rest_route=%2Fwp%2Fv2%2Ftags&post=18913"}],"curies":[{"name":"wp","href":"https:\/\/api.w.org\/{rel}","templated":true}]}}