{"id":18925,"date":"2025-06-05T13:15:07","date_gmt":"2025-06-05T16:15:07","guid":{"rendered":"https:\/\/vimagazine.com.br\/?p=18925"},"modified":"2025-06-05T13:15:09","modified_gmt":"2025-06-05T16:15:09","slug":"sebrae-traz-programacao-gratuita-e-estrategica-para-empreendedores-na-expogestao-2025-em-joinville","status":"publish","type":"post","link":"https:\/\/vimagazine.com.br\/?p=18925","title":{"rendered":"Sebrae traz programa\u00e7\u00e3o gratuita e estrat\u00e9gica para empreendedores na ExpoGest\u00e3o 2025 em Joinville"},"content":{"rendered":"\n<figure class=\"wp-block-image size-large\"><img width=\"1024\" height=\"682\" src=\"https:\/\/vimagazine.com.br\/wp-content\/uploads\/2025\/06\/sebrae-expogestao-1024x682.jpg\" alt=\"\" class=\"wp-image-18926\" srcset=\"https:\/\/vimagazine.com.br\/wp-content\/uploads\/2025\/06\/sebrae-expogestao-1024x682.jpg 1024w, https:\/\/vimagazine.com.br\/wp-content\/uploads\/2025\/06\/sebrae-expogestao-300x200.jpg 300w, https:\/\/vimagazine.com.br\/wp-content\/uploads\/2025\/06\/sebrae-expogestao-768x512.jpg 768w, https:\/\/vimagazine.com.br\/wp-content\/uploads\/2025\/06\/sebrae-expogestao-1536x1023.jpg 1536w, https:\/\/vimagazine.com.br\/wp-content\/uploads\/2025\/06\/sebrae-expogestao.jpg 1600w\" sizes=\"(max-width: 1024px) 100vw, 1024px\" \/><\/figure>\n\n\n\n<p><em>Evento acontece entre os dias 10 a 12 de junho<\/em><\/p>\n\n\n\n<p>De 10 a 12 de junho de 2025, Joinville recebe mais uma edi\u00e7\u00e3o da ExpoGest\u00e3o, um dos maiores eventos de neg\u00f3cios do Sul do Brasil, e o Sebrae\/SC, mais um ano parceiro do evento, prepara uma programa\u00e7\u00e3o robusta para empreendedores de micro e pequenas empresas. A Sala Sebrae ser\u00e1 palco de conte\u00fados voltados \u00e0 inova\u00e7\u00e3o, lideran\u00e7a e gest\u00e3o empresarial, enquanto o Espa\u00e7o Sebrae Startups trar\u00e1 visibilidade a 16 Startups na feira de neg\u00f3cios.<\/p>\n\n\n\n<p>Sala Sebrae: tr\u00eas dias de conte\u00fado e conex\u00e3o<\/p>\n\n\n\n<p>A programa\u00e7\u00e3o da Sala Sebrae ser\u00e1 dividida em tr\u00eas eixos tem\u00e1ticos, com atividades gratuitas e abertas ao p\u00fablico (exceto o \u00faltimo dia, que exige inscri\u00e7\u00e3o pr\u00e9via). O objetivo \u00e9 reunir empres\u00e1rios, investidores, gestores p\u00fablicos e profissionais interessados em crescer e se atualizar. As inscri\u00e7\u00f5es nas palestras tamb\u00e9m d\u00e3o acesso \u00e0 feira de neg\u00f3cios do evento.<\/p>\n\n\n\n<p><strong>10\/06 \u2013 Inova\u00e7\u00e3o e startups em destaque<\/strong><\/p>\n\n\n\n<p>Com o tema \u201cAl\u00e9m do \u00d3bvio: O Futuro que J\u00e1 Come\u00e7ou\u201d, o primeiro dia da programa\u00e7\u00e3o trar\u00e1 uma tarde intensa de trocas e conex\u00f5es pr\u00e1ticas, com foco em inova\u00e7\u00e3o, marketing, vendas e lideran\u00e7a. Destaque para o talk com Cris Witti, da Hotmart, sobre gest\u00e3o de times de alta performance, e a presen\u00e7a de Daniel Leipnitz (ACATE) e Marcus Rocha, autor do livro Territ\u00f3rios da Inova\u00e7\u00e3o, em um painel sobre o futuro dos ecossistemas de inova\u00e7\u00e3o. O dia encerra com o lan\u00e7amento oficial da ExpoInova\u00e7\u00e3o 2025 e a palestra A Moeda Invis\u00edvel: Por que l\u00edderes que inspiram confian\u00e7a sobrevivem \u00e0 crise \u2014 e crescem com ela &#8211; Charlote Odebrecht, S\u00f3cia do Grupo Valorem.<\/p>\n\n\n\n<p>Inscri\u00e7\u00f5es abertas em:<\/p>\n\n\n\n<p><a href=\"https:\/\/www.sympla.com.br\/evento\/conexao-expoinovacao-alem-do-obvio-o-futuro-que-ja-comecou\/2957782\">https:\/\/www.sympla.com.br\/evento\/conexao-expoinovacao-alem-do-obvio-o-futuro-que-ja-comecou\/2957782<\/a><\/p>\n\n\n\n<p><strong>11\/06 \u2013 Sa\u00fade e bem-estar em pauta<\/strong><\/p>\n\n\n\n<p>Na manh\u00e3 do segundo dia, o evento Joinville Sa\u00fade Neg\u00f3cios e Conex\u00f5es reunir\u00e1 l\u00edderes do setor para discutir o papel da sa\u00fade como motor de desenvolvimento. Participam o prefeito Adriano Silva, representantes do PHS Group, e diretores de hospitais locais.<\/p>\n\n\n\n<p>&nbsp;Inscreva-se para a manh\u00e3 de sa\u00fade aqui<\/p>\n\n\n\n<p><a href=\"https:\/\/www.pensanoevento.com.br\/eventos\/80366\/palestras-expogestao\">https:\/\/www.pensanoevento.com.br\/eventos\/80366\/palestras-expogestao<\/a><\/p>\n\n\n\n<p>\u00c0 tarde, uma s\u00e9rie de palestras abordar\u00e1 temas como planejamento estrat\u00e9gico, intelig\u00eancia emocional e e-commerce. Est\u00e3o confirmados nomes como Jefferson Tararan, Sandro Ferrari, Nicholas Dihlmann, Ester Zen e Giliard Constancio, com dicas pr\u00e1ticas para empreendedores e profissionais de diversas \u00e1reas.<\/p>\n\n\n\n<p>&nbsp;Inscreva-se para a programa\u00e7\u00e3o da tarde aqui<\/p>\n\n\n\n<p><a href=\"https:\/\/www.pensanoevento.com.br\/eventos\/80366\/palestras-expogestao\">https:\/\/www.pensanoevento.com.br\/eventos\/80366\/palestras-expogestao<\/a><\/p>\n\n\n\n<p><strong>12\/06 \u2013 Conex\u00f5es de neg\u00f3cios<\/strong><\/p>\n\n\n\n<p>O terceiro e \u00faltimo dia ser\u00e1 dedicado a duas Sess\u00f5es de Neg\u00f3cios, promovidas em parceria com o Sicredi. As rodadas de conex\u00e3o acontecer\u00e3o pela manh\u00e3 e \u00e0 tarde, com credenciamento a partir das 7h30 e das 13h30, respectivamente. A participa\u00e7\u00e3o exige inscri\u00e7\u00e3o antecipada.<\/p>\n\n\n\n<p><a href=\"https:\/\/www.pensanoevento.com.br\/eventos\/80816\/sessao-de-negocios-expogestao-sebrae-e-sicredi\">https:\/\/www.pensanoevento.com.br\/eventos\/80816\/sessao-de-negocios-expogestao-sebrae-e-sicredi<\/a><\/p>\n\n\n\n<p>Espa\u00e7o Sebrae Startups: inova\u00e7\u00e3o em destaque na feira de neg\u00f3cios<\/p>\n\n\n\n<p>Durante os tr\u00eas dias de evento, o Espa\u00e7o Sebrae Startups funcionar\u00e1 como uma vitrine de inova\u00e7\u00e3o dentro da feira de exposi\u00e7\u00f5es da ExpoGest\u00e3o. Dezesseis startups, participantes do programa Startup SC, foram selecionadas para apresentar suas solu\u00e7\u00f5es e dialogar com investidores, parceiros estrat\u00e9gicos e visitantes. A proposta \u00e9 fortalecer o ecossistema de inova\u00e7\u00e3o e dar visibilidade a neg\u00f3cios emergentes com potencial de transforma\u00e7\u00e3o.<\/p>\n","protected":false},"excerpt":{"rendered":"<p>Evento acontece entre os dias 10 a 12 de junho De 10 a 12 de&#8230;<\/p>\n","protected":false},"author":20,"featured_media":0,"comment_status":"closed","ping_status":"open","sticky":false,"template":"","format":"standard","meta":{"om_disable_all_campaigns":false,"_monsterinsights_skip_tracking":false,"_monsterinsights_sitenote_active":false,"_monsterinsights_sitenote_note":"","_monsterinsights_sitenote_category":0,"spay_email":""},"categories":[1],"tags":[],"jetpack_featured_media_url":"","_links":{"self":[{"href":"https:\/\/vimagazine.com.br\/index.php?rest_route=\/wp\/v2\/posts\/18925"}],"collection":[{"href":"https:\/\/vimagazine.com.br\/index.php?rest_route=\/wp\/v2\/posts"}],"about":[{"href":"https:\/\/vimagazine.com.br\/index.php?rest_route=\/wp\/v2\/types\/post"}],"author":[{"embeddable":true,"href":"https:\/\/vimagazine.com.br\/index.php?rest_route=\/wp\/v2\/users\/20"}],"replies":[{"embeddable":true,"href":"https:\/\/vimagazine.com.br\/index.php?rest_route=%2Fwp%2Fv2%2Fcomments&post=18925"}],"version-history":[{"count":1,"href":"https:\/\/vimagazine.com.br\/index.php?rest_route=\/wp\/v2\/posts\/18925\/revisions"}],"predecessor-version":[{"id":18927,"href":"https:\/\/vimagazine.com.br\/index.php?rest_route=\/wp\/v2\/posts\/18925\/revisions\/18927"}],"wp:attachment":[{"href":"https:\/\/vimagazine.com.br\/index.php?rest_route=%2Fwp%2Fv2%2Fmedia&parent=18925"}],"wp:term":[{"taxonomy":"category","embeddable":true,"href":"https:\/\/vimagazine.com.br\/index.php?rest_route=%2Fwp%2Fv2%2Fcategories&post=18925"},{"taxonomy":"post_tag","embeddable":true,"href":"https:\/\/vimagazine.com.br\/index.php?rest_route=%2Fwp%2Fv2%2Ftags&post=18925"}],"curies":[{"name":"wp","href":"https:\/\/api.w.org\/{rel}","templated":true}]}}