{"id":18929,"date":"2025-06-05T17:25:20","date_gmt":"2025-06-05T20:25:20","guid":{"rendered":"https:\/\/vimagazine.com.br\/?p=18929"},"modified":"2025-06-05T17:26:38","modified_gmt":"2025-06-05T20:26:38","slug":"centro-vai-receber-a-maior-festa-junina-da-historia-de-joinville","status":"publish","type":"post","link":"https:\/\/vimagazine.com.br\/?p=18929","title":{"rendered":"Centro vai receber a maior festa junina da hist\u00f3ria de Joinville"},"content":{"rendered":"\n<figure class=\"wp-block-image size-large is-resized\"><img src=\"https:\/\/vimagazine.com.br\/wp-content\/uploads\/2025\/06\/festa-junina-05-1024x681.jpg\" alt=\"\" class=\"wp-image-18930\" width=\"840\" height=\"558\" srcset=\"https:\/\/vimagazine.com.br\/wp-content\/uploads\/2025\/06\/festa-junina-05-1024x681.jpg 1024w, https:\/\/vimagazine.com.br\/wp-content\/uploads\/2025\/06\/festa-junina-05-300x200.jpg 300w, https:\/\/vimagazine.com.br\/wp-content\/uploads\/2025\/06\/festa-junina-05-768x511.jpg 768w, https:\/\/vimagazine.com.br\/wp-content\/uploads\/2025\/06\/festa-junina-05-1536x1021.jpg 1536w, https:\/\/vimagazine.com.br\/wp-content\/uploads\/2025\/06\/festa-junina-05.jpg 1600w\" sizes=\"(max-width: 840px) 100vw, 840px\" \/><\/figure>\n\n\n\n<p><\/p>\n\n\n\n<p>Evento ter\u00e1 sete dias de festa com entrada gratuita.<\/p>\n\n\n\n<p>A temporada de festas juninas est\u00e1 oficialmente aberta e neste ano Joinville promete fazer hist\u00f3ria. Nos dias: 14, 15, 18, 19, 20, 21 e 22 de junho, o Centro da cidade vai se transformar em um grande arraial urbano para receber a maior festa junina j\u00e1 realizada no munic\u00edpio.<\/p>\n\n\n\n<p>Com apoio da Lei de Incentivo a Cultura (Simdec) e produzido pela TS Eventos, o evento ter\u00e1 como palco principal a Pra\u00e7a da Bandeira e a Pra\u00e7a D\u00e1rio Salles, no centro da cidade. A expectativa \u00e9 reunir mais de 70 mil pessoas ao longo dos sete dias de programa\u00e7\u00e3o.<\/p>\n\n\n\n<p>Com entrada gratuita, a festa vai oferecer uma verdadeira imers\u00e3o na cultura junina. O p\u00fablico poder\u00e1 curtir shows de bandas locais, concurso de quadrilhas, dan\u00e7as t\u00edpicas, brincadeiras tradicionais como pescaria e tiro ao alvo, e at\u00e9 um touro mec\u00e2nico! Tudo isso cercado por uma cenografia especial que vai resgatar o esp\u00edrito das festas do interior com um toque joinvilense de estilo.<\/p>\n\n\n\n<p>Al\u00e9m das atra\u00e7\u00f5es culturais e recreativas, a festa promete ser um prato cheio para os amantes da boa comida: barracas gastron\u00f4micas v\u00e3o servir del\u00edcias t\u00edpicas como pamonha, canjica, milho cozido, quent\u00e3o, pinh\u00e3o, bolo de fub\u00e1 e muito mais.<\/p>\n\n\n\n<p>De acordo com os organizadores, a proposta \u00e9 transformar o centro da cidade em um espa\u00e7o de celebra\u00e7\u00e3o coletiva, aquecendo o com\u00e9rcio local e fortalecendo o calend\u00e1rio de eventos p\u00fablicos da cidade. O evento conta com o apoio da Unisociesc.<\/p>\n\n\n\n<p><\/p>\n\n\n\n<p>Anote na agenda:<\/p>\n\n\n\n<p>O que: 3 \u00aa edi\u00e7\u00e3o da Festa Junina de Joinville<\/p>\n\n\n\n<p>Pra\u00e7a da Bandeira e Pra\u00e7a Dario Salles, Centro de Joinville<\/p>\n\n\n\n<p><\/p>\n\n\n\n<p>Dias:<\/p>\n\n\n\n<p>14.6 (s\u00e1bado) das 10h \u00e0s 22h<\/p>\n\n\n\n<p>15.6 (domingo) das 10h \u00e0s 20h<\/p>\n\n\n\n<p>18.6&nbsp; (quarta-feira) das 17 \u00e0s 23h<\/p>\n\n\n\n<p>19.6 (quinta-feira)&nbsp; das 10 \u00e0s 23h<\/p>\n\n\n\n<p>20.6 (sexta-feira) das 18h \u00e0s 23h<\/p>\n\n\n\n<p>21.6 (s\u00e1bado) das 10h \u00e0s 23h<\/p>\n\n\n\n<p>22.6 (domingo) das 10h \u00e0s 20h<\/p>\n\n\n\n<p>Entrada Gratuita<\/p>\n","protected":false},"excerpt":{"rendered":"<p>Evento ter\u00e1 sete dias de festa com entrada gratuita. A temporada de festas juninas est\u00e1&#8230;<\/p>\n","protected":false},"author":20,"featured_media":0,"comment_status":"closed","ping_status":"open","sticky":false,"template":"","format":"standard","meta":{"om_disable_all_campaigns":false,"_monsterinsights_skip_tracking":false,"_monsterinsights_sitenote_active":false,"_monsterinsights_sitenote_note":"","_monsterinsights_sitenote_category":0,"spay_email":""},"categories":[1],"tags":[],"jetpack_featured_media_url":"","_links":{"self":[{"href":"https:\/\/vimagazine.com.br\/index.php?rest_route=\/wp\/v2\/posts\/18929"}],"collection":[{"href":"https:\/\/vimagazine.com.br\/index.php?rest_route=\/wp\/v2\/posts"}],"about":[{"href":"https:\/\/vimagazine.com.br\/index.php?rest_route=\/wp\/v2\/types\/post"}],"author":[{"embeddable":true,"href":"https:\/\/vimagazine.com.br\/index.php?rest_route=\/wp\/v2\/users\/20"}],"replies":[{"embeddable":true,"href":"https:\/\/vimagazine.com.br\/index.php?rest_route=%2Fwp%2Fv2%2Fcomments&post=18929"}],"version-history":[{"count":2,"href":"https:\/\/vimagazine.com.br\/index.php?rest_route=\/wp\/v2\/posts\/18929\/revisions"}],"predecessor-version":[{"id":18932,"href":"https:\/\/vimagazine.com.br\/index.php?rest_route=\/wp\/v2\/posts\/18929\/revisions\/18932"}],"wp:attachment":[{"href":"https:\/\/vimagazine.com.br\/index.php?rest_route=%2Fwp%2Fv2%2Fmedia&parent=18929"}],"wp:term":[{"taxonomy":"category","embeddable":true,"href":"https:\/\/vimagazine.com.br\/index.php?rest_route=%2Fwp%2Fv2%2Fcategories&post=18929"},{"taxonomy":"post_tag","embeddable":true,"href":"https:\/\/vimagazine.com.br\/index.php?rest_route=%2Fwp%2Fv2%2Ftags&post=18929"}],"curies":[{"name":"wp","href":"https:\/\/api.w.org\/{rel}","templated":true}]}}