{"id":18943,"date":"2025-06-09T09:56:54","date_gmt":"2025-06-09T12:56:54","guid":{"rendered":"https:\/\/vimagazine.com.br\/?p=18943"},"modified":"2025-06-09T09:59:01","modified_gmt":"2025-06-09T12:59:01","slug":"expogestao-2025-recebe-palestra-sobre-comunicacao-lideranca-e-oratoria-com-marcos-pereira","status":"publish","type":"post","link":"https:\/\/vimagazine.com.br\/?p=18943","title":{"rendered":"EXPOGEST\u00c3O 2025 RECEBE PALESTRA SOBRE COMUNICA\u00c7\u00c3O, LIDERAN\u00c7A E ORAT\u00d3RIA COM MARCOS PEREIRA"},"content":{"rendered":"\n<p><\/p>\n\n\n\n<p><\/p>\n\n\n\n<p>Joinville \u2014 A ExpoGest\u00e3o 2025, um dos mais importantes eventos de gest\u00e3o, lideran\u00e7a e inova\u00e7\u00e3o do Brasil, contar\u00e1 com uma palestra imperd\u00edvel que promete transformar a maneira como l\u00edderes e profissionais se comunicam no ambiente corporativo e nas redes sociais. No dia 12 de junho, \u00e0s 15h50, no Audit\u00f3rio D, o especialista em comunica\u00e7\u00e3o e editor-chefe da Jovem Pan, Marcos Pereira, conduzir\u00e1 a palestra \u201cO Poder da Voz para Comunicar, Engajar e Liderar\u201d. O encontro abordar\u00e1 de forma pr\u00e1tica e provocativa os pilares da comunica\u00e7\u00e3o assertiva e o impacto direto da orat\u00f3ria na lideran\u00e7a.<br>A palestra parte de uma reflex\u00e3o fundamental: o que separa um l\u00edder que inspira de um gestor que apenas informa? Como est\u00e1 a sua postura, seu olhar, suas pausas, seu tom de voz? A comunica\u00e7\u00e3o vai muito al\u00e9m do conte\u00fado: ela envolve presen\u00e7a, clareza e dom\u00ednio t\u00e9cnico.<br>Marcos Pereira provocar\u00e1 o p\u00fablico a refletir sobre quest\u00f5es essenciais: sua orat\u00f3ria engaja ou enfraquece sua mensagem quando voc\u00ea precisa se posicionar em p\u00fablico ou no digital? \u201cComunicar com clareza \u00e9 uma ferramenta de autoridade, e n\u00e3o \u00e9 s\u00f3 o que voc\u00ea fala \u2014 o corpo tamb\u00e9m comunica\u201d, destaca o palestrante.<\/p>\n\n\n\n<p><\/p>\n\n\n\n<p class=\"has-medium-font-size\"><strong>Temas abordados na palestra:<\/strong><\/p>\n\n\n\n<p>O papel da escuta ativa na comunica\u00e7\u00e3o estrat\u00e9gica.<\/p>\n\n\n\n<p>A for\u00e7a das pausas e a import\u00e2ncia do sil\u00eancio.<\/p>\n\n\n\n<p>Como usar a comunica\u00e7\u00e3o n\u00e3o verbal a favor da lideran\u00e7a.<\/p>\n\n\n\n<p>Orat\u00f3ria pr\u00e1tica: t\u00e9cnicas para se posicionar com seguran\u00e7a.<\/p>\n\n\n\n<p>Como superar o medo de falar em p\u00fablico e no ambiente digital.<\/p>\n\n\n\n<p>\u201cO objetivo \u00e9 despertar no p\u00fablico uma reflex\u00e3o sobre as consequ\u00eancias de quem n\u00e3o se preocupa com sua comunica\u00e7\u00e3o. Quem n\u00e3o lidera a si mesmo n\u00e3o conseguir\u00e1 liderar em casa, na faculdade ou na empresa. Comunicar bem \u2014 n\u00e3o apenas para liderar \u2014 \u00e9 uma das habilidades mais requisitadas na atualidade\u201d, afirma Marcos Pereira.<br><\/p>\n\n\n\n<p>Marcos Pereira \u00e9 especialista em comunica\u00e7\u00e3o com mais de 20 anos de experi\u00eancia. Sua trajet\u00f3ria inclui passagens como rep\u00f3rter e apresentador nas principais emissoras de r\u00e1dio e TV de Santa Catarina, al\u00e9m de ter atuado como professor de orat\u00f3ria na Conquer \u2014 Escola de Neg\u00f3cios da Nova Economia.<br>Graduado em Comunica\u00e7\u00e3o Social com habilita\u00e7\u00e3o em Jornalismo e p\u00f3s-graduado em M\u00eddias Digitais pela Conquer, Marcos tamb\u00e9m \u00e9 mentor de executivos e empres\u00e1rios pela Mentoring Academy, mestre de cerim\u00f4nias, assessor de imprensa, \u00e2ncora e editor-chefe na Jovem Pan. Al\u00e9m disso, \u00e9 s\u00f3cio-diretor da MAP Eventos e Instru\u00e7\u00e3o.<br>Em 2024, foi reconhecido nacionalmente com o t\u00edtulo de Personalidade Executiva de Honra e Excel\u00eancia, concedido pela Elite Academy, em cerim\u00f4nia realizada em S\u00e3o Paulo, pelo seu trabalho inspirador como comunicador, mentor e palestrante.<\/p>\n\n\n\n<p><br><strong>Palestra: <\/strong>O Poder da Voz para Comunicar, Engajar e Liderar<\/p>\n\n\n\n<p><strong>Palestrante:<\/strong> Marcos Pereira<\/p>\n\n\n\n<p><strong>Data:<\/strong> 12 de junho de 2025<\/p>\n\n\n\n<p><strong>Hor\u00e1rio:<\/strong> 15h50<\/p>\n\n\n\n<p><strong>Local:<\/strong> Audit\u00f3rio D \u2013 ExpoGest\u00e3o 2025<\/p>\n\n\n\n<p><strong>Cidade: <\/strong>Joinville (SC)<\/p>\n\n\n\n<p>Reconhecida como uma das maiores plataformas de atualiza\u00e7\u00e3o, networking e conhecimento para l\u00edderes, executivos e empreendedores, a ExpoGest\u00e3o chega \u00e0 sua edi\u00e7\u00e3o de 2025 com uma programa\u00e7\u00e3o intensa e conte\u00fados que conectam tend\u00eancias, inova\u00e7\u00e3o e desenvolvimento humano.<\/p>\n\n\n\n<p><\/p>\n\n\n\n<p><strong>Foto destaque:<\/strong> Junior Garcia <\/p>\n","protected":false},"excerpt":{"rendered":"<p>Joinville \u2014 A ExpoGest\u00e3o 2025, um dos mais importantes eventos de gest\u00e3o, lideran\u00e7a e inova\u00e7\u00e3o&#8230;<\/p>\n","protected":false},"author":1,"featured_media":18944,"comment_status":"closed","ping_status":"open","sticky":false,"template":"","format":"standard","meta":{"om_disable_all_campaigns":false,"_monsterinsights_skip_tracking":false,"_monsterinsights_sitenote_active":false,"_monsterinsights_sitenote_note":"","_monsterinsights_sitenote_category":0,"spay_email":""},"categories":[27,75],"tags":[],"jetpack_featured_media_url":"https:\/\/vimagazine.com.br\/wp-content\/uploads\/2025\/06\/WhatsApp-Image-2025-06-09-at-09.27.28.jpeg","_links":{"self":[{"href":"https:\/\/vimagazine.com.br\/index.php?rest_route=\/wp\/v2\/posts\/18943"}],"collection":[{"href":"https:\/\/vimagazine.com.br\/index.php?rest_route=\/wp\/v2\/posts"}],"about":[{"href":"https:\/\/vimagazine.com.br\/index.php?rest_route=\/wp\/v2\/types\/post"}],"author":[{"embeddable":true,"href":"https:\/\/vimagazine.com.br\/index.php?rest_route=\/wp\/v2\/users\/1"}],"replies":[{"embeddable":true,"href":"https:\/\/vimagazine.com.br\/index.php?rest_route=%2Fwp%2Fv2%2Fcomments&post=18943"}],"version-history":[{"count":2,"href":"https:\/\/vimagazine.com.br\/index.php?rest_route=\/wp\/v2\/posts\/18943\/revisions"}],"predecessor-version":[{"id":18946,"href":"https:\/\/vimagazine.com.br\/index.php?rest_route=\/wp\/v2\/posts\/18943\/revisions\/18946"}],"wp:featuredmedia":[{"embeddable":true,"href":"https:\/\/vimagazine.com.br\/index.php?rest_route=\/wp\/v2\/media\/18944"}],"wp:attachment":[{"href":"https:\/\/vimagazine.com.br\/index.php?rest_route=%2Fwp%2Fv2%2Fmedia&parent=18943"}],"wp:term":[{"taxonomy":"category","embeddable":true,"href":"https:\/\/vimagazine.com.br\/index.php?rest_route=%2Fwp%2Fv2%2Fcategories&post=18943"},{"taxonomy":"post_tag","embeddable":true,"href":"https:\/\/vimagazine.com.br\/index.php?rest_route=%2Fwp%2Fv2%2Ftags&post=18943"}],"curies":[{"name":"wp","href":"https:\/\/api.w.org\/{rel}","templated":true}]}}