{"id":1898,"date":"2021-12-13T19:56:29","date_gmt":"2021-12-13T22:56:29","guid":{"rendered":"https:\/\/vimagazine.com.br\/?p=1898"},"modified":"2021-12-13T19:56:32","modified_gmt":"2021-12-13T22:56:32","slug":"esteticista-jaqueline-costha-alerta-sobre-desequlibrios-da-pele-com-o-uso-prolongado-de-mascaras","status":"publish","type":"post","link":"https:\/\/vimagazine.com.br\/?p=1898","title":{"rendered":"Esteticista Jaqueline Costha alerta sobre desequl\u00edbrios da pele com o uso prolongado de m\u00e1scaras"},"content":{"rendered":"\n<p class=\"has-text-align-center\">O uso prolongado de m\u00e1scaras est\u00e1 causando desequil\u00edbrios na pele.&nbsp;Estas disfun\u00e7\u00f5es&nbsp;&#8211; sim, estamos falando de mais uma delas &#8211; est\u00e3o levando diversos&nbsp;pacientes para&nbsp;tratamentos e&nbsp;na cl\u00ednica de est\u00e9tica de Jaqueline&nbsp;Costha&nbsp;&nbsp;tem sido uma das maiores procuras.&nbsp;<\/p>\n\n\n\n<p class=\"has-text-align-center\">As peles est\u00e3o com manchas&nbsp;hipercr\u00f4micas&nbsp;que surgem do atrito da m\u00e1scara constante,&nbsp;que&nbsp;acaba por&nbsp;provocar inflama\u00e7\u00f5es cut\u00e2neas com a produ\u00e7\u00e3o excessiva de melanina.&nbsp;<\/p>\n\n\n\n<p class=\"has-text-align-center\">A boa not\u00edcia \u00e9 que h\u00e1 preven\u00e7\u00e3o e tratamento: como forma preventiva e tamb\u00e9m de reparar o processo inflamat\u00f3rio causado pelo uso de m\u00e1scaras.&nbsp;<\/p>\n\n\n\n<p class=\"has-text-align-center\">Desde o in\u00edcio&nbsp;da pandemia estamos apontando esse novo&nbsp;exposome&nbsp;e seguimos notando o aumento de acne, dermatites e manchas.&nbsp;<\/p>\n\n\n\n<p class=\"has-text-align-center\">Conhe\u00e7a mais os desequil\u00edbrios causados pelo uso constante de m\u00e1scaras:&nbsp;<\/p>\n\n\n\n<p class=\"has-text-align-center\">Maskne&nbsp;&#8211; Les\u00f5es de acne que aparecem em \u00e1reas&nbsp;cobertas pela m\u00e1scara, devido ao atrito, suor, calor e altera\u00e7\u00f5es na microbiota.&nbsp;<\/p>\n\n\n\n<p class=\"has-text-align-center\">Maskitis:&nbsp;causa erup\u00e7\u00f5es na pele,&nbsp;vermelhid\u00e3o, secura&nbsp;e inflama\u00e7\u00e3o e, pode aparecer em qualquer parte do rosto.&nbsp;<\/p>\n\n\n\n<p class=\"has-text-align-center\">Maskcolor: o atrito constante da m\u00e1scara tamb\u00e9m&nbsp;gera&nbsp;rea\u00e7\u00f5es, chamada&nbsp;de hiperpigmenta\u00e7\u00e3o&nbsp;p\u00f3s -inflamat\u00f3ria.&nbsp;<\/p>\n\n\n\n<p class=\"has-text-align-center\">Se sua pele j\u00e1 desenvolveu uma destas disfun\u00e7\u00f5es,&nbsp;fique calma.&nbsp;<\/p>\n\n\n\n<p class=\"has-text-align-center\">Jaqueline&nbsp;Costha&nbsp;tem as orienta\u00e7\u00f5es e os melhores tratamentos para recuperar a sua pele.<\/p>\n\n\n\n<p class=\"has-text-align-center\">Servi\u00e7o : Est\u00e9tica Jaqueline Costha<\/p>\n\n\n\n<p class=\"has-text-align-center\">Rua Clodomiro Amazonas, 1422 &#8211;&nbsp;<br>conj&nbsp;53 \u2013 S\u00e3o Paulo, SP&nbsp;<\/p>\n\n\n\n<p class=\"has-text-align-center\">(11) 3846.9950&nbsp;<br>Whatsapp&nbsp;(11) 98561.0237&nbsp;<br>&nbsp;<\/p>\n\n\n\n<p class=\"has-text-align-center\"><strong><em>Maria Emilia Genovesi<\/em><\/strong><\/p>\n\n\n\n<p class=\"has-text-align-center\"><strong><em>Assessoria de Imprensa\/ Produtora Cultural<\/em><\/strong><\/p>\n\n\n\n<p class=\"has-text-align-center\"><strong><em>@mariaemiliagenovesi<\/em><\/strong><\/p>\n\n\n\n<p class=\"has-text-align-center\"><strong><em>@megenovesi<\/em><\/strong><\/p>\n\n\n\n<p class=\"has-text-align-center\"><strong><em>Meg Apoio Empresarial e Eventos Ltda&nbsp;<\/em><\/strong>&#8230;<\/p>\n","protected":false},"excerpt":{"rendered":"<p>O uso prolongado de m\u00e1scaras est\u00e1 causando desequil\u00edbrios na pele.&nbsp;Estas disfun\u00e7\u00f5es&nbsp;&#8211; sim, estamos falando de&#8230;<\/p>\n","protected":false},"author":3,"featured_media":1899,"comment_status":"closed","ping_status":"open","sticky":false,"template":"","format":"standard","meta":{"om_disable_all_campaigns":false,"_monsterinsights_skip_tracking":false,"_monsterinsights_sitenote_active":false,"_monsterinsights_sitenote_note":"","_monsterinsights_sitenote_category":0,"spay_email":""},"categories":[1],"tags":[],"jetpack_featured_media_url":"https:\/\/vimagazine.com.br\/wp-content\/uploads\/2021\/12\/99dd873e-6fd6-4ec3-b795-ce810bbe83f7-e1639436004690.jpg","_links":{"self":[{"href":"https:\/\/vimagazine.com.br\/index.php?rest_route=\/wp\/v2\/posts\/1898"}],"collection":[{"href":"https:\/\/vimagazine.com.br\/index.php?rest_route=\/wp\/v2\/posts"}],"about":[{"href":"https:\/\/vimagazine.com.br\/index.php?rest_route=\/wp\/v2\/types\/post"}],"author":[{"embeddable":true,"href":"https:\/\/vimagazine.com.br\/index.php?rest_route=\/wp\/v2\/users\/3"}],"replies":[{"embeddable":true,"href":"https:\/\/vimagazine.com.br\/index.php?rest_route=%2Fwp%2Fv2%2Fcomments&post=1898"}],"version-history":[{"count":1,"href":"https:\/\/vimagazine.com.br\/index.php?rest_route=\/wp\/v2\/posts\/1898\/revisions"}],"predecessor-version":[{"id":1900,"href":"https:\/\/vimagazine.com.br\/index.php?rest_route=\/wp\/v2\/posts\/1898\/revisions\/1900"}],"wp:featuredmedia":[{"embeddable":true,"href":"https:\/\/vimagazine.com.br\/index.php?rest_route=\/wp\/v2\/media\/1899"}],"wp:attachment":[{"href":"https:\/\/vimagazine.com.br\/index.php?rest_route=%2Fwp%2Fv2%2Fmedia&parent=1898"}],"wp:term":[{"taxonomy":"category","embeddable":true,"href":"https:\/\/vimagazine.com.br\/index.php?rest_route=%2Fwp%2Fv2%2Fcategories&post=1898"},{"taxonomy":"post_tag","embeddable":true,"href":"https:\/\/vimagazine.com.br\/index.php?rest_route=%2Fwp%2Fv2%2Ftags&post=1898"}],"curies":[{"name":"wp","href":"https:\/\/api.w.org\/{rel}","templated":true}]}}