{"id":18984,"date":"2025-06-10T13:54:13","date_gmt":"2025-06-10T16:54:13","guid":{"rendered":"https:\/\/vimagazine.com.br\/?p=18984"},"modified":"2025-06-10T13:54:13","modified_gmt":"2025-06-10T16:54:13","slug":"sensitiva-dos-famosos-erica-dias-preve-nova-pandemia-separacoes-casamentos-e-anuncia-retorno-do-gitana-megastral","status":"publish","type":"post","link":"https:\/\/vimagazine.com.br\/?p=18984","title":{"rendered":"Sensitiva dos Famosos, \u00c9rica Dias prev\u00ea nova pandemia, separa\u00e7\u00f5es, casamentos e anuncia retorno do Gitana Megastral"},"content":{"rendered":"\n<p><\/p>\n\n\n\n<p><\/p>\n\n\n\n<p><br>A sensitiva \u00c9rica Dias, conhecida no meio art\u00edstico como a \u201cSensitiva dos Famosos\u201d, voltou a movimentar o universo das celebridades com uma s\u00e9rie de previs\u00f5es impactantes. Entre revela\u00e7\u00f5es sobre a vida pessoal de influenciadores e artistas, ela tamb\u00e9m faz um alerta global sobre uma nova pandemia prevista para 2026, al\u00e9m de anunciar o retorno reformulado do programa <em>Gitana Megastral<\/em> e a estreia de sua carreira musical.<\/p>\n\n\n\n<p>Entre os nomes em destaque est\u00e1 o influenciador Lucas Souza, que, segundo \u00c9rica, ir\u00e1 se separar de Jaquelline Grohalski em breve. Contudo, a partir de 2027, ele encontrar\u00e1 estabilidade emocional ao se casar novamente e formar uma fam\u00edlia.<\/p>\n\n\n\n<p>Para Virg\u00ednia Fonseca, a previs\u00e3o \u00e9 de uma fase dif\u00edcil: \u00c9rica aponta que a influenciadora perder\u00e1 o controle da marca WePink, o que pode desencadear uma crise pessoal e de sa\u00fade emocional.<\/p>\n\n\n\n<p>J\u00e1 Z\u00e9 Felipe, marido de Virg\u00ednia, ter\u00e1 um novo cap\u00edtulo amoroso. Segundo \u00c9rica, ele se casar\u00e1 novamente com uma mulher morena clara, magra e de cabelos castanho claro, com quem ter\u00e1 mais dois filhos. At\u00e9 mesmo a m\u00e3e de Virg\u00ednia, de acordo com as previs\u00f5es, ter\u00e1 novidades: um novo casamento previsto para 2027.<\/p>\n\n\n\n<p>No cen\u00e1rio global, \u00c9rica alerta para uma nova pandemia respirat\u00f3ria em 2026. \u201cVamos ter que usar m\u00e1scaras de novo. Vamos nos cuidar\u201d, destacou.<\/p>\n\n\n\n<p>Al\u00e9m das previs\u00f5es, a sensitiva celebra o retorno do programa <em>Gitana Megastral<\/em>, que ganhar\u00e1 um novo formato, mais espiritualizado, com presen\u00e7a de babalorix\u00e1s, yalorix\u00e1s, cartomantes e bruxas. A estreia j\u00e1 tem data marcada e o podcast do programa tamb\u00e9m voltar\u00e1 ao ar com novo nome e proposta.<\/p>\n\n\n\n<p>E as novidades n\u00e3o param por a\u00ed: \u00c9rica tamb\u00e9m inicia sua carreira musical com o lan\u00e7amento do single <em>\u201cEu e Voc\u00ea\u201d<\/em>, j\u00e1 dispon\u00edvel nas principais plataformas digitais.<\/p>\n\n\n\n<p>Quem deseja agendar consultas espirituais com a sensitiva pode entrar em contato pelo telefone (11) 9326-90018.<\/p>\n\n\n\n<p>Com um hist\u00f3rico de previs\u00f5es acertadas, incluindo o casamento de Bruna Marquezine e mudan\u00e7as na televis\u00e3o brasileira, \u00c9rica Dias continua chamando aten\u00e7\u00e3o por suas revela\u00e7\u00f5es. Fica a pergunta: voc\u00ea acredita nas previs\u00f5es da Sensitiva dos Famosos?<\/p>\n","protected":false},"excerpt":{"rendered":"<p>A sensitiva \u00c9rica Dias, conhecida no meio art\u00edstico como a \u201cSensitiva dos Famosos\u201d, voltou a&#8230;<\/p>\n","protected":false},"author":1,"featured_media":18985,"comment_status":"closed","ping_status":"open","sticky":false,"template":"","format":"standard","meta":{"om_disable_all_campaigns":false,"_monsterinsights_skip_tracking":false,"_monsterinsights_sitenote_active":false,"_monsterinsights_sitenote_note":"","_monsterinsights_sitenote_category":0,"spay_email":""},"categories":[1],"tags":[],"jetpack_featured_media_url":"https:\/\/vimagazine.com.br\/wp-content\/uploads\/2025\/06\/WhatsApp-Image-2025-06-10-at-13.31.35.jpeg","_links":{"self":[{"href":"https:\/\/vimagazine.com.br\/index.php?rest_route=\/wp\/v2\/posts\/18984"}],"collection":[{"href":"https:\/\/vimagazine.com.br\/index.php?rest_route=\/wp\/v2\/posts"}],"about":[{"href":"https:\/\/vimagazine.com.br\/index.php?rest_route=\/wp\/v2\/types\/post"}],"author":[{"embeddable":true,"href":"https:\/\/vimagazine.com.br\/index.php?rest_route=\/wp\/v2\/users\/1"}],"replies":[{"embeddable":true,"href":"https:\/\/vimagazine.com.br\/index.php?rest_route=%2Fwp%2Fv2%2Fcomments&post=18984"}],"version-history":[{"count":1,"href":"https:\/\/vimagazine.com.br\/index.php?rest_route=\/wp\/v2\/posts\/18984\/revisions"}],"predecessor-version":[{"id":18986,"href":"https:\/\/vimagazine.com.br\/index.php?rest_route=\/wp\/v2\/posts\/18984\/revisions\/18986"}],"wp:featuredmedia":[{"embeddable":true,"href":"https:\/\/vimagazine.com.br\/index.php?rest_route=\/wp\/v2\/media\/18985"}],"wp:attachment":[{"href":"https:\/\/vimagazine.com.br\/index.php?rest_route=%2Fwp%2Fv2%2Fmedia&parent=18984"}],"wp:term":[{"taxonomy":"category","embeddable":true,"href":"https:\/\/vimagazine.com.br\/index.php?rest_route=%2Fwp%2Fv2%2Fcategories&post=18984"},{"taxonomy":"post_tag","embeddable":true,"href":"https:\/\/vimagazine.com.br\/index.php?rest_route=%2Fwp%2Fv2%2Ftags&post=18984"}],"curies":[{"name":"wp","href":"https:\/\/api.w.org\/{rel}","templated":true}]}}