{"id":18987,"date":"2025-06-10T16:14:52","date_gmt":"2025-06-10T19:14:52","guid":{"rendered":"https:\/\/vimagazine.com.br\/?p=18987"},"modified":"2025-06-10T16:24:56","modified_gmt":"2025-06-10T19:24:56","slug":"academicos-do-tucuruvi-divulga-sinopse-do-enredo-e-convoca-compositores-para-disputa-de-samba","status":"publish","type":"post","link":"https:\/\/vimagazine.com.br\/?p=18987","title":{"rendered":"Acad\u00eamicos do Tucuruvi divulga sinopse do enredo e convoca compositores para disputa de samba"},"content":{"rendered":"\n<p>A Acad\u00eamicos do Tucuruvi divulgou a sinopse do seu enredo para o carnaval de 2026. A agremia\u00e7\u00e3o tem como tema para o pr\u00f3ximo desfile \u201cAnti-Her\u00f3i Brasil\u201d, assinado pelo carnavalesco N\u00edcolas Gon\u00e7alves e pelo enredista Cleiton Almeida.<\/p>\n\n\n\n<p>Para os interessados em participar da disputa de samba, o carnavalesco e o enredista far\u00e3o uma live nas redes sociais da agremia\u00e7\u00e3o explanando o enredo e tirando todas as d\u00favidas. A transmiss\u00e3o acontecer\u00e1 nesta quarta-feira, 11 de junho, \u00e0s 20h30 pelo Instagram @academicosdotucuruvi.<\/p>\n\n\n\n<p>Confira abaixo a sinopse:<\/p>\n\n\n\n<p><strong>ANTI-HER\u00d3I BRASIL<\/strong><\/p>\n\n\n\n<p><strong>SINOPSE<\/strong><\/p>\n\n\n\n<p>Brasil, alguma hora entre a primeira fa\u00edsca e a \u00faltima gota.<\/p>\n\n\n\n<p>Noite de lua cheia. Temperatura indeterminada.<\/p>\n\n\n\n<p><strong>Cruzamento entre as ruas da gl\u00f3ria e da amargura. Sem n\u00famero. (1\u00aa inst\u00e2ncia)<\/strong><\/p>\n\n\n\n<p>O desafio foi lan\u00e7ado: o veneno ou a cura? A palavra ou o n\u00e3o dito? A luz ou a sombra? O cachimbo ou a flauta? Ser her\u00f3i ou vil\u00e3o? O Senhor do Corpo irrompe a l\u00f3gica dualista e abre caminhos: \u00e9 preciso de uma terceira caba\u00e7a! Eis a energia&nbsp;exus\u00edaca&nbsp;que, ao misturar e sacudir, faz com que os opostos possam coexistir no mesmo ser. Ao fazer da encruzilhada seu dom\u00ednio, ensina que n\u00e3o h\u00e1 uma dire\u00e7\u00e3o \u00fanica: inventa-se a vida pelos desvios, pelos dribles, pelas curvas.&nbsp;<\/p>\n\n\n\n<p>Laroy\u00ea! Da caba\u00e7a de&nbsp;Igb\u00e1&nbsp;Ket\u00e1, propaga-se a voz ancestral de um estado de vida que desafia a presen\u00e7a do Estado. Sim, h\u00e1 um Estado que toma para si o poder da for\u00e7a e h\u00e1 uma voz que n\u00e3o se comporta nos padr\u00f5es estabelecidos. Uma voz que n\u00e3o se deixa ser controlada ou regulada. Uma voz anti-heroica! Na esquina em que a desigualdade corta a humanidade, o anti-her\u00f3i \u00e9 concebido para assentar suas pr\u00e1ticas que desorganizam e ordenam a realidade.&nbsp;<\/p>\n\n\n\n<p>Valente manifesto! Ao andar pelas ruas, vigiadas e vigilantes, a voz anti-heroica puxa coro em levante. Ecoa em cantos para ocupar o espa\u00e7o p\u00fablico mesmo sob persegui\u00e7\u00e3o, com todos os olhos voltados para si, dizendo-lhe ser criminosa. Para fazer da rua terreiro, essa voz transgrediu leis, esquivou-se de normas, revidou a viol\u00eancia. No cruzo onde a noite atravessa o prazer, a voz se fez malandragem brasileira, enredada pela negra pele, pela pobre posi\u00e7\u00e3o e pela perif\u00e9rica situa\u00e7\u00e3o.&nbsp;<\/p>\n\n\n\n<p>Brava atitude! Essa voz aflorada \u00e9 a sabedoria oralizada pela po\u00e9tica das margens, dos que foram desamparados pela&nbsp;central-cidade&nbsp;e afastados para nunca reverberarem. Ledo engano! As m\u00e3os do controle n\u00e3o podiam deter a poderosa comunica\u00e7\u00e3o&nbsp;do boca&nbsp;a boca. Sob a melodia de&nbsp;Enugbarij\u00f3, da Boca Coletiva, a condi\u00e7\u00e3o marginal tornou-se altiva. Todo um arsenal de l\u00e1bias e g\u00edrias foi criado e transmitido como legado dos que lutaram para fazer a conversa de bar ser aula, a vida se tornar escola.<\/p>\n\n\n\n<p>Gl\u00f3rias aos mestres! Os marginalizados fizeram do corpo um texto vivo, compilado de p\u00e1ginas da hist\u00f3ria que ginga com dinamismo. Um salve \u00e0 voz repercutida nos encantamentos de Z\u00e9s e Marias, que diante da opress\u00e3o e do silenciamento, mantiveram seus ideais desobedientes no fio da navalha. O poder de se adaptar \u00e9 a especialidade da voz que se tornou o cora\u00e7\u00e3o da identidade nacional. E no \u201ctum-tum\u201d, essa voz segue a palpitar!&nbsp;<\/p>\n\n\n\n<p><strong>Ponto de cruzamento entre as p\u00e1ginas dos corpos e as p\u00e1ginas das estantes. Hor\u00e1rio comercial. (2\u00aa inst\u00e2ncia)<\/strong><\/p>\n\n\n\n<p>Em sussurros, ouve-se as necessidades do brasileiro e seus atos errantes, tortuosos, desviantes. Quando veio a civilidade, pessoas foram jogadas para debaixo do tapete. Afinal, quem as notaria? Escondidas do mundo, em sil\u00eancio, passariam a n\u00e3o existir. Mas essa voz abafada emite ru\u00eddos pela literatura ao fazer do cotidiano poesia.<\/p>\n\n\n\n<p>Ouve-se um \u201ctrac,&nbsp;trac!&nbsp;trec,&nbsp;trec\u201d! \u00c9 o som enferrujado da m\u00e1quina que legisla baseada em preconceitos. Desafi\u00e1-la requer burlar seus princ\u00edpios e desativar suas leis de funcionamento. O ar que sai dos pulm\u00f5es recusa ser programado para s\u00f3 dizer \u201csim, sim\u201d, porque seu recurso mais potente \u00e9 a palavra. Com diferentes nomes e hist\u00f3rias, a voz brasileira foi sendo balbuciada com linguagem anti-heroica.&nbsp;<\/p>\n\n\n\n<p>\u201cVruuuum\u201d, o avan\u00e7o industrial toma conta das ruas! O som da garganta resiste no sempre ser\u00e1, no sempre ser\u00e3o. Ora, ora pro&nbsp;nobis&nbsp;de uma voz com as marcas da falta de um abrigo, que sem o afeto familiar vai capitanear entre a poeira e a areia. Ela pega carona com o vento de um canto para o outro, em busca de alguma esperan\u00e7a de que chegue a hora de seus sonhos, numa migra\u00e7\u00e3o de m\u00e3os dadas com a morte e a vida. Nos atalhos encontrados, se envereda com seu bando \u00e0 espreita da sorte e busca nunca estar na solid\u00e3o que mata de dor.<\/p>\n\n\n\n<p>E quando preciso, retumba como ataque para se defender. E quando \u00e9 o caso, compadece com mal\u00edcia para se saciar, porque a cobra coral j\u00e1 morde a cauda, sendo a fome e a comida. E quando perdida, acredita no milagre porque se tem f\u00e9 na prote\u00e7\u00e3o de todos os deuses e de todos os guias. E quando quer vadear, faz murmurinho em mesa de bar, vira o copo sem pensar na saideira e cai no gosto da boemia.<\/p>\n\n\n\n<p>\u00c9 uma voz que se faz corpo na liberdade sensual que n\u00e3o d\u00e1 ouvidos \u00e0s queixas dos olhares. \u00c9 um gemido de prazer ao desfrutar do sexo. \u00c9 a ousadia de um beijo que d\u00e1 l\u00edngua ao afeto que n\u00e3o se deixa censurar.&nbsp;<\/p>\n\n\n\n<p>\u00c9 o desejo de que a cultura popular salve a p\u00e1tria. Voz ut\u00f3pica que nos liga.&nbsp;<\/p>\n\n\n\n<p>\u201cTrimmmm-trimmmm\u201d, caiu a liga\u00e7\u00e3o! A voz anti-heroica desbrava todas as regi\u00f5es, se lan\u00e7a na lama e vira constela\u00e7\u00e3o porque a miss\u00e3o exige estar em constante metamorfose para ser a cara do pa\u00eds. A cidade moderna \u00e9 uma m\u00e1quina de motor capital que consome a energia da massa \u00e0s cinco horas na avenida Central e depois empilha os restos por a\u00ed como se a vida fosse descart\u00e1vel. Essa engrenagem se retroalimenta de pessoas que se sacrificam na jornada do dia a dia e que s\u00e3o vistas como animais a serem abatidos. A metr\u00f3pole \u00e9 uma ind\u00fastria que fabrica marginalidade como efeito colateral. Nesse campo de batalhas sem rimas, a voz marginal \u00e9 heroica no improviso para lan\u00e7ar o verso que denuncia a podrid\u00e3o desse mercado.<\/p>\n\n\n\n<p><strong>No cruzamento das ruas do passado com as ruas do futuro, o rel\u00f3gio marca a hora: agora. (3\u00aa inst\u00e2ncia)<\/strong><\/p>\n\n\n\n<p>Uma urg\u00eancia \u00e9 sentida no ar. Brasil, mostre a sua voz! O desabafo de uma legi\u00e3o de an\u00f4nimos quebra com o sil\u00eancio do status quo. Ouve-se um clamor que retoma as ruas pela boca coletiva de trabalhadores que est\u00e3o em deslocamento o tempo todo. Entre a Augusta e a Ang\u00e9lica, multiplica-se um grito que d\u00e1 a m\u00e3o na Consola\u00e7\u00e3o. No fluxo ordin\u00e1rio, essa voz se expressa pelos sem\u00e1foros, em parques e pra\u00e7as. Percorre quadras, campos e gin\u00e1sios. Trafega por cal\u00e7adas, vias e viadutos. Circula por obras, passagens e edif\u00edcios. Transita de l\u00e1 pra c\u00e1, da Leste pra Oeste, da Sul pra Norte, riscando o asfalto e cantando pneus pra sustentar um filho e uma na\u00e7\u00e3o. Seguem com ambi\u00e7\u00e3o porque, apesar de tudo, o tempo n\u00e3o para e o corre \u00e9 mil grau. Mas nos respiros dessa escala, as ruas s\u00e3o ocupadas por gargalhadas que mostram que a vida n\u00e3o \u00e9 s\u00f3 trabalho. Em meio \u00e0s contradi\u00e7\u00f5es, o riso tromba com a alegria na maior atividade e se faz comunidade.&nbsp;<\/p>\n\n\n\n<p>Aparecendo na fotografia somente do outro lado da vida, os her\u00f3is dessa hist\u00f3ria n\u00e3o s\u00e3o os mais corajosos, os grandes campe\u00f5es, os super-her\u00f3is midi\u00e1ticos que s\u00f3 existem&nbsp;na tela. Pelo contr\u00e1rio, s\u00e3o aqueles que erram, que caem, que perdem, mas que continuam bradando o seu direito \u00e0 humanidade. Aqueles cuja fala \u00e9 um perigo para a hipocrisia social e por isso s\u00e3o julgados e condenados. Consagrada seja a voz dos que incomodam, inquietam, subvertem, radicalizam, retrabalham e revolucionam a ordem operante e a \u201cpasta\u201d do progresso.&nbsp;<\/p>\n\n\n\n<p>Encruzilhada entre as ruas da cria\u00e7\u00e3o e da realidade. Hora exata em que da periferia ecoa uma reforma: \u201cSeja marginal, seja her\u00f3i\u201d! Na reconstru\u00e7\u00e3o, tudo que era resto passa a ser in\u00edcio, a obra do futuro \u00e9 feita da mat\u00e9ria do passado. Na terceira caba\u00e7a, nossa gente vira nossas estrelas. Na Avenida, quem leva o pa\u00eds nas costas recebe os devidos louros pelo canto da Cantareira. Na voz eternizada, reverbera o nosso ato heroico.<\/p>\n\n\n\n<p>Que toda hegemonia seja questionada.&nbsp;<\/p>\n\n\n\n<p>Que toda imposi\u00e7\u00e3o seja superada.<\/p>\n\n\n\n<p>Que toda conven\u00e7\u00e3o seja transgredida.<\/p>\n\n\n\n<p>Anti-her\u00f3is brasileiros, uni-vos!<\/p>\n","protected":false},"excerpt":{"rendered":"<p>A Acad\u00eamicos do Tucuruvi divulgou a sinopse do seu enredo para o carnaval de 2026&#8230;.<\/p>\n","protected":false},"author":19,"featured_media":18988,"comment_status":"closed","ping_status":"open","sticky":false,"template":"","format":"standard","meta":{"om_disable_all_campaigns":false,"_monsterinsights_skip_tracking":false,"_monsterinsights_sitenote_active":false,"_monsterinsights_sitenote_note":"","_monsterinsights_sitenote_category":0,"spay_email":""},"categories":[1],"tags":[],"jetpack_featured_media_url":"https:\/\/vimagazine.com.br\/wp-content\/uploads\/2025\/06\/Carnavalesco-Ni\u0301colas-Gonc\u0327alves-e-o-Enredista-Cleiton-Almeida.jpeg","_links":{"self":[{"href":"https:\/\/vimagazine.com.br\/index.php?rest_route=\/wp\/v2\/posts\/18987"}],"collection":[{"href":"https:\/\/vimagazine.com.br\/index.php?rest_route=\/wp\/v2\/posts"}],"about":[{"href":"https:\/\/vimagazine.com.br\/index.php?rest_route=\/wp\/v2\/types\/post"}],"author":[{"embeddable":true,"href":"https:\/\/vimagazine.com.br\/index.php?rest_route=\/wp\/v2\/users\/19"}],"replies":[{"embeddable":true,"href":"https:\/\/vimagazine.com.br\/index.php?rest_route=%2Fwp%2Fv2%2Fcomments&post=18987"}],"version-history":[{"count":2,"href":"https:\/\/vimagazine.com.br\/index.php?rest_route=\/wp\/v2\/posts\/18987\/revisions"}],"predecessor-version":[{"id":18990,"href":"https:\/\/vimagazine.com.br\/index.php?rest_route=\/wp\/v2\/posts\/18987\/revisions\/18990"}],"wp:featuredmedia":[{"embeddable":true,"href":"https:\/\/vimagazine.com.br\/index.php?rest_route=\/wp\/v2\/media\/18988"}],"wp:attachment":[{"href":"https:\/\/vimagazine.com.br\/index.php?rest_route=%2Fwp%2Fv2%2Fmedia&parent=18987"}],"wp:term":[{"taxonomy":"category","embeddable":true,"href":"https:\/\/vimagazine.com.br\/index.php?rest_route=%2Fwp%2Fv2%2Fcategories&post=18987"},{"taxonomy":"post_tag","embeddable":true,"href":"https:\/\/vimagazine.com.br\/index.php?rest_route=%2Fwp%2Fv2%2Ftags&post=18987"}],"curies":[{"name":"wp","href":"https:\/\/api.w.org\/{rel}","templated":true}]}}