{"id":18991,"date":"2025-06-10T16:54:43","date_gmt":"2025-06-10T19:54:43","guid":{"rendered":"https:\/\/vimagazine.com.br\/?p=18991"},"modified":"2025-06-10T16:55:00","modified_gmt":"2025-06-10T19:55:00","slug":"jackeline-lima-desfila-por-causa-nobre-em-niteroi","status":"publish","type":"post","link":"https:\/\/vimagazine.com.br\/?p=18991","title":{"rendered":"Jackeline Lima desfila por causa nobre em Niter\u00f3i"},"content":{"rendered":"\n<p><br><br><\/p>\n\n\n\n<p>A empres\u00e1ria Jackeline Lima marcou presen\u00e7a no desfile beneficente promovido pela APADA Niter\u00f3i, realizado no \u00faltimo dia 5 de junho, no tradicional Clube Central. O evento reuniu convidados, apoiadores e personalidades em torno de uma causa urgente: a inclus\u00e3o e o apoio \u00e0s pessoas com defici\u00eancia auditiva.<\/p>\n\n\n\n<p>Desfilando com eleg\u00e2ncia em um vestido da marca ME Medida Exata, Jackeline uniu moda e solidariedade ao representar o prop\u00f3sito maior do evento: promover visibilidade para a causa e captar recursos para as a\u00e7\u00f5es da APADA Niter\u00f3i \u2014 Associa\u00e7\u00e3o de Pais e Amigos dos Deficientes da Audi\u00e7\u00e3o.<\/p>\n\n\n\n<p><a><\/a><a><\/a><a><\/a><a><\/a>Durante a cerim\u00f4nia, Jackeline Lima foi reconhecida como uma das Patronesses da APADA Niter\u00f3i, e recebeu uma mo\u00e7\u00e3o de aplausos da entidade, como forma de agradecimento por sua contribui\u00e7\u00e3o.<\/p>\n\n\n\n<p>Jackeline, que tem se destacado por seu compromisso social em diversas frentes, refor\u00e7ou a import\u00e2ncia de usar sua imagem para inspirar e mobilizar a\u00e7\u00f5es concretas. Sua participa\u00e7\u00e3o foi recebida com entusiasmo pelos presentes, simbolizando o poder da uni\u00e3o entre diferentes setores da sociedade em prol de uma mesma causa.<\/p>\n\n\n\n<p>O desfile n\u00e3o foi apenas uma vitrine de moda, mas uma celebra\u00e7\u00e3o da diversidade e da empatia, com a presen\u00e7a de modelos com e sem defici\u00eancia, em uma passarela que refletiu os valores de igualdade e respeito.<\/p>\n\n\n\n<p><\/p>\n\n\n\n<figure class=\"wp-block-image aligncenter size-large is-resized\"><img src=\"https:\/\/vimagazine.com.br\/wp-content\/uploads\/2025\/06\/Jackeline-Silva-Apada-Clube-central-768x1024.jpg\" alt=\"\" class=\"wp-image-18992\" width=\"384\" height=\"512\" srcset=\"https:\/\/vimagazine.com.br\/wp-content\/uploads\/2025\/06\/Jackeline-Silva-Apada-Clube-central-768x1024.jpg 768w, https:\/\/vimagazine.com.br\/wp-content\/uploads\/2025\/06\/Jackeline-Silva-Apada-Clube-central-225x300.jpg 225w, https:\/\/vimagazine.com.br\/wp-content\/uploads\/2025\/06\/Jackeline-Silva-Apada-Clube-central-1152x1536.jpg 1152w, https:\/\/vimagazine.com.br\/wp-content\/uploads\/2025\/06\/Jackeline-Silva-Apada-Clube-central-1024x1365.jpg 1024w, https:\/\/vimagazine.com.br\/wp-content\/uploads\/2025\/06\/Jackeline-Silva-Apada-Clube-central.jpg 1200w\" sizes=\"(max-width: 384px) 100vw, 384px\" \/><\/figure>\n","protected":false},"excerpt":{"rendered":"<p>A empres\u00e1ria Jackeline Lima marcou presen\u00e7a no desfile beneficente promovido pela APADA Niter\u00f3i, realizado no&#8230;<\/p>\n","protected":false},"author":1,"featured_media":18993,"comment_status":"closed","ping_status":"open","sticky":false,"template":"","format":"standard","meta":{"om_disable_all_campaigns":false,"_monsterinsights_skip_tracking":false,"_monsterinsights_sitenote_active":false,"_monsterinsights_sitenote_note":"","_monsterinsights_sitenote_category":0,"spay_email":""},"categories":[1],"tags":[],"jetpack_featured_media_url":"https:\/\/vimagazine.com.br\/wp-content\/uploads\/2025\/06\/image002-1.jpg","_links":{"self":[{"href":"https:\/\/vimagazine.com.br\/index.php?rest_route=\/wp\/v2\/posts\/18991"}],"collection":[{"href":"https:\/\/vimagazine.com.br\/index.php?rest_route=\/wp\/v2\/posts"}],"about":[{"href":"https:\/\/vimagazine.com.br\/index.php?rest_route=\/wp\/v2\/types\/post"}],"author":[{"embeddable":true,"href":"https:\/\/vimagazine.com.br\/index.php?rest_route=\/wp\/v2\/users\/1"}],"replies":[{"embeddable":true,"href":"https:\/\/vimagazine.com.br\/index.php?rest_route=%2Fwp%2Fv2%2Fcomments&post=18991"}],"version-history":[{"count":1,"href":"https:\/\/vimagazine.com.br\/index.php?rest_route=\/wp\/v2\/posts\/18991\/revisions"}],"predecessor-version":[{"id":18994,"href":"https:\/\/vimagazine.com.br\/index.php?rest_route=\/wp\/v2\/posts\/18991\/revisions\/18994"}],"wp:featuredmedia":[{"embeddable":true,"href":"https:\/\/vimagazine.com.br\/index.php?rest_route=\/wp\/v2\/media\/18993"}],"wp:attachment":[{"href":"https:\/\/vimagazine.com.br\/index.php?rest_route=%2Fwp%2Fv2%2Fmedia&parent=18991"}],"wp:term":[{"taxonomy":"category","embeddable":true,"href":"https:\/\/vimagazine.com.br\/index.php?rest_route=%2Fwp%2Fv2%2Fcategories&post=18991"},{"taxonomy":"post_tag","embeddable":true,"href":"https:\/\/vimagazine.com.br\/index.php?rest_route=%2Fwp%2Fv2%2Ftags&post=18991"}],"curies":[{"name":"wp","href":"https:\/\/api.w.org\/{rel}","templated":true}]}}