{"id":18999,"date":"2025-06-11T16:12:36","date_gmt":"2025-06-11T19:12:36","guid":{"rendered":"https:\/\/vimagazine.com.br\/?p=18999"},"modified":"2025-06-11T16:13:41","modified_gmt":"2025-06-11T19:13:41","slug":"festa-junina-de-joinville-confira-programacao-completa-do-evento-junino","status":"publish","type":"post","link":"https:\/\/vimagazine.com.br\/?p=18999","title":{"rendered":"Festa Junina de Joinville: confira programa\u00e7\u00e3o completa do evento junino"},"content":{"rendered":"\n<figure class=\"wp-block-image size-large\"><img width=\"1024\" height=\"681\" src=\"https:\/\/vimagazine.com.br\/wp-content\/uploads\/2025\/06\/0Y4A2884-1024x681.jpg\" alt=\"\" class=\"wp-image-19000\" srcset=\"https:\/\/vimagazine.com.br\/wp-content\/uploads\/2025\/06\/0Y4A2884-1024x681.jpg 1024w, https:\/\/vimagazine.com.br\/wp-content\/uploads\/2025\/06\/0Y4A2884-300x200.jpg 300w, https:\/\/vimagazine.com.br\/wp-content\/uploads\/2025\/06\/0Y4A2884-768x511.jpg 768w, https:\/\/vimagazine.com.br\/wp-content\/uploads\/2025\/06\/0Y4A2884-1536x1022.jpg 1536w, https:\/\/vimagazine.com.br\/wp-content\/uploads\/2025\/06\/0Y4A2884.jpg 1920w\" sizes=\"(max-width: 1024px) 100vw, 1024px\" \/><\/figure>\n\n\n\n<p><em>Evento ter\u00e1 sete dias de atra\u00e7\u00f5es culturais, gastronomia e shows no Centro da cidade<\/em><\/p>\n\n\n\n<p>A Pra\u00e7a da Bandeira e a Pra\u00e7a D\u00e1rio Salles, no Centro de Joinville, v\u00e3o se transformar em um grande arraial entre os dias 14, 15 e 18 a 22 de junho. A terceira edi\u00e7\u00e3o da Festa Junina de Joinville re\u00fane m\u00fasica, dan\u00e7a, gastronomia, oficinas tem\u00e1ticas e atividades de bem-estar em uma programa\u00e7\u00e3o gratuita voltada a toda a comunidade.<\/p>\n\n\n\n<p>Com expectativa de p\u00fablico superior a 70 mil pessoas, o evento \u00e9 considerado o maior do g\u00eanero j\u00e1 realizado na cidade. A iniciativa \u00e9 viabilizada com apoio da Lei de Incentivo \u00e0 Cultura (Simdec), produ\u00e7\u00e3o da TS Eventos e participa\u00e7\u00e3o da UniSociesc, que promove a\u00e7\u00f5es integradas de sa\u00fade, oficinas e atividades infantis ao longo da programa\u00e7\u00e3o.<\/p>\n\n\n\n<p>Durante os sete dias de evento, a festa contar\u00e1 com shows musicais, apresenta\u00e7\u00f5es folcl\u00f3ricas, concursos tem\u00e1ticos e oficinas gastron\u00f4micas gratuitas.<\/p>\n\n\n\n<p>Grupos como Os Forrosteiros, Trio Amizade (SP), Renato Santiago (CE), Maria Sol (CE), Forr\u00f3 Maneiro (PR) e Trio Cascas (SC) est\u00e3o entre as atra\u00e7\u00f5es confirmadas.<\/p>\n\n\n\n<p>A programa\u00e7\u00e3o tamb\u00e9m inclui concursos de forr\u00f3 (individual e em casal), desfile de trajes t\u00edpicos, miss caipira e at\u00e9 concurso de cachorro com fantasia junina. As oficinas gastron\u00f4micas trazem receitas como pipoca gourmet, bolo de milho e farofa de pinh\u00e3o, com a presen\u00e7a de int\u00e9rprete de Libras para garantir acessibilidade.<\/p>\n\n\n\n<p>A\u00e7\u00f5es da UniSociesc<\/p>\n\n\n\n<p>Parceira do evento, a UniSociesc leva ao p\u00fablico uma s\u00e9rie de atividades gratuitas nas \u00e1reas de sa\u00fade, bem-estar e alimenta\u00e7\u00e3o saud\u00e1vel. Ser\u00e3o oferecidos servi\u00e7os como quick massagem, spa das m\u00e3os, hidrata\u00e7\u00e3o facial, aferi\u00e7\u00e3o de press\u00e3o, orienta\u00e7\u00f5es nutricionais, sa\u00fade mental e primeiros socorros, al\u00e9m de pintura facial para crian\u00e7as.<\/p>\n\n\n\n<p>As a\u00e7\u00f5es acontecem em hor\u00e1rios distintos durante os dias de festa e tamb\u00e9m integram as oficinas gastron\u00f4micas com receitas t\u00edpicas juninas.<\/p>\n\n\n\n<p>Confira a programa\u00e7\u00e3o completa da Festa Junina 2025<\/p>\n\n\n\n<p><strong>14\/06 (s\u00e1bado)<\/strong><\/p>\n\n\n\n<p>10h00 | Abertura do evento com DJ<\/p>\n\n\n\n<p>10h00 | Exposi\u00e7\u00e3o de carros (antigos e cl\u00e1ssicos)<\/p>\n\n\n\n<p>10h30 | Momento cordel<\/p>\n\n\n\n<p>11h00 | Oficina Gastron\u00f4mica de Bolo de Milho*<\/p>\n\n\n\n<p>11h30 | Show com Os Forrosteiros<\/p>\n\n\n\n<p>15h30 | Apresenta\u00e7\u00e3o de Dan\u00e7a Folcl\u00f3rica<\/p>\n\n\n\n<p>19h00 | Cantora Maria Sol (CE), Cantor e Sanfoneiro Fabr\u00edcio Dalpr\u00e1 (SC) e Cantor Robrean Jos\u00e9 (PE)<\/p>\n\n\n\n<p>20h00 | Concurso Casal Forrozeiro<\/p>\n\n\n\n<p>20h30 | Concurso de Trajes Caipira (individual feminino e masculino)<\/p>\n\n\n\n<p>21h00 | Concurso de Trajes Caipira (casal)<\/p>\n\n\n\n<p><\/p>\n\n\n\n<p><strong>15\/06 (domingo)<\/strong><\/p>\n\n\n\n<p>10h00 | Abertura do evento com DJ<\/p>\n\n\n\n<p>10h00 | Exposi\u00e7\u00e3o de carros (antigos e cl\u00e1ssicos)<\/p>\n\n\n\n<p>10h30 | Momento cordel<\/p>\n\n\n\n<p>11h00 | Show com Os Forrosteiros<\/p>\n\n\n\n<p>12h30 | Apresenta\u00e7\u00e3o de Dan\u00e7a Folcl\u00f3rica<\/p>\n\n\n\n<p>14h30 | Concurso Casal Forrozeiro<\/p>\n\n\n\n<p>15h00 | Miss Caipira<\/p>\n\n\n\n<p>19h00 | Trio Cascas Florian\u00f3polis (SC)<\/p>\n\n\n\n<p><\/p>\n\n\n\n<p><strong>18\/06 (quarta-feira)<\/strong><\/p>\n\n\n\n<p>18h00 | DJ e Momento Cordel<\/p>\n\n\n\n<p>19h30 | Miss Caipira Feminino e Masculino<\/p>\n\n\n\n<p>20h00 | Trio Matilha de Joa e Trio Amizade<\/p>\n\n\n\n<p><\/p>\n\n\n\n<p><strong>19\/06 (quinta-feira)<\/strong><\/p>\n\n\n\n<p>10h00 | Momento Cordel ao vivo e DJ<\/p>\n\n\n\n<p>11h00 | Oficina Gastron\u00f4mica de Pipoca Gourmet (Gratuita)*<\/p>\n\n\n\n<p>11h30 | Apresenta\u00e7\u00e3o de Dan\u00e7a Folcl\u00f3rica<\/p>\n\n\n\n<p>14h00 | Concurso de Forr\u00f3 Individual<\/p>\n\n\n\n<p>15h00 | Concurso de Forr\u00f3 Casal<\/p>\n\n\n\n<p>16h00 | Concurso Caipira<\/p>\n\n\n\n<p>20h00 | Show com Renato Santiago (CE) e Bandas Trio Amizade e Trio Matilha de Joa<\/p>\n\n\n\n<p><\/p>\n\n\n\n<p><strong>20\/06 (sexta-feira)<\/strong><\/p>\n\n\n\n<p>18h00 | Abertura do evento<\/p>\n\n\n\n<p>18h15 | Momento Cordel ao vivo e DJ<\/p>\n\n\n\n<p>19h30 | Oficina Gastron\u00f4mica de Pipoca Gourmet (Gratuita)*<\/p>\n\n\n\n<p>19h30 | Apresenta\u00e7\u00e3o Folcl\u00f3rica &#8211; Carcar\u00e1 do Sert\u00e3o<\/p>\n\n\n\n<p>20h00 | Apresenta\u00e7\u00e3o Simpatia Lampi\u00e3o, Boneca Jurema (PB) e Trio Amizade (SP)<\/p>\n\n\n\n<p>20h45 | Concurso de Forr\u00f3 Casal<\/p>\n\n\n\n<p>21h30 | Trio Amizade (SP) e o Cantor Renato Santiago (CE)<\/p>\n\n\n\n<p>23h30 | T\u00e9rmino do evento<\/p>\n\n\n\n<p><\/p>\n\n\n\n<p><strong>21\/06 (s\u00e1bado)<\/strong><\/p>\n\n\n\n<p>10h00 | Momento Cordel ao vivo e DJ<\/p>\n\n\n\n<p>10h45 | Apresenta\u00e7\u00e3o Folcl\u00f3rica<\/p>\n\n\n\n<p>11h00 | Apresenta\u00e7\u00e3o Simpatia Lampi\u00e3o e a Boneca Jurema (PB)<\/p>\n\n\n\n<p>11h45 | Cantor Renato Santiago (CE) e Trio da Amizade (SP)<\/p>\n\n\n\n<p>14h00 | Oficina Gastron\u00f4mica de Farofa de Pinh\u00e3o (Gratuita)*<\/p>\n\n\n\n<p>15h00 | Concurso de quadrilha<\/p>\n\n\n\n<p>17h00 | Oficina Gastron\u00f4mica de Pipoca Gourmet (Gratuita)*<\/p>\n\n\n\n<p>18h30 | Oficina Gastron\u00f4mica de Bolo de Milho (Gratuita)*<\/p>\n\n\n\n<p>19h30 | Show com o Cantor Renato Santiago (CE) e Trio da Amizade (SP)<\/p>\n\n\n\n<p>20h00 | Oficina Gastron\u00f4mica de Farofa de Pinh\u00e3o (Gratuita)*<\/p>\n\n\n\n<p>23h00 | T\u00e9rmino do evento<\/p>\n\n\n\n<p><\/p>\n\n\n\n<p><strong>22\/06 (domingo)<\/strong><\/p>\n\n\n\n<p>10h00 | Momento Cordel ao vivo e DJ<\/p>\n\n\n\n<p>11h00 | Concurso C\u00e3o Junino &#8211; Traga o seu pet e participe!<\/p>\n\n\n\n<p>12h00 | Show com o Trio Cascas Florian\u00f3polis (SC)<\/p>\n\n\n\n<p>15h00 | Concurso de Forr\u00f3 Casal<\/p>\n\n\n\n<p>16h00 | Apresenta\u00e7\u00e3o Folcl\u00f3rica<\/p>\n\n\n\n<p>17h00 | Trio Forr\u00f3 Maneiro (PR)<\/p>\n\n\n\n<p>20h00 | T\u00e9rmino do evento<\/p>\n\n\n\n<p><strong>Agende-se<\/strong><\/p>\n\n\n\n<p>O que: 3 \u00aa Festa Junina de Joinville<\/p>\n\n\n\n<p>Quando: 14, 15 e 18 a 22 de junho<\/p>\n\n\n\n<p>Onde: Pra\u00e7a da Bandeira e a Pra\u00e7a D\u00e1rio Salles, no Centro de Joinville<\/p>\n\n\n\n<p>Hor\u00e1rio: 14\/6 (s\u00e1bado) das 10h \u00e0s 22h; 15\/6 (domingo) das 10h \u00e0s 20h; 18\/6 (quarta-feira) das 17 \u00e0s 23h; 19\/6 (quinta-feira) das 10 \u00e0s 23h; 20\/6 (sexta-feira) das 18h \u00e0s 23h; 21\/6 (s\u00e1bado) das 10h \u00e0s 23h e 22\/6 (domingo) das 10h \u00e0s 20h<\/p>\n\n\n\n<p>Entrada Gratuita<\/p>\n","protected":false},"excerpt":{"rendered":"<p>Evento ter\u00e1 sete dias de atra\u00e7\u00f5es culturais, gastronomia e shows no Centro da cidade A&#8230;<\/p>\n","protected":false},"author":20,"featured_media":0,"comment_status":"closed","ping_status":"open","sticky":false,"template":"","format":"standard","meta":{"om_disable_all_campaigns":false,"_monsterinsights_skip_tracking":false,"_monsterinsights_sitenote_active":false,"_monsterinsights_sitenote_note":"","_monsterinsights_sitenote_category":0,"spay_email":""},"categories":[1],"tags":[],"jetpack_featured_media_url":"","_links":{"self":[{"href":"https:\/\/vimagazine.com.br\/index.php?rest_route=\/wp\/v2\/posts\/18999"}],"collection":[{"href":"https:\/\/vimagazine.com.br\/index.php?rest_route=\/wp\/v2\/posts"}],"about":[{"href":"https:\/\/vimagazine.com.br\/index.php?rest_route=\/wp\/v2\/types\/post"}],"author":[{"embeddable":true,"href":"https:\/\/vimagazine.com.br\/index.php?rest_route=\/wp\/v2\/users\/20"}],"replies":[{"embeddable":true,"href":"https:\/\/vimagazine.com.br\/index.php?rest_route=%2Fwp%2Fv2%2Fcomments&post=18999"}],"version-history":[{"count":2,"href":"https:\/\/vimagazine.com.br\/index.php?rest_route=\/wp\/v2\/posts\/18999\/revisions"}],"predecessor-version":[{"id":19002,"href":"https:\/\/vimagazine.com.br\/index.php?rest_route=\/wp\/v2\/posts\/18999\/revisions\/19002"}],"wp:attachment":[{"href":"https:\/\/vimagazine.com.br\/index.php?rest_route=%2Fwp%2Fv2%2Fmedia&parent=18999"}],"wp:term":[{"taxonomy":"category","embeddable":true,"href":"https:\/\/vimagazine.com.br\/index.php?rest_route=%2Fwp%2Fv2%2Fcategories&post=18999"},{"taxonomy":"post_tag","embeddable":true,"href":"https:\/\/vimagazine.com.br\/index.php?rest_route=%2Fwp%2Fv2%2Ftags&post=18999"}],"curies":[{"name":"wp","href":"https:\/\/api.w.org\/{rel}","templated":true}]}}