{"id":19013,"date":"2025-06-12T13:19:54","date_gmt":"2025-06-12T16:19:54","guid":{"rendered":"https:\/\/vimagazine.com.br\/?p=19013"},"modified":"2025-06-12T13:19:56","modified_gmt":"2025-06-12T16:19:56","slug":"hq-com-valores-cristaos-para-a-nova-geracao","status":"publish","type":"post","link":"https:\/\/vimagazine.com.br\/?p=19013","title":{"rendered":"HQ com valores crist\u00e3os para a nova gera\u00e7\u00e3o"},"content":{"rendered":"\n<p><\/p>\n\n\n\n<p><em>Em &#8220;O Semeador de Virtudes&#8221;, Paulo Debs ilustra uma aventura sobre o poder de transformar o mundo pela Palavra de Deus<\/em><\/p>\n\n\n\n<p><\/p>\n\n\n\n<p>A cada nova gera\u00e7\u00e3o, um logosiano \u00e9 escolhido para ser&nbsp;<strong><em>O Semeador de Virtudes<\/em><\/strong>&nbsp;\u2014 aquele que levar\u00e1 os ensinamentos milenares do povo de Log\u00f3sia aos confins do mundo fict\u00edcio de Mundhen. Agora, chegou a vez de Rhavel cumprir essa miss\u00e3o. Neste lan\u00e7amento, em formato de hist\u00f3ria em quadrinhos, o premiado escritor, ilustrador e membro da Academia Internacional de Literatura Brasileira,&nbsp;<strong>Paulo Debs<\/strong>, convida as crian\u00e7as a embarcar com o protagonista nessa jornada cheia de desafios \u2013 na qual sua voca\u00e7\u00e3o e perseveran\u00e7a ser\u00e3o colocadas \u00e0 prova.&nbsp;<\/p>\n\n\n\n<p>A cren\u00e7a inabal\u00e1vel no Supremo S\u00e1bio, fundamento espiritual dos logosianos, foi o que manteve viva essa popula\u00e7\u00e3o ao longo dos s\u00e9culos de guerras e persegui\u00e7\u00f5es. Mas Rhavel logo descobre que&nbsp;<em>semear virtudes<\/em>&nbsp;exige mais do que coragem. Ele atravessa florestas sombrias, desertos escaldantes, torres amaldi\u00e7oadas e reinos orgulhosos, al\u00e9m de enfrentar criaturas como a feiticeira Nathassa e o monstruoso Turuk, uma besta-fera alada que aterroriza vilarejos. Cada obst\u00e1culo revela li\u00e7\u00f5es profundas sobre culpa, perd\u00e3o, prop\u00f3sito, lideran\u00e7a, esperan\u00e7a e a import\u00e2ncia de resistir com f\u00e9 diante das adversidades da vida.&nbsp;<\/p>\n\n\n\n<p><em>As in\u00fameras quest\u00f5es foram sendo respondidas; as feridas foram curadas; os aguilh\u00f5es de seus espinhos foram podados e o perd\u00e3o arou a terra de seu pr\u00f3prio cora\u00e7\u00e3o para florescer, novamente, as certezas que o levaram a se tornar um Semeador.&nbsp;<\/em>(<strong>O Semeador de Virtudes<\/strong>, p. 84)&nbsp;<\/p>\n\n\n\n<p>Inspirado pela\u00a0<em>Par\u00e1bola do Semeador<\/em>\u00a0(Marcos 4.1-20),\u00a0<strong>Paulo Debs<\/strong>\u00a0constr\u00f3i um universo de fantasia que dialoga com os pequenos leitores, pais, educadores e l\u00edderes religiosos. Por meio de linguagem po\u00e9tica e cenas empolgantes de a\u00e7\u00e3o, esta HQ proporciona uma aventura \u00e9pica de entretenimento crist\u00e3o ao mesclar ilustra\u00e7\u00f5es vibrantes com ensinamentos das Escrituras Sagradas. A narrativa refor\u00e7a que os verdadeiros frutos do Criador n\u00e3o s\u00e3o colhidos imediatamente: florescem com o tempo, quando plantados com amor e esperan\u00e7a.\u00a0<\/p>\n\n\n\n<p><\/p>\n\n\n\n<figure class=\"wp-block-image aligncenter size-full is-resized\"><img src=\"https:\/\/vimagazine.com.br\/wp-content\/uploads\/2025\/06\/semeador-de-virtude-ilovepdf.jpg\" alt=\"\" class=\"wp-image-19016\" width=\"284\" height=\"371\" srcset=\"https:\/\/vimagazine.com.br\/wp-content\/uploads\/2025\/06\/semeador-de-virtude-ilovepdf.jpg 567w, https:\/\/vimagazine.com.br\/wp-content\/uploads\/2025\/06\/semeador-de-virtude-ilovepdf-229x300.jpg 229w\" sizes=\"(max-width: 284px) 100vw, 284px\" \/><\/figure>\n\n\n\n<p><\/p>\n\n\n\n<p><\/p>\n\n\n\n<p><strong><em>O Semeador de Virtudes<\/em><\/strong>, publicado pela\u00a0<strong>Editora Vida Kids\u00a0<\/strong>em edi\u00e7\u00e3o de capa dura, \u00e9 um convite para todos os jovens abra\u00e7arem a Palavra de Deus, mesmo se o caminho parecer solit\u00e1rio. Afinal, Rhavel prova que o verdadeiro fiel n\u00e3o \u00e9 aquele que conquista reinos, destr\u00f3i monstros ou vence batalhas \u2014 mas quem continua semeando os valores de Cristo por onde passa.\u00a0<\/p>\n\n\n\n<p><\/p>\n\n\n\n<p><\/p>\n\n\n\n<figure class=\"wp-block-image aligncenter size-large is-resized\"><img src=\"https:\/\/vimagazine.com.br\/wp-content\/uploads\/2025\/06\/Paulo-Debs-na-Bienal-do-Livro-com-a-@editora-vida-1--822x1024.jpg\" alt=\"\" class=\"wp-image-19014\" width=\"617\" height=\"768\" srcset=\"https:\/\/vimagazine.com.br\/wp-content\/uploads\/2025\/06\/Paulo-Debs-na-Bienal-do-Livro-com-a-@editora-vida-1--822x1024.jpg 822w, https:\/\/vimagazine.com.br\/wp-content\/uploads\/2025\/06\/Paulo-Debs-na-Bienal-do-Livro-com-a-@editora-vida-1--241x300.jpg 241w, https:\/\/vimagazine.com.br\/wp-content\/uploads\/2025\/06\/Paulo-Debs-na-Bienal-do-Livro-com-a-@editora-vida-1--768x957.jpg 768w, https:\/\/vimagazine.com.br\/wp-content\/uploads\/2025\/06\/Paulo-Debs-na-Bienal-do-Livro-com-a-@editora-vida-1--1024x1276.jpg 1024w, https:\/\/vimagazine.com.br\/wp-content\/uploads\/2025\/06\/Paulo-Debs-na-Bienal-do-Livro-com-a-@editora-vida-1-.jpg 1080w\" sizes=\"(max-width: 617px) 100vw, 617px\" \/><\/figure>\n\n\n\n<p><\/p>\n\n\n\n<p><strong>Sobre o autor<\/strong>:&nbsp;<strong>Paulo Debs<\/strong>&nbsp;\u00e9 autor e ilustrador de livros infantis, al\u00e9m de compositor, cartunista, contador de hist\u00f3rias e membro da Academia Internacional de Literatura Brasileira. Com mais de 70 livros publicados, j\u00e1 foi premiado em diversos sal\u00f5es liter\u00e1rios e art\u00edsticos. Entre suas obras de destaque est\u00e3o Prov\u00e9rbios em F\u00e1bulas, O Pequeno Peregrino e O Livro das Virtudes B\u00edblicas. Seu trabalho \u00e9 guiado pela miss\u00e3o de divertir, educar e edificar o car\u00e1ter das novas gera\u00e7\u00f5es por meio da arte e da Palavra de Deus.&nbsp;<\/p>\n\n\n\n<p><strong>Instagram<\/strong>:&nbsp;<a href=\"https:\/\/www.instagram.com\/paulo.debs\/\" target=\"_blank\" rel=\"noreferrer noopener\">@paulo.debs<\/a>&nbsp;<\/p>\n\n\n\n<p><strong>Sobre a editora<\/strong>: A Editora Vida oferece t\u00edtulos nas \u00e1reas infantil, jovem, relacionamentos, espiritualidade, vida crist\u00e3, fic\u00e7\u00e3o, acad\u00eamicos e b\u00edblias. Com enfoque contempor\u00e2neo e respeito a obras cl\u00e1ssicas, promove o crescimento espiritual do leitor. Com mais de 60 anos de destaque na publica\u00e7\u00e3o e venda de literatura crist\u00e3, tamb\u00e9m se firma como relevante distribuidora de B\u00edblias, em diversas vers\u00f5es, edi\u00e7\u00f5es especiais e tradu\u00e7\u00f5es in\u00e9ditas.&nbsp;&nbsp;<\/p>\n\n\n\n<p><strong>Acompanhe a editora nas redes sociais:<\/strong>&nbsp;<a href=\"https:\/\/www.instagram.com\/editoravidakids\/\" target=\"_blank\" rel=\"noreferrer noopener\">@editoravidakids&nbsp;<\/a>|&nbsp;<a href=\"http:\/\/www.instagram.com\/editora_vida\" target=\"_blank\" rel=\"noreferrer noopener\">@editora_vida<\/a>&nbsp;&nbsp;<\/p>\n\n\n\n<p><\/p>\n\n\n\n<p><\/p>\n\n\n\n<p><strong>Ficha t\u00e9cnica<\/strong>:\u00a0<br><strong>T\u00edtulo<\/strong>:\u00a0O Semeador de Virtudes\u00a0<br><strong>Autor<\/strong>: Paulo Debs\u00a0<br><strong>Editora<\/strong>: Vida Kids\u00a0<br><strong>ISBN<\/strong>: 978-65-5584-698-0\u00a0<br><strong>Edi\u00e7\u00e3o<\/strong>: 1\u00aa ed., 2025\u00a0<br><strong>G\u00eanero<\/strong>: literatura infantil\u00a0\u00a0<br><strong>Formato<\/strong>: capa dura, 28 x 22 cm\u00a0<br><strong>P\u00e1ginas<\/strong>: 88\u00a0<br><strong>Pre\u00e7o<\/strong>: R$84,90\u00a0\u00a0<br><strong>Onde encontrar<\/strong>:\u00a0<a href=\"https:\/\/www.amazon.com.br\/Semeador-Virtudes-Paulo-Debs\/dp\/6555846984\" target=\"_blank\" rel=\"noreferrer noopener\">Amazon<\/a>\u00a0e\u00a0<a href=\"https:\/\/www.editoravida.com.br\/o-livro-das-virtudes-biblicas.html\" target=\"_blank\" rel=\"noreferrer noopener\">E-commerce Editora Vida<\/a>\u00a0<\/p>\n\n\n\n<p><\/p>\n\n\n\n<p><\/p>\n\n\n\n<p>Imagens: <em>Divulga\u00e7\u00e3o | Editora Vida &#8211; Vida Kids<\/em><\/p>\n\n\n\n<p><\/p>\n\n\n\n<p><\/p>\n\n\n\n<p><\/p>\n","protected":false},"excerpt":{"rendered":"<p>Em &#8220;O Semeador de Virtudes&#8221;, Paulo Debs ilustra uma aventura sobre o poder de transformar&#8230;<\/p>\n","protected":false},"author":1,"featured_media":19015,"comment_status":"closed","ping_status":"open","sticky":false,"template":"","format":"standard","meta":{"om_disable_all_campaigns":false,"_monsterinsights_skip_tracking":false,"_monsterinsights_sitenote_active":false,"_monsterinsights_sitenote_note":"","_monsterinsights_sitenote_category":0,"spay_email":""},"categories":[1],"tags":[],"jetpack_featured_media_url":"https:\/\/vimagazine.com.br\/wp-content\/uploads\/2025\/06\/Semeador-de-Virtudes-Frente.jpg","_links":{"self":[{"href":"https:\/\/vimagazine.com.br\/index.php?rest_route=\/wp\/v2\/posts\/19013"}],"collection":[{"href":"https:\/\/vimagazine.com.br\/index.php?rest_route=\/wp\/v2\/posts"}],"about":[{"href":"https:\/\/vimagazine.com.br\/index.php?rest_route=\/wp\/v2\/types\/post"}],"author":[{"embeddable":true,"href":"https:\/\/vimagazine.com.br\/index.php?rest_route=\/wp\/v2\/users\/1"}],"replies":[{"embeddable":true,"href":"https:\/\/vimagazine.com.br\/index.php?rest_route=%2Fwp%2Fv2%2Fcomments&post=19013"}],"version-history":[{"count":1,"href":"https:\/\/vimagazine.com.br\/index.php?rest_route=\/wp\/v2\/posts\/19013\/revisions"}],"predecessor-version":[{"id":19017,"href":"https:\/\/vimagazine.com.br\/index.php?rest_route=\/wp\/v2\/posts\/19013\/revisions\/19017"}],"wp:featuredmedia":[{"embeddable":true,"href":"https:\/\/vimagazine.com.br\/index.php?rest_route=\/wp\/v2\/media\/19015"}],"wp:attachment":[{"href":"https:\/\/vimagazine.com.br\/index.php?rest_route=%2Fwp%2Fv2%2Fmedia&parent=19013"}],"wp:term":[{"taxonomy":"category","embeddable":true,"href":"https:\/\/vimagazine.com.br\/index.php?rest_route=%2Fwp%2Fv2%2Fcategories&post=19013"},{"taxonomy":"post_tag","embeddable":true,"href":"https:\/\/vimagazine.com.br\/index.php?rest_route=%2Fwp%2Fv2%2Ftags&post=19013"}],"curies":[{"name":"wp","href":"https:\/\/api.w.org\/{rel}","templated":true}]}}