{"id":19037,"date":"2025-06-16T14:45:01","date_gmt":"2025-06-16T17:45:01","guid":{"rendered":"https:\/\/vimagazine.com.br\/?p=19037"},"modified":"2025-06-16T14:45:03","modified_gmt":"2025-06-16T17:45:03","slug":"fg-empreendimentos-entrega-o-boreal-tower-um-dos-edificios-mais-modernos-e-inovadores-do-pais","status":"publish","type":"post","link":"https:\/\/vimagazine.com.br\/?p=19037","title":{"rendered":"FG Empreendimentos entrega o Boreal Tower, um dos edif\u00edcios mais modernos e inovadores do pa\u00eds"},"content":{"rendered":"\n<p><\/p>\n\n\n\n<p><\/p>\n\n\n\n<p class=\"has-text-align-left has-medium-font-size\"><em><strong>Com tecnologia de ponta, solu\u00e7\u00f5es sustent\u00e1veis e design sofisticado, o empreendimento redefine o conceito de alto padr\u00e3o em Balne\u00e1rio Cambori\u00fa.<\/strong><\/em><br><br><\/p>\n\n\n\n<p>O skyline de Balne\u00e1rio Cambori\u00fa ganhou um novo \u00edcone. A FG Empreendimentos acaba de entregar o Boreal Tower, um dos edif\u00edcios mais modernos e inovadores do pa\u00eds \u2014 um marco de engenharia, arquitetura e estilo de vida.<\/p>\n\n\n\n<p>Com 241 metros de altura, o empreendimento chega ao mercado trazendo um conjunto de solu\u00e7\u00f5es que consolidam a FG como refer\u00eancia em projetos de alto padr\u00e3o e tecnologia no Brasil. Desde o modelo de funda\u00e7\u00e3o in\u00e9dito no pa\u00eds at\u00e9 os sistemas de fachada ventilada e de automa\u00e7\u00e3o predial, o Boreal combina efici\u00eancia, sustentabilidade e conforto em cada detalhe.<\/p>\n\n\n\n<p>&nbsp;&#8220;Estamos entregando uma verdadeira obra-prima da engenharia nacional. O Boreal Tower \u00e9 o resultado de um trabalho minucioso, com a colabora\u00e7\u00e3o de uma equipe t\u00e9cnica altamente especializada e com o uso das melhores tecnologias dispon\u00edveis no mundo. Ele representa um novo patamar de qualidade, seguran\u00e7a e inova\u00e7\u00e3o para nossos clientes&#8221;, destaca Jean Graciola, presidente da FG Empreendimentos.<\/p>\n\n\n\n<p><strong><em>Engenharia de excel\u00eancia: inova\u00e7\u00e3o da funda\u00e7\u00e3o ao acabamento<\/em><\/strong><\/p>\n\n\n\n<p>A engenharia do Boreal Tower \u00e9, por si s\u00f3, um diferencial. A funda\u00e7\u00e3o do edif\u00edcio utilizou a t\u00e9cnica &#8220;piled raft&#8221;, at\u00e9 ent\u00e3o quase in\u00e9dita no Brasil. Um grande bloco de concreto armado foi assentado diretamente no maci\u00e7o rochoso, com estacas para fixa\u00e7\u00e3o e prote\u00e7\u00e3o da vizinhan\u00e7a \u2014 um trabalho complexo e multidisciplinar que priorizou a seguran\u00e7a e o m\u00ednimo impacto urbano.<\/p>\n\n\n\n<p>O sistema estrutural, igualmente inovador, utilizou paredes de concreto como base do sistema de pilares e lajes, eliminando vigas internas. Isso permite uma planta mais livre e flex\u00edvel para os moradores, com ambientes amplos e confort\u00e1veis. A fachada frontal \u00e9 revestida com pele de vidro de alta performance, enquanto o restante do edif\u00edcio utiliza um sistema de fachada ventilada em ACM, o que reduz custos de manuten\u00e7\u00e3o e amplia a durabilidade do edif\u00edcio.<\/p>\n\n\n\n<p>A preocupa\u00e7\u00e3o com o conforto dos futuros moradores tamb\u00e9m se refletiu em solu\u00e7\u00f5es como o contrapiso zero com manta ac\u00fastica customizada, o que garante um isolamento sonoro superior e a absor\u00e7\u00e3o das movimenta\u00e7\u00f5es naturais da estrutura.<\/p>\n\n\n\n<p><strong><em>Efici\u00eancia, seguran\u00e7a e sustentabilidade<\/em><\/strong><\/p>\n\n\n\n<p>Durante toda a obra, a log\u00edstica foi otimizada com um sistema de execu\u00e7\u00e3o que priorizou qualidade, seguran\u00e7a e agilidade: a estrutura do edif\u00edcio foi elevada e imediatamente envolvida pela fachada, criando um canteiro de obras mais limpo, organizado e protegido, com menor impacto para a vizinhan\u00e7a. Quem explica \u00e9 St\u00e9phane Domeneghini, engenheira respons\u00e1vel pelo projeto do Boreal Tower. &#8220;Em termos de seguran\u00e7a, o Boreal Tower segue as mais rigorosas normas do Corpo de Bombeiros de Santa Catarina, com escadas pressurizadas, sprinklers em todos os ambientes e uma central algor\u00edtmica de \u00faltima gera\u00e7\u00e3o que gerencia os sistemas de preven\u00e7\u00e3o e combate a inc\u00eandios&#8221;, complementa.<\/p>\n\n\n\n<p>Al\u00e9m disso, o empreendimento foi entregue com seu carbono neutralizado. &#8220;\u00c9 mais um passo dado pela nossa companhia no compromisso com a constru\u00e7\u00e3o sustent\u00e1vel e a preserva\u00e7\u00e3o do meio ambiente&#8221;, refor\u00e7a Cristiane Froes, gerente de Qualidade da FG Empreendimentos.<\/p>\n\n\n\n<p><\/p>\n\n\n\n<figure class=\"wp-container-2 wp-block-gallery-1 wp-block-gallery has-nested-images columns-3 is-cropped\">\n<figure class=\"wp-block-image size-large\"><img width=\"1920\" height=\"1080\" data-id=\"19038\"  src=\"https:\/\/vimagazine.com.br\/wp-content\/uploads\/2025\/06\/Ambiente.00_00_11_12.Quadro002.jpg\" alt=\"\" class=\"wp-image-19038\" srcset=\"https:\/\/vimagazine.com.br\/wp-content\/uploads\/2025\/06\/Ambiente.00_00_11_12.Quadro002.jpg 1920w, https:\/\/vimagazine.com.br\/wp-content\/uploads\/2025\/06\/Ambiente.00_00_11_12.Quadro002-300x169.jpg 300w, https:\/\/vimagazine.com.br\/wp-content\/uploads\/2025\/06\/Ambiente.00_00_11_12.Quadro002-1024x576.jpg 1024w, https:\/\/vimagazine.com.br\/wp-content\/uploads\/2025\/06\/Ambiente.00_00_11_12.Quadro002-768x432.jpg 768w, https:\/\/vimagazine.com.br\/wp-content\/uploads\/2025\/06\/Ambiente.00_00_11_12.Quadro002-1536x864.jpg 1536w\" sizes=\"(max-width: 1920px) 100vw, 1920px\" \/><\/figure>\n\n\n\n<figure class=\"wp-block-image size-large\"><img width=\"1920\" height=\"1080\" data-id=\"19039\"  src=\"https:\/\/vimagazine.com.br\/wp-content\/uploads\/2025\/06\/Ambiente.00_00_00_00.Quadro010-Copia.jpg\" alt=\"\" class=\"wp-image-19039\" srcset=\"https:\/\/vimagazine.com.br\/wp-content\/uploads\/2025\/06\/Ambiente.00_00_00_00.Quadro010-Copia.jpg 1920w, https:\/\/vimagazine.com.br\/wp-content\/uploads\/2025\/06\/Ambiente.00_00_00_00.Quadro010-Copia-300x169.jpg 300w, https:\/\/vimagazine.com.br\/wp-content\/uploads\/2025\/06\/Ambiente.00_00_00_00.Quadro010-Copia-1024x576.jpg 1024w, https:\/\/vimagazine.com.br\/wp-content\/uploads\/2025\/06\/Ambiente.00_00_00_00.Quadro010-Copia-768x432.jpg 768w, https:\/\/vimagazine.com.br\/wp-content\/uploads\/2025\/06\/Ambiente.00_00_00_00.Quadro010-Copia-1536x864.jpg 1536w\" sizes=\"(max-width: 1920px) 100vw, 1920px\" \/><\/figure>\n\n\n\n<figure class=\"wp-block-image size-large\"><img width=\"1920\" height=\"1080\" data-id=\"19040\"  src=\"https:\/\/vimagazine.com.br\/wp-content\/uploads\/2025\/06\/Ambiente.00_00_05_24.Quadro008.jpg\" alt=\"\" class=\"wp-image-19040\" srcset=\"https:\/\/vimagazine.com.br\/wp-content\/uploads\/2025\/06\/Ambiente.00_00_05_24.Quadro008.jpg 1920w, https:\/\/vimagazine.com.br\/wp-content\/uploads\/2025\/06\/Ambiente.00_00_05_24.Quadro008-300x169.jpg 300w, https:\/\/vimagazine.com.br\/wp-content\/uploads\/2025\/06\/Ambiente.00_00_05_24.Quadro008-1024x576.jpg 1024w, https:\/\/vimagazine.com.br\/wp-content\/uploads\/2025\/06\/Ambiente.00_00_05_24.Quadro008-768x432.jpg 768w, https:\/\/vimagazine.com.br\/wp-content\/uploads\/2025\/06\/Ambiente.00_00_05_24.Quadro008-1536x864.jpg 1536w\" sizes=\"(max-width: 1920px) 100vw, 1920px\" \/><\/figure>\n\n\n\n<figure class=\"wp-block-image size-large\"><img width=\"1920\" height=\"1080\" data-id=\"19041\"  src=\"https:\/\/vimagazine.com.br\/wp-content\/uploads\/2025\/06\/Ambiente.00_00_23_00.Quadro004.jpg\" alt=\"\" class=\"wp-image-19041\" srcset=\"https:\/\/vimagazine.com.br\/wp-content\/uploads\/2025\/06\/Ambiente.00_00_23_00.Quadro004.jpg 1920w, https:\/\/vimagazine.com.br\/wp-content\/uploads\/2025\/06\/Ambiente.00_00_23_00.Quadro004-300x169.jpg 300w, https:\/\/vimagazine.com.br\/wp-content\/uploads\/2025\/06\/Ambiente.00_00_23_00.Quadro004-1024x576.jpg 1024w, https:\/\/vimagazine.com.br\/wp-content\/uploads\/2025\/06\/Ambiente.00_00_23_00.Quadro004-768x432.jpg 768w, https:\/\/vimagazine.com.br\/wp-content\/uploads\/2025\/06\/Ambiente.00_00_23_00.Quadro004-1536x864.jpg 1536w\" sizes=\"(max-width: 1920px) 100vw, 1920px\" \/><\/figure>\n<\/figure>\n\n\n\n<p><\/p>\n\n\n\n<p><strong><em>Design e lifestyle: um apartamento decorado e uma campanha que celebra a exclusividade<\/em><\/strong><\/p>\n\n\n\n<p>Um dos destaques do Boreal Tower \u00e9 o apartamento decorado assinado pela we.arch, empresa de arquitetura do Grupo FG, comandada pela arquiteta Maria Fernanda Wiethorn Aliano. O projeto reflete a ess\u00eancia do empreendimento: sofistica\u00e7\u00e3o, contemporaneidade e conex\u00e3o com o cen\u00e1rio \u00fanico de Balne\u00e1rio Cambori\u00fa.<\/p>\n\n\n\n<p>Para marcar o lan\u00e7amento e posicionar o Boreal como uma verdadeira joia da arquitetura, a FG tamb\u00e9m desenvolveu uma campanha exclusiva, estrelada pela modelo Aline Marquez. Com um tom po\u00e9tico, a a\u00e7\u00e3o celebra o estilo de vida que o Boreal oferece:&nbsp;<em>&#8220;Em um lugar onde o oceano encontra a cidade, onde os sonhos s\u00e3o t\u00e3o grandiosos quanto os arranha-c\u00e9us, um novo marco surge no skyline de Balne\u00e1rio Cambori\u00fa. Inspirado pelas luzes da Aurora Boreal \u2014 intensas, raras e m\u00e1gicas \u2014 o Boreal Tower \u00e9 mais que um \u00edcone: \u00e9 um convite \u00e0 contempla\u00e7\u00e3o, \u00e0 sofistica\u00e7\u00e3o e \u00e0 exclusividade. \u00c9 a vida que pulsa entre o concreto, o c\u00e9u e o mar.&#8221;&nbsp;<\/em>A campanha pode ser acessada nas redes sociais da empresa, no @fgempreendimentos.<\/p>\n\n\n\n<p><strong><em>Um novo cap\u00edtulo para Balne\u00e1rio Cambori\u00fa<\/em><\/strong><\/p>\n\n\n\n<p>A entrega do Boreal Tower refor\u00e7a o protagonismo de Balne\u00e1rio Cambori\u00fa no cen\u00e1rio da constru\u00e7\u00e3o civil e da arquitetura de alto padr\u00e3o. A cidade, que j\u00e1 abriga o maior residencial da Am\u00e9rica Latina (One Tower), agora recebe um dos edif\u00edcios mais modernos do Brasil, consolidando sua imagem como polo de inova\u00e7\u00e3o e qualidade de vida.<\/p>\n\n\n\n<p>&#8220;Nosso compromisso sempre foi o de elevar o padr\u00e3o da constru\u00e7\u00e3o civil no Brasil e criar empreendimentos que tragam um legado para a cidade e para seus moradores. O Boreal Tower \u00e9 mais uma entrega que cumpre esse prop\u00f3sito&#8221;, conclui Jean Graciola.<br><br><\/p>\n\n\n\n<p class=\"has-text-align-left has-medium-font-size\"><br><br><\/p>\n","protected":false},"excerpt":{"rendered":"<p>Com tecnologia de ponta, solu\u00e7\u00f5es sustent\u00e1veis e design sofisticado, o empreendimento redefine o conceito de&#8230;<\/p>\n","protected":false},"author":1,"featured_media":19043,"comment_status":"closed","ping_status":"open","sticky":false,"template":"","format":"standard","meta":{"om_disable_all_campaigns":false,"_monsterinsights_skip_tracking":false,"_monsterinsights_sitenote_active":false,"_monsterinsights_sitenote_note":"","_monsterinsights_sitenote_category":0,"spay_email":""},"categories":[1],"tags":[],"jetpack_featured_media_url":"https:\/\/vimagazine.com.br\/wp-content\/uploads\/2025\/06\/Boreal-Tower_-fachada.jpg","_links":{"self":[{"href":"https:\/\/vimagazine.com.br\/index.php?rest_route=\/wp\/v2\/posts\/19037"}],"collection":[{"href":"https:\/\/vimagazine.com.br\/index.php?rest_route=\/wp\/v2\/posts"}],"about":[{"href":"https:\/\/vimagazine.com.br\/index.php?rest_route=\/wp\/v2\/types\/post"}],"author":[{"embeddable":true,"href":"https:\/\/vimagazine.com.br\/index.php?rest_route=\/wp\/v2\/users\/1"}],"replies":[{"embeddable":true,"href":"https:\/\/vimagazine.com.br\/index.php?rest_route=%2Fwp%2Fv2%2Fcomments&post=19037"}],"version-history":[{"count":1,"href":"https:\/\/vimagazine.com.br\/index.php?rest_route=\/wp\/v2\/posts\/19037\/revisions"}],"predecessor-version":[{"id":19044,"href":"https:\/\/vimagazine.com.br\/index.php?rest_route=\/wp\/v2\/posts\/19037\/revisions\/19044"}],"wp:featuredmedia":[{"embeddable":true,"href":"https:\/\/vimagazine.com.br\/index.php?rest_route=\/wp\/v2\/media\/19043"}],"wp:attachment":[{"href":"https:\/\/vimagazine.com.br\/index.php?rest_route=%2Fwp%2Fv2%2Fmedia&parent=19037"}],"wp:term":[{"taxonomy":"category","embeddable":true,"href":"https:\/\/vimagazine.com.br\/index.php?rest_route=%2Fwp%2Fv2%2Fcategories&post=19037"},{"taxonomy":"post_tag","embeddable":true,"href":"https:\/\/vimagazine.com.br\/index.php?rest_route=%2Fwp%2Fv2%2Ftags&post=19037"}],"curies":[{"name":"wp","href":"https:\/\/api.w.org\/{rel}","templated":true}]}}