{"id":19075,"date":"2025-06-17T13:26:33","date_gmt":"2025-06-17T16:26:33","guid":{"rendered":"https:\/\/vimagazine.com.br\/?p=19075"},"modified":"2025-06-17T13:26:35","modified_gmt":"2025-06-17T16:26:35","slug":"junior-rostirola-emociona-o-publico-no-palco-apoteose-da-bienal-do-livro-do-rio-com-relato-de-superacao-e-fe","status":"publish","type":"post","link":"https:\/\/vimagazine.com.br\/?p=19075","title":{"rendered":"Junior Rostirola emociona o p\u00fablico no Palco Apoteose da Bienal do Livro do Rio com relato de supera\u00e7\u00e3o e f\u00e9"},"content":{"rendered":"\n<p><\/p>\n\n\n\n<p class=\"has-medium-font-size\"><\/p>\n\n\n\n<p class=\"has-medium-font-size\"><em>Autor levou o p\u00fablico \u00e0s l\u00e1grimas ao compartilhar sua hist\u00f3ria marcada por viol\u00eancia, traumas e como a f\u00e9 e a fam\u00edlia foram essenciais para quebrar ciclos e transformar dores em projetos sociais<\/em><\/p>\n\n\n\n<p><\/p>\n\n\n\n<p><\/p>\n\n\n\n<p>O sil\u00eancio tomou conta do Palco Apoteose na Bienal do Livro do Rio na tarde deste domingo. N\u00e3o por falta de palavras, mas pela for\u00e7a delas. O escritor Junior Rostirola emocionou centenas de pessoas ao compartilhar, sem filtros, uma hist\u00f3ria marcada por dor, traumas e supera\u00e7\u00e3o.<\/p>\n\n\n\n<p>Com a voz embargada, relembrou sua inf\u00e2ncia marcada pelo alcoolismo do pai, agress\u00f5es f\u00edsicas e psicol\u00f3gicas, perdas familiares devastadoras e epis\u00f3dios de bullying que o levaram a abandonar a escola aos 13 anos. \u201cMeu av\u00f4 era imigrante italiano, alco\u00f3latra e extremamente violento com a minha av\u00f3. Ele queimava as pernas dela. Ela faleceu aos 26 anos, em decorr\u00eancia da viol\u00eancia sofrida durante o casamento\u201d, revelou, arrancando l\u00e1grimas da plateia.<\/p>\n\n\n\n<p>A dor atravessou gera\u00e7\u00f5es na fam\u00edlia de Junior. Seu pai ficou \u00f3rf\u00e3o aos 9 anos e, sem qualquer refer\u00eancia de afeto ou prote\u00e7\u00e3o, cresceu reproduzindo os mesmos padr\u00f5es de viol\u00eancia. \u201cEle se tornou um homem extremamente agressivo. A viol\u00eancia dele desfigurava minha m\u00e3e\u201d, contou o autor.<\/p>\n\n\n\n<p>Sua m\u00e3e viveu um hist\u00f3rico devastador de perdas. \u201cMinha m\u00e3e apanhou gr\u00e1vida. Um beb\u00ea nasceu prematuro e morreu. O segundo filho resistiu por oito meses, ficou internado, recebeu alta e morreu dias depois. A terceira gravidez foi minha irm\u00e3 Rosana, que ficou no hospital por nove meses, mas tamb\u00e9m n\u00e3o resistiu\u201d, relatou, visivelmente emocionado.<\/p>\n\n\n\n<p>Entre abusos, surras e epis\u00f3dios constantes de viol\u00eancia dom\u00e9stica \u2014 com a pol\u00edcia sendo presen\u00e7a frequente em sua casa \u2014, Junior cresceu se sentindo rejeitado, invis\u00edvel e deslocado. \u201cCheguei ao ponto de tentar arrancar meus pr\u00f3prios olhos. Acreditava que meu pai n\u00e3o me amava porque eu tinha os olhos claros, como os da minha m\u00e3e. Na minha cabe\u00e7a de crian\u00e7a, se meus olhos fossem diferentes, talvez eu fosse aceito, talvez eu fosse amado. Eu n\u00e3o entendia por que n\u00e3o recebia amor\u201d, relembrou, emocionando a plateia.<\/p>\n\n\n\n<p>A virada na vida veio aos 13 anos, quando uma vizinha o convidou para ir \u00e0 igreja. \u201cEles cantavam uma can\u00e7\u00e3o que dizia: \u2018Para te adorar foi que eu nasci. Meu prazer \u00e9 te louvar. Meu prazer \u00e9 estar na casa de amor.\u2019 E aquilo foi um b\u00e1lsamo para mim. Porque at\u00e9 aquele momento, eu n\u00e3o sabia o que era ter uma casa, muito menos amor.\u201d<\/p>\n\n\n\n<p>Foi ali que, segundo ele, come\u00e7ou seu processo de cura. Um caminho longo e doloroso, que se estendeu at\u00e9 os 22 anos. \u201cDeus me falou quem eu era, quem eu n\u00e3o era e quem eu iria me tornar\u201d, disse. \u201cMeu pai foi t\u00e3o v\u00edtima quanto eu. A diferen\u00e7a \u00e9 que eu tive um encontro com Deus e pude quebrar essa maldi\u00e7\u00e3o.\u201d<\/p>\n\n\n\n<p>A jornada de supera\u00e7\u00e3o tamb\u00e9m teve um pilar fundamental: a esposa Michele, com quem est\u00e1 casado h\u00e1 23 anos e que esteve ao seu lado durante a palestra. \u201cEu perguntei para ela: \u2018O que voc\u00ea viu em mim? Eu era muito esquisito.\u2019 E ela respondeu: \u2018Eu vi um homem de Deus.\u2019\u201d<\/p>\n\n\n\n<p>Michele, que tamb\u00e9m participa da Bienal com os livros \u201cAut\u00eantica\u201d e \u201c21 Chaves para uma Vida Aut\u00eantica\u201d, compartilha com J\u00fanior uma hist\u00f3ria de f\u00e9, resili\u00eancia e autenticidade. Ela mesma enfrentou 27 cirurgias ao longo da vida. \u201cSe a cura vier ou n\u00e3o, precisamos entender que vivemos em um mundo de apar\u00eancias, mas o que realmente importa \u00e9 a ess\u00eancia\u201d, declarou.<\/p>\n\n\n\n<p><strong>Das feridas, nasceram prop\u00f3sitos<\/strong><\/p>\n\n\n\n<p>Na palestra, J\u00fanior destacou que decidiu transformar toda dor em miss\u00e3o. \u201cPessoas feridas ferem. Mas pessoas curadas curam. Todas as minhas feridas se transformaram em projetos sociais, que s\u00e3o, na verdade, curas para as minhas pr\u00f3prias feridas\u201d, afirmou.<\/p>\n\n\n\n<p>Essa decis\u00e3o deu origem \u00e0&nbsp;<strong>Associa\u00e7\u00e3o Escolhi Amar<\/strong>, que hoje mant\u00e9m diversos projetos sociais no Brasil e no exterior, levando acolhimento, dignidade e esperan\u00e7a para quem mais precisa. Entre as a\u00e7\u00f5es est\u00e3o:<\/p>\n\n\n\n<ul><li><strong>Lar da Crian\u00e7a Feliz<\/strong>, que acolhe crian\u00e7as de 0 a 12 anos em situa\u00e7\u00e3o de vulnerabilidade;<\/li><li><strong>Lar do Adolescente<\/strong>, que oferece abrigo e suporte a jovens de 12 a 18 anos;<\/li><li><strong>Centro de Recupera\u00e7\u00e3o Feminino Conviver<\/strong>, que acolhe mulheres dependentes qu\u00edmicas e portadoras do v\u00edrus HIV\/AIDS, oferecendo tratamento, acolhimento e reinser\u00e7\u00e3o social;<\/li><li><strong>Mercado Solid\u00e1rio<\/strong>, onde fam\u00edlias em situa\u00e7\u00e3o de vulnerabilidade podem adquirir alimentos a pre\u00e7os simb\u00f3licos, preservando sua dignidade e direito de escolha \u2014 uma iniciativa que j\u00e1 distribuiu centenas de toneladas de alimentos;<\/li><li><strong>Projetos esportivos<\/strong>, que oferecem acesso gratuito a diversas modalidades, criando oportunidades para crian\u00e7as e jovens que, assim como ele no passado, muitas vezes se sentem exclu\u00eddos;<\/li><li><strong>Atendimentos psicol\u00f3gicos gratuitos<\/strong>&nbsp;para pessoas de baixa renda, al\u00e9m de&nbsp;<strong>visitas regulares a pres\u00eddios<\/strong>, levando apoio emocional e espiritual aos encarcerados;<\/li><li>E a&nbsp;<strong>Miss\u00e3o Haiti<\/strong>, que abra\u00e7a uma na\u00e7\u00e3o inteira. Al\u00e9m de fornecer alimenta\u00e7\u00e3o f\u00edsica e espiritual, a miss\u00e3o mant\u00e9m uma escola constru\u00edda em um terreno pr\u00f3prio, que hoje garante acesso \u00e0 educa\u00e7\u00e3o para mais de 200 crian\u00e7as haitianas.<\/li><\/ul>\n\n\n\n<p>\u201cVoc\u00ea opera por quem voc\u00ea \u00e9, n\u00e3o pelas circunst\u00e2ncias\u201d, refor\u00e7ou o autor, sendo ovacionado.<\/p>\n\n\n\n<p><\/p>\n\n\n\n<p><\/p>\n\n\n\n<figure class=\"wp-block-image size-large\"><img width=\"1024\" height=\"576\" src=\"https:\/\/vimagazine.com.br\/wp-content\/uploads\/2025\/06\/Obra-conquistou-o-topo-das-vendas-na-Amazon-em-2024-e-ja-lancou-sua-edicao-de-2025-Foto-Redes-sociais-Cafe-com-Deus-Pai-Reproducao-1024x576.jpg\" alt=\"\" class=\"wp-image-19076\" srcset=\"https:\/\/vimagazine.com.br\/wp-content\/uploads\/2025\/06\/Obra-conquistou-o-topo-das-vendas-na-Amazon-em-2024-e-ja-lancou-sua-edicao-de-2025-Foto-Redes-sociais-Cafe-com-Deus-Pai-Reproducao-1024x576.jpg 1024w, https:\/\/vimagazine.com.br\/wp-content\/uploads\/2025\/06\/Obra-conquistou-o-topo-das-vendas-na-Amazon-em-2024-e-ja-lancou-sua-edicao-de-2025-Foto-Redes-sociais-Cafe-com-Deus-Pai-Reproducao-300x169.jpg 300w, https:\/\/vimagazine.com.br\/wp-content\/uploads\/2025\/06\/Obra-conquistou-o-topo-das-vendas-na-Amazon-em-2024-e-ja-lancou-sua-edicao-de-2025-Foto-Redes-sociais-Cafe-com-Deus-Pai-Reproducao-768x432.jpg 768w, https:\/\/vimagazine.com.br\/wp-content\/uploads\/2025\/06\/Obra-conquistou-o-topo-das-vendas-na-Amazon-em-2024-e-ja-lancou-sua-edicao-de-2025-Foto-Redes-sociais-Cafe-com-Deus-Pai-Reproducao.jpg 1200w\" sizes=\"(max-width: 1024px) 100vw, 1024px\" \/><\/figure>\n\n\n\n<p><strong>Autor de best-sellers e incans\u00e1vel mission\u00e1rio<\/strong><\/p>\n\n\n\n<p>De um menino que abandonou a escola aos 13 anos, J\u00fanior se tornou hoje um autor de sete livros, incluindo o best-seller \u201cCaf\u00e9 com Deus Pai\u201d, refer\u00eancia quando o assunto \u00e9 f\u00e9, supera\u00e7\u00e3o e transforma\u00e7\u00e3o de vidas.<\/p>\n\n\n\n<p>Al\u00e9m da palestra emocionante, ele participa da Bienal do Livro do Rio autografando todos os seus livros \u2014 entre eles os lan\u00e7amentos e relan\u00e7amentos como \u201cEncontrei um Pai\u201d (com nova capa), \u201c30 Dias \u2013 Corpo, Alma e Esp\u00edrito\u201d, \u201cOs Desafios de J\u00fanior\u201d (para o p\u00fablico pr\u00e9-adolescente de 9 a 13 anos), \u201cExpressinho\u201d (para crian\u00e7as at\u00e9 8 anos) e \u201cEntre Cores\u201d, um livro interativo de colorir, pensado para momentos em fam\u00edlia e para aliviar o estresse.<\/p>\n\n\n\n<p>\u201cDeus me deu uma fam\u00edlia linda, uma esposa maravilhosa e um prop\u00f3sito. Aquele menino que abandonou a escola aos 13 anos, quis Deus que se tornasse autor de best-sellers e agente de transforma\u00e7\u00e3o na vida de muitas pessoas\u201d, declarou.<\/p>\n\n\n\n<p><\/p>\n\n\n\n<p><\/p>\n","protected":false},"excerpt":{"rendered":"<p>Autor levou o p\u00fablico \u00e0s l\u00e1grimas ao compartilhar sua hist\u00f3ria marcada por viol\u00eancia, traumas e&#8230;<\/p>\n","protected":false},"author":1,"featured_media":19077,"comment_status":"closed","ping_status":"open","sticky":false,"template":"","format":"standard","meta":{"om_disable_all_campaigns":false,"_monsterinsights_skip_tracking":false,"_monsterinsights_sitenote_active":false,"_monsterinsights_sitenote_note":"","_monsterinsights_sitenote_category":0,"spay_email":""},"categories":[1],"tags":[],"jetpack_featured_media_url":"https:\/\/vimagazine.com.br\/wp-content\/uploads\/2025\/06\/DSC01578.jpg","_links":{"self":[{"href":"https:\/\/vimagazine.com.br\/index.php?rest_route=\/wp\/v2\/posts\/19075"}],"collection":[{"href":"https:\/\/vimagazine.com.br\/index.php?rest_route=\/wp\/v2\/posts"}],"about":[{"href":"https:\/\/vimagazine.com.br\/index.php?rest_route=\/wp\/v2\/types\/post"}],"author":[{"embeddable":true,"href":"https:\/\/vimagazine.com.br\/index.php?rest_route=\/wp\/v2\/users\/1"}],"replies":[{"embeddable":true,"href":"https:\/\/vimagazine.com.br\/index.php?rest_route=%2Fwp%2Fv2%2Fcomments&post=19075"}],"version-history":[{"count":1,"href":"https:\/\/vimagazine.com.br\/index.php?rest_route=\/wp\/v2\/posts\/19075\/revisions"}],"predecessor-version":[{"id":19078,"href":"https:\/\/vimagazine.com.br\/index.php?rest_route=\/wp\/v2\/posts\/19075\/revisions\/19078"}],"wp:featuredmedia":[{"embeddable":true,"href":"https:\/\/vimagazine.com.br\/index.php?rest_route=\/wp\/v2\/media\/19077"}],"wp:attachment":[{"href":"https:\/\/vimagazine.com.br\/index.php?rest_route=%2Fwp%2Fv2%2Fmedia&parent=19075"}],"wp:term":[{"taxonomy":"category","embeddable":true,"href":"https:\/\/vimagazine.com.br\/index.php?rest_route=%2Fwp%2Fv2%2Fcategories&post=19075"},{"taxonomy":"post_tag","embeddable":true,"href":"https:\/\/vimagazine.com.br\/index.php?rest_route=%2Fwp%2Fv2%2Ftags&post=19075"}],"curies":[{"name":"wp","href":"https:\/\/api.w.org\/{rel}","templated":true}]}}