{"id":19110,"date":"2025-06-20T15:55:11","date_gmt":"2025-06-20T18:55:11","guid":{"rendered":"https:\/\/vimagazine.com.br\/?p=19110"},"modified":"2025-06-20T15:55:11","modified_gmt":"2025-06-20T18:55:11","slug":"dra-luciane-sippert-inspira-publico-com-palestra-sobre-comunicacao-estrategica","status":"publish","type":"post","link":"https:\/\/vimagazine.com.br\/?p=19110","title":{"rendered":"Dra. Luciane Sippert inspira p\u00fablico  com palestra sobre comunica\u00e7\u00e3o estrat\u00e9gica"},"content":{"rendered":"\n<figure class=\"wp-block-image aligncenter size-large is-resized\"><img src=\"https:\/\/vimagazine.com.br\/wp-content\/uploads\/2025\/06\/WhatsApp-Image-2025-06-20-at-14.45.53-614x1024.jpeg\" alt=\"\" class=\"wp-image-19111\" width=\"393\" height=\"655\" srcset=\"https:\/\/vimagazine.com.br\/wp-content\/uploads\/2025\/06\/WhatsApp-Image-2025-06-20-at-14.45.53-614x1024.jpeg 614w, https:\/\/vimagazine.com.br\/wp-content\/uploads\/2025\/06\/WhatsApp-Image-2025-06-20-at-14.45.53-180x300.jpeg 180w, https:\/\/vimagazine.com.br\/wp-content\/uploads\/2025\/06\/WhatsApp-Image-2025-06-20-at-14.45.53-768x1280.jpeg 768w, https:\/\/vimagazine.com.br\/wp-content\/uploads\/2025\/06\/WhatsApp-Image-2025-06-20-at-14.45.53-922x1536.jpeg 922w, https:\/\/vimagazine.com.br\/wp-content\/uploads\/2025\/06\/WhatsApp-Image-2025-06-20-at-14.45.53.jpeg 960w\" sizes=\"(max-width: 393px) 100vw, 393px\" \/><\/figure>\n\n\n\n<figure class=\"wp-block-image size-large\"><img width=\"1024\" height=\"810\" src=\"https:\/\/vimagazine.com.br\/wp-content\/uploads\/2025\/06\/WhatsApp-Image-2025-06-20-at-14.44.57-1024x810.jpeg\" alt=\"\" class=\"wp-image-19112\" srcset=\"https:\/\/vimagazine.com.br\/wp-content\/uploads\/2025\/06\/WhatsApp-Image-2025-06-20-at-14.44.57-1024x810.jpeg 1024w, https:\/\/vimagazine.com.br\/wp-content\/uploads\/2025\/06\/WhatsApp-Image-2025-06-20-at-14.44.57-300x237.jpeg 300w, https:\/\/vimagazine.com.br\/wp-content\/uploads\/2025\/06\/WhatsApp-Image-2025-06-20-at-14.44.57-768x608.jpeg 768w, https:\/\/vimagazine.com.br\/wp-content\/uploads\/2025\/06\/WhatsApp-Image-2025-06-20-at-14.44.57-1536x1215.jpeg 1536w, https:\/\/vimagazine.com.br\/wp-content\/uploads\/2025\/06\/WhatsApp-Image-2025-06-20-at-14.44.57.jpeg 1600w\" sizes=\"(max-width: 1024px) 100vw, 1024px\" \/><\/figure>\n\n\n\n<p><em>Especialista participou da Feira Polointer com apresenta\u00e7\u00e3o pr\u00e1tica sobre como destravar a fala, escuta e presen\u00e7a para alcan\u00e7ar melhores resultados profissionais&nbsp;<\/em><\/p>\n\n\n\n<p>A especialista em comunica\u00e7\u00e3o estrat\u00e9gica e intelig\u00eancia emocional, Dra. Luciane Sippert, foi uma das palestrantes da 2\u00aa edi\u00e7\u00e3o da Feira Polointer, realizada de 11 a 15 de junho, no Centro de Eventos Helder Galera, em Votuporanga (SP). Com o tema \u201cDestrave sua Comunica\u00e7\u00e3o e Enrique\u00e7a\u201d, a palestra aconteceu no dia 12 de junho e prop\u00f4s uma imers\u00e3o pr\u00e1tica sobre como liberar o potencial da fala, da escuta ativa e da presen\u00e7a para alavancar resultados profissionais e financeiros.&nbsp;<\/p>\n\n\n\n<p>O evento, que trouxe como inspira\u00e7\u00e3o a sofistica\u00e7\u00e3o e o charme de Paris, reuniu empres\u00e1rios, arquitetos, designers e profissionais da constru\u00e7\u00e3o civil de v\u00e1rias regi\u00f5es do pa\u00eds. A programa\u00e7\u00e3o valorizou o networking estrat\u00e9gico e a troca de experi\u00eancias, promovendo conex\u00f5es de alto valor para os setores envolvidos.&nbsp;<\/p>\n\n\n\n<p>Al\u00e9m da palestra, Dra. Luciane participou do lan\u00e7amento oficial do livro \u201cO Segredo dos Impar\u00e1veis em A\u00e7\u00e3o\u201d, obra coletiva que se tornou best-seller na Amazon. O livro re\u00fane 16 hist\u00f3rias de supera\u00e7\u00e3o, lideran\u00e7a e empreendedorismo. No cap\u00edtulo assinado por Luciane, ela compartilha parte de sua trajet\u00f3ria e reflex\u00f5es sobre mentalidade pr\u00f3spera, protagonismo feminino e comunica\u00e7\u00e3o transformadora. A publica\u00e7\u00e3o foi prefaciada por Cida Hess, que tamb\u00e9m esteve presente no evento ao lado de outros autores.&nbsp;<\/p>\n\n\n\n<p>Promovida pelo Sebrae e pela PoloInter, a feira reafirmou seu compromisso com a inova\u00e7\u00e3o, o crescimento sustent\u00e1vel e o est\u00edmulo \u00e0 integra\u00e7\u00e3o entre diferentes \u00e1reas da economia criativa e da constru\u00e7\u00e3o civil.&nbsp;<\/p>\n","protected":false},"excerpt":{"rendered":"<p>Especialista participou da Feira Polointer com apresenta\u00e7\u00e3o pr\u00e1tica sobre como destravar a fala, escuta e&#8230;<\/p>\n","protected":false},"author":19,"featured_media":19113,"comment_status":"closed","ping_status":"open","sticky":false,"template":"","format":"standard","meta":{"om_disable_all_campaigns":false,"_monsterinsights_skip_tracking":false,"_monsterinsights_sitenote_active":false,"_monsterinsights_sitenote_note":"","_monsterinsights_sitenote_category":0,"spay_email":""},"categories":[1],"tags":[],"jetpack_featured_media_url":"https:\/\/vimagazine.com.br\/wp-content\/uploads\/2025\/06\/WhatsApp-Image-2025-06-20-at-14.49.44-1-1.jpeg","_links":{"self":[{"href":"https:\/\/vimagazine.com.br\/index.php?rest_route=\/wp\/v2\/posts\/19110"}],"collection":[{"href":"https:\/\/vimagazine.com.br\/index.php?rest_route=\/wp\/v2\/posts"}],"about":[{"href":"https:\/\/vimagazine.com.br\/index.php?rest_route=\/wp\/v2\/types\/post"}],"author":[{"embeddable":true,"href":"https:\/\/vimagazine.com.br\/index.php?rest_route=\/wp\/v2\/users\/19"}],"replies":[{"embeddable":true,"href":"https:\/\/vimagazine.com.br\/index.php?rest_route=%2Fwp%2Fv2%2Fcomments&post=19110"}],"version-history":[{"count":1,"href":"https:\/\/vimagazine.com.br\/index.php?rest_route=\/wp\/v2\/posts\/19110\/revisions"}],"predecessor-version":[{"id":19114,"href":"https:\/\/vimagazine.com.br\/index.php?rest_route=\/wp\/v2\/posts\/19110\/revisions\/19114"}],"wp:featuredmedia":[{"embeddable":true,"href":"https:\/\/vimagazine.com.br\/index.php?rest_route=\/wp\/v2\/media\/19113"}],"wp:attachment":[{"href":"https:\/\/vimagazine.com.br\/index.php?rest_route=%2Fwp%2Fv2%2Fmedia&parent=19110"}],"wp:term":[{"taxonomy":"category","embeddable":true,"href":"https:\/\/vimagazine.com.br\/index.php?rest_route=%2Fwp%2Fv2%2Fcategories&post=19110"},{"taxonomy":"post_tag","embeddable":true,"href":"https:\/\/vimagazine.com.br\/index.php?rest_route=%2Fwp%2Fv2%2Ftags&post=19110"}],"curies":[{"name":"wp","href":"https:\/\/api.w.org\/{rel}","templated":true}]}}