{"id":19177,"date":"2025-06-25T18:09:01","date_gmt":"2025-06-25T21:09:01","guid":{"rendered":"https:\/\/vimagazine.com.br\/?p=19177"},"modified":"2025-06-25T18:29:35","modified_gmt":"2025-06-25T21:29:35","slug":"artesas-de-joinville-expoem-no-rio-de-janeiro-com-apoio-do-sebrae-sc","status":"publish","type":"post","link":"https:\/\/vimagazine.com.br\/?p=19177","title":{"rendered":"Artes\u00e3s de Joinville exp\u00f5em no Rio de Janeiro com apoio do Sebrae\/SC"},"content":{"rendered":"\n<figure class=\"wp-block-image size-large\"><img width=\"1024\" height=\"576\" src=\"https:\/\/vimagazine.com.br\/wp-content\/uploads\/2025\/06\/WhatsApp-Image-2025-06-25-at-14.29.06-1024x576.jpeg\" alt=\"\" class=\"wp-image-19178\" srcset=\"https:\/\/vimagazine.com.br\/wp-content\/uploads\/2025\/06\/WhatsApp-Image-2025-06-25-at-14.29.06-1024x576.jpeg 1024w, https:\/\/vimagazine.com.br\/wp-content\/uploads\/2025\/06\/WhatsApp-Image-2025-06-25-at-14.29.06-300x169.jpeg 300w, https:\/\/vimagazine.com.br\/wp-content\/uploads\/2025\/06\/WhatsApp-Image-2025-06-25-at-14.29.06-768x432.jpeg 768w, https:\/\/vimagazine.com.br\/wp-content\/uploads\/2025\/06\/WhatsApp-Image-2025-06-25-at-14.29.06-1536x864.jpeg 1536w, https:\/\/vimagazine.com.br\/wp-content\/uploads\/2025\/06\/WhatsApp-Image-2025-06-25-at-14.29.06.jpeg 1600w\" sizes=\"(max-width: 1024px) 100vw, 1024px\" \/><\/figure>\n\n\n\n<p><em>Exposi\u00e7\u00e3o \u201cSinta o Sul \u2013 Bioma Mata Atl\u00e2ntica\u201d destaca diversidade cultural e sustentabilidade da regi\u00e3o Sul e conta com a participa\u00e7\u00e3o de Ana Luiza Gern e Elisa Baasch<\/em><\/p>\n\n\n\n<p>Com incentivo do Sebrae\/SC, duas artes\u00e3s de Joinville est\u00e3o representando Santa Catarina na exposi\u00e7\u00e3o \u201cSinta o Sul \u2013 Bioma Mata Atl\u00e2ntica\u201d, em cartaz no Centro Sebrae de Refer\u00eancia do Artesanato Brasileiro (CRAB), no Rio de Janeiro. A mostra celebra a identidade cultural dos tr\u00eas estados do Sul e re\u00fane pe\u00e7as artesanais que traduzem a conex\u00e3o entre territ\u00f3rio, biodiversidade e tradi\u00e7\u00e3o.<\/p>\n\n\n\n<p>A joinvilense Ana Luiza Gern apresenta dois Cestos Ninhos da cole\u00e7\u00e3o O Abra\u00e7o, criados com ourela de malha \u2013 uma mat\u00e9ria-prima de descarte da ind\u00fastria t\u00eaxtil \u2013 e acabamento com bolas de t\u00eanis reaproveitadas, que funcionam como pezinhos. A produ\u00e7\u00e3o \u00e9 feita por um coletivo de mulheres liderado por Ana, que utiliza a t\u00e9cnica do croch\u00ea para dar forma \u00e0s pe\u00e7as. \u201cNossos cestos s\u00e3o isso: envolver-se em tramas como em um abra\u00e7o. Um lugar de calor e acolhimento\u201d, define. Ela complementa: \u201cCom gratid\u00e3o e rever\u00eancia \u00e0 minha m\u00e3e, uma artista generosa, nosso trabalho carrega uma ess\u00eancia criativa, sustent\u00e1vel e afetuosa\u201d.<\/p>\n\n\n\n<p>Tamb\u00e9m de Joinville, a estilista e artes\u00e3 Elisa Baasch \u00e9 fundadora da EKO.ART e apresenta na mostra quadros decorativos e utilit\u00e1rios com aplica\u00e7\u00e3o resinada de plantas naturais, produzidos com madeira reaproveitada e folhas cultivadas na pr\u00f3pria casa da artista. \u201cCriamos a EKO.ART com o prop\u00f3sito de levar a diversidade da Mata Atl\u00e2ntica para dentro da casa das pessoas. Usamos materiais reciclados e cada pe\u00e7a busca transmitir a import\u00e2ncia da preserva\u00e7\u00e3o do bioma\u201d, explica Elisa.<\/p>\n\n\n\n<p>Para a artes\u00e3, estar na exposi\u00e7\u00e3o \u00e9 um reconhecimento importante. \u201cSer selecionada foi motivo de grande alegria e emo\u00e7\u00e3o. Estar em um local que \u00e9 refer\u00eancia no artesanato brasileiro mostra que estamos no caminho certo. Vendas e contatos est\u00e3o sendo realizados diariamente\u201d, destaca. Atuando no setor artesanal desde 2007, Elisa tem participado de importantes mostras nacionais, como \u201cBrasil Original\u201d, em Bras\u00edlia, e \u201cM\u00e3os da Terra\u201d, em S\u00e3o Paulo, com apoio do Sebrae\/SC. \u201cNossa parceria com o Sebrae vem de longa data, incluindo feiras e capacita\u00e7\u00f5es que contribu\u00edram diretamente para a evolu\u00e7\u00e3o do nosso trabalho\u201d, afirma.<\/p>\n\n\n\n<p>A exposi\u00e7\u00e3o \u00e9 uma iniciativa in\u00e9dita do Sebrae\/SC, Sebrae\/PR e Sebrae\/RS, em parceria com o CRAB, e apresenta ao p\u00fablico mais de 850 produtos elaborados por 130 artes\u00e3os dos tr\u00eas estados. A curadoria, assinada por Silvia Baggio, combina arte, tradi\u00e7\u00e3o e elementos audiovisuais que transportam o visitante \u00e0 viv\u00eancia sulista.<\/p>\n\n\n\n<p>\u201cO CRAB \u00e9 uma vitrine do que h\u00e1 de melhor no artesanato brasileiro. Essa parceria \u00e9 uma oportunidade \u00fanica de divulgar para o Brasil e o mundo o artesanato de excel\u00eancia produzido no Sul, al\u00e9m da diversidade cultural, tur\u00edstica e gastron\u00f4mica dos nossos territ\u00f3rios\u201d, afirma o diretor t\u00e9cnico do Sebrae\/SC, Fabio B\u00farigo Zanuzzi.<\/p>\n\n\n\n<p>Al\u00e9m de promover a valoriza\u00e7\u00e3o dos saberes tradicionais e das t\u00e9cnicas transmitidas entre gera\u00e7\u00f5es, a mostra tamb\u00e9m fomenta a educa\u00e7\u00e3o ambiental. Os visitantes s\u00e3o convidados a refletir sobre sustentabilidade, consumo consciente e preserva\u00e7\u00e3o da Mata Atl\u00e2ntica, presente nos tr\u00eas estados sulistas.<\/p>\n\n\n\n<p>A exposi\u00e7\u00e3o \u201cSinta o Sul \u2013 Bioma Mata Atl\u00e2ntica\u201d conta com apoio das federa\u00e7\u00f5es do com\u00e9rcio (Fecom\u00e9rcio-SC, RS e PR) e dos governos estaduais do Sul do Brasil.<\/p>\n\n\n\n<p><strong>SERVI\u00c7O<\/strong><\/p>\n\n\n\n<p>O qu\u00ea: Exposi\u00e7\u00e3o \u201cSinta o Sul \u2013 Bioma Mata Atl\u00e2ntica\u201d<\/p>\n\n\n\n<p>Quando: at\u00e9 15 de outubro, de ter\u00e7a a s\u00e1bado, das 10h \u00e0s 17h<\/p>\n\n\n\n<p>Onde: Centro Sebrae de Refer\u00eancia do Artesanato Brasileiro (CRAB), Pra\u00e7a Tiradentes 69\/71, Centro, Rio de Janeiro<\/p>\n\n\n\n<p>Quanto: Entrada gratuita (mediante apresenta\u00e7\u00e3o de documento com foto)<\/p>\n\n\n\n<p>Site: <a href=\"https:\/\/crab.sebrae.com.br\">https:\/\/crab.sebrae.com.br<\/a><\/p>\n","protected":false},"excerpt":{"rendered":"<p>Exposi\u00e7\u00e3o \u201cSinta o Sul \u2013 Bioma Mata Atl\u00e2ntica\u201d destaca diversidade cultural e sustentabilidade da regi\u00e3o&#8230;<\/p>\n","protected":false},"author":20,"featured_media":0,"comment_status":"closed","ping_status":"open","sticky":false,"template":"","format":"standard","meta":{"om_disable_all_campaigns":false,"_monsterinsights_skip_tracking":false,"_monsterinsights_sitenote_active":false,"_monsterinsights_sitenote_note":"","_monsterinsights_sitenote_category":0,"spay_email":""},"categories":[1],"tags":[],"jetpack_featured_media_url":"","_links":{"self":[{"href":"https:\/\/vimagazine.com.br\/index.php?rest_route=\/wp\/v2\/posts\/19177"}],"collection":[{"href":"https:\/\/vimagazine.com.br\/index.php?rest_route=\/wp\/v2\/posts"}],"about":[{"href":"https:\/\/vimagazine.com.br\/index.php?rest_route=\/wp\/v2\/types\/post"}],"author":[{"embeddable":true,"href":"https:\/\/vimagazine.com.br\/index.php?rest_route=\/wp\/v2\/users\/20"}],"replies":[{"embeddable":true,"href":"https:\/\/vimagazine.com.br\/index.php?rest_route=%2Fwp%2Fv2%2Fcomments&post=19177"}],"version-history":[{"count":1,"href":"https:\/\/vimagazine.com.br\/index.php?rest_route=\/wp\/v2\/posts\/19177\/revisions"}],"predecessor-version":[{"id":19179,"href":"https:\/\/vimagazine.com.br\/index.php?rest_route=\/wp\/v2\/posts\/19177\/revisions\/19179"}],"wp:attachment":[{"href":"https:\/\/vimagazine.com.br\/index.php?rest_route=%2Fwp%2Fv2%2Fmedia&parent=19177"}],"wp:term":[{"taxonomy":"category","embeddable":true,"href":"https:\/\/vimagazine.com.br\/index.php?rest_route=%2Fwp%2Fv2%2Fcategories&post=19177"},{"taxonomy":"post_tag","embeddable":true,"href":"https:\/\/vimagazine.com.br\/index.php?rest_route=%2Fwp%2Fv2%2Ftags&post=19177"}],"curies":[{"name":"wp","href":"https:\/\/api.w.org\/{rel}","templated":true}]}}