{"id":19184,"date":"2025-06-27T12:27:29","date_gmt":"2025-06-27T15:27:29","guid":{"rendered":"https:\/\/vimagazine.com.br\/?p=19184"},"modified":"2025-06-27T12:30:37","modified_gmt":"2025-06-27T15:30:37","slug":"garotinha-de-ribeirao-preto-representara-o-brasil-no-miss-universo-mirim-na-colombia-e-busca-apoio-para-realizar-sonho-internacional","status":"publish","type":"post","link":"https:\/\/vimagazine.com.br\/?p=19184","title":{"rendered":"Garotinha de Ribeir\u00e3o Preto representar\u00e1 o Brasil no Miss Universo Mirim na Col\u00f4mbia e busca apoio para realizar sonho internacional"},"content":{"rendered":"\n<p><br><br><\/p>\n\n\n\n<p>Aos 8 anos de idade, a pequena&nbsp;<strong>Maria Alice Paci\u00eancia<\/strong>, natural de&nbsp;<strong>Ribeir\u00e3o Preto (SP)<\/strong>, se prepara para viver uma experi\u00eancia \u00fanica: ela foi selecionada para representar o&nbsp;<strong>Brasil<\/strong>&nbsp;no&nbsp;<strong>Miss Universo Mirim<\/strong>, que ser\u00e1 realizado no dia&nbsp;<strong>26 de julho, na Col\u00f4mbia<\/strong>. A conquista \u00e9 motivo de orgulho para a fam\u00edlia e para a cidade, mas tamb\u00e9m traz desafios \u2014 os pais da jovem candidata buscam&nbsp;<strong>patrocinadores e apoio financeiro<\/strong>&nbsp;para viabilizar a viagem e a participa\u00e7\u00e3o da filha no concurso internacional.<\/p>\n\n\n\n<p>Em 2024, Maria foi eleita Mini Miss Brasil internet (a mais votada pela web) e Vice Mini Miss Brasil, onde concorreu com 25 candidatas. Foi ent\u00e3o com esses t\u00edtulos que ela foi coroada esse ano em S\u00e3o Jos\u00e9 Florian\u00f3polis SC como Mini Miss Universo Brasil 2025, onde ela ir\u00e1 para Catargena das \u00cdndias representar nosso pa\u00eds!<\/p>\n\n\n\n<p>Com carisma, presen\u00e7a de palco e um sorriso encantador, Maria Alice j\u00e1 participou de concursos nacionais e agora ter\u00e1 a chance de mostrar seu talento e representar o pa\u00eds diante de concorrentes do mundo todo. A viagem e o processo de prepara\u00e7\u00e3o, no entanto, envolvem&nbsp;<strong>custos elevados<\/strong>, que incluem passagens a\u00e9reas, hospedagem, roupas, produ\u00e7\u00e3o e taxas do evento.<\/p>\n\n\n\n<figure class=\"wp-container-2 wp-block-gallery-1 wp-block-gallery has-nested-images columns-1 is-cropped\">\n<figure class=\"wp-block-image size-large\"><img width=\"935\" height=\"1562\" data-id=\"19186\"  src=\"https:\/\/vimagazine.com.br\/wp-content\/uploads\/2025\/06\/Maria-02.jpg\" alt=\"\" class=\"wp-image-19186\" srcset=\"https:\/\/vimagazine.com.br\/wp-content\/uploads\/2025\/06\/Maria-02.jpg 935w, https:\/\/vimagazine.com.br\/wp-content\/uploads\/2025\/06\/Maria-02-180x300.jpg 180w, https:\/\/vimagazine.com.br\/wp-content\/uploads\/2025\/06\/Maria-02-613x1024.jpg 613w, https:\/\/vimagazine.com.br\/wp-content\/uploads\/2025\/06\/Maria-02-768x1283.jpg 768w, https:\/\/vimagazine.com.br\/wp-content\/uploads\/2025\/06\/Maria-02-919x1536.jpg 919w\" sizes=\"(max-width: 935px) 100vw, 935px\" \/><\/figure>\n<\/figure>\n\n\n\n<p><\/p>\n\n\n\n<p><strong>Rafaela Cardoso<\/strong>, m\u00e3e da menina, faz um apelo emocionado:<\/p>\n\n\n\n<p><em>\u201cEstamos muito felizes com essa oportunidade \u00fanica para a Maria Alice, que sempre sonhou em brilhar nos palcos. Mas precisamos de apoio. Qualquer ajuda, patroc\u00ednio ou parceria ser\u00e1 muito bem-vinda. \u00c9 um sonho que n\u00e3o \u00e9 s\u00f3 dela \u2014 \u00e9 da nossa fam\u00edlia e de todos que acreditam no talento das crian\u00e7as brasileiras.\u201d<\/em><\/p>\n\n\n\n<p>A fam\u00edlia est\u00e1 aberta a parcerias com empresas e pessoas f\u00edsicas interessadas em apoiar essa jornada. Os patrocinadores ter\u00e3o\u00a0<strong>visibilidade nas redes sociais da candidata, m\u00eddias locais e nas apari\u00e7\u00f5es oficiais do concurso<\/strong>, sendo uma oportunidade de associar sua marca a um projeto de supera\u00e7\u00e3o, talento e representatividade brasileira.<br><br>Para mais informa\u00e7\u00f5es, apoio ou parcerias, entre em contato com\u00a0<strong>Rafaela Cardoso<\/strong> (Respons\u00e1vel pela Maria Alice):<br>\ud83d\udcde (16) 99295-6044<br>\ud83d\udcf8 Instagram:\u00a0<a href=\"https:\/\/www.instagram.com\/mariaalicepaciencia\" target=\"_blank\" rel=\"noreferrer noopener\">@mariaalicepaciencia<\/a><\/p>\n","protected":false},"excerpt":{"rendered":"<p>Aos 8 anos de idade, a pequena&nbsp;Maria Alice Paci\u00eancia, natural de&nbsp;Ribeir\u00e3o Preto (SP), se prepara&#8230;<\/p>\n","protected":false},"author":1,"featured_media":19189,"comment_status":"closed","ping_status":"open","sticky":false,"template":"","format":"standard","meta":{"om_disable_all_campaigns":false,"_monsterinsights_skip_tracking":false,"_monsterinsights_sitenote_active":false,"_monsterinsights_sitenote_note":"","_monsterinsights_sitenote_category":0,"spay_email":""},"categories":[27],"tags":[],"jetpack_featured_media_url":"https:\/\/vimagazine.com.br\/wp-content\/uploads\/2025\/06\/Maria-01-1.jpg","_links":{"self":[{"href":"https:\/\/vimagazine.com.br\/index.php?rest_route=\/wp\/v2\/posts\/19184"}],"collection":[{"href":"https:\/\/vimagazine.com.br\/index.php?rest_route=\/wp\/v2\/posts"}],"about":[{"href":"https:\/\/vimagazine.com.br\/index.php?rest_route=\/wp\/v2\/types\/post"}],"author":[{"embeddable":true,"href":"https:\/\/vimagazine.com.br\/index.php?rest_route=\/wp\/v2\/users\/1"}],"replies":[{"embeddable":true,"href":"https:\/\/vimagazine.com.br\/index.php?rest_route=%2Fwp%2Fv2%2Fcomments&post=19184"}],"version-history":[{"count":2,"href":"https:\/\/vimagazine.com.br\/index.php?rest_route=\/wp\/v2\/posts\/19184\/revisions"}],"predecessor-version":[{"id":19191,"href":"https:\/\/vimagazine.com.br\/index.php?rest_route=\/wp\/v2\/posts\/19184\/revisions\/19191"}],"wp:featuredmedia":[{"embeddable":true,"href":"https:\/\/vimagazine.com.br\/index.php?rest_route=\/wp\/v2\/media\/19189"}],"wp:attachment":[{"href":"https:\/\/vimagazine.com.br\/index.php?rest_route=%2Fwp%2Fv2%2Fmedia&parent=19184"}],"wp:term":[{"taxonomy":"category","embeddable":true,"href":"https:\/\/vimagazine.com.br\/index.php?rest_route=%2Fwp%2Fv2%2Fcategories&post=19184"},{"taxonomy":"post_tag","embeddable":true,"href":"https:\/\/vimagazine.com.br\/index.php?rest_route=%2Fwp%2Fv2%2Ftags&post=19184"}],"curies":[{"name":"wp","href":"https:\/\/api.w.org\/{rel}","templated":true}]}}