{"id":19363,"date":"2025-07-01T14:40:48","date_gmt":"2025-07-01T17:40:48","guid":{"rendered":"https:\/\/vimagazine.com.br\/?p=19363"},"modified":"2025-07-01T14:40:49","modified_gmt":"2025-07-01T17:40:49","slug":"vem-ai-segunda-edicao-da-abup-show-acontece-entre-12-e-15-de-agosto-no-pro-magno-centro-de-eventos","status":"publish","type":"post","link":"https:\/\/vimagazine.com.br\/?p=19363","title":{"rendered":"Vem a\u00ed: segunda edi\u00e7\u00e3o da ABUP SHOW acontece entre 12 e 15 de agosto, no PRO MAGNO Centro de Eventos"},"content":{"rendered":"\n<p class=\"has-text-align-center\"><br><br><em><strong>Com foco no setor de B2B, a 2\u00aa edi\u00e7\u00e3o do evento no ano acontece daqui a poucas semanas e j\u00e1 re\u00fane quase 200 expositores. A feira apresenta empresas de todo o Brasil nos segmentos de decora\u00e7\u00e3o, design autoral, artesanato, mesa posta, utilidades dom\u00e9sticas, t\u00eaxteis e presentes. O credenciamento para profissionais do setor j\u00e1 pode ser feito pelo site da ABUP<\/strong><\/em><\/p>\n\n\n\n<p><\/p>\n\n\n\n<p><\/p>\n\n\n\n<figure class=\"wp-block-image size-large\"><img width=\"1024\" height=\"358\" src=\"https:\/\/vimagazine.com.br\/wp-content\/uploads\/2025\/07\/49bc44ea-582b-45fb-9b67-1439322582ae-1024x358.jpg\" alt=\"\" class=\"wp-image-19364\" srcset=\"https:\/\/vimagazine.com.br\/wp-content\/uploads\/2025\/07\/49bc44ea-582b-45fb-9b67-1439322582ae-1024x358.jpg 1024w, https:\/\/vimagazine.com.br\/wp-content\/uploads\/2025\/07\/49bc44ea-582b-45fb-9b67-1439322582ae-300x105.jpg 300w, https:\/\/vimagazine.com.br\/wp-content\/uploads\/2025\/07\/49bc44ea-582b-45fb-9b67-1439322582ae-768x269.jpg 768w, https:\/\/vimagazine.com.br\/wp-content\/uploads\/2025\/07\/49bc44ea-582b-45fb-9b67-1439322582ae-1536x538.jpg 1536w, https:\/\/vimagazine.com.br\/wp-content\/uploads\/2025\/07\/49bc44ea-582b-45fb-9b67-1439322582ae.jpg 1920w\" sizes=\"(max-width: 1024px) 100vw, 1024px\" \/><\/figure>\n\n\n\n<p><\/p>\n\n\n\n<p class=\"has-text-align-center\"><em>Vaso da Cole\u00e7\u00e3o Serengeti, da 6F Decora\u00e7\u00f5es; vela perfumada da linha Mayfair, da M. Victoria; centro de mesa Spin da St. James; vasos e utens\u00edlios da cole\u00e7\u00e3o Fragmentos Neomodernistas, de Gabriel Fernandes para Casa Bonita. Esses s\u00e3o alguns dos produtos que ser\u00e3o apresentados na feira \/ Divulga\u00e7\u00e3o ABUP\u00a0<\/em><br><br><\/p>\n\n\n\n<p><\/p>\n\n\n\n<p>Faltam poucas semanas para a pr\u00f3xima&nbsp;<strong>ABUP SHOW<\/strong>! Entre os&nbsp;<strong>dias 12 e 15 de agosto<\/strong>, a cidade de S\u00e3o Paulo recebe a segunda edi\u00e7\u00e3o do evento em 2025, desta vez no&nbsp;<strong>PRO MAGNO Centro de Eventos<\/strong>, localizado na Zona Norte da capital paulista. O credenciamento online para lojistas, profissionais do segmento de decora\u00e7\u00e3o (como arquitetos, designers e personal organizers) e imprensa j\u00e1 pode ser feito atrav\u00e9s do site da ABUP (<a href=\"https:\/\/click.cse360.com.br\/Click\/AddCampaignEmailClick\/2e39ace4-7a6c-47cc-0c52-08ddb8925337\/http%253a%252f%252fwww.abup.com.br%252fabupshow_promagno\/84a13bf5-1001-4b37-93cf-9aa5931b4a9b\/vimagazine@vimagazine.com.br\/True\" rel=\"noreferrer noopener\" target=\"_blank\">www.abup.com.br\/abupshow_promagno<\/a>).<\/p>\n\n\n\n<p>J\u00e1 est\u00e3o confirmadas quase 200 empresas expositoras vindas de todas as partes do pa\u00eds. Entre as participantes est\u00e3o grandes nomes como 6F Decora\u00e7\u00f5es, A Oficina da Ro\u00e7a (Tra\u00e7o Um), Bella Janela, Bella Vita, Casa Bonita, Herbo, Iludi Design, LENVIE, MCassab, Marco500, Resimetal, St. James, Strauss, Sui Objetos etc. Esta edi\u00e7\u00e3o conta com estreantes como Acqua Aroma, Frynea Art, Nidos Design e Old Compton, entre outros.<\/p>\n\n\n\n<p>Refer\u00eancia nos segmentos decora\u00e7\u00e3o, design autoral, artesanato, mesa posta, utilidades dom\u00e9sticas, t\u00eaxteis e presentes, a feira \u2013 promovida pela Associa\u00e7\u00e3o Brasileira das Empresas de Utilidades e Presentes (ABUP) \u2013 representa uma excelente oportunidade para a gera\u00e7\u00e3o de neg\u00f3cios entre os visitantes compradores e os expositores presentes.<\/p>\n\n\n\n<p><\/p>\n\n\n\n<p><strong><u>Expectativas<\/u><\/strong>&nbsp;<\/p>\n\n\n\n<p>&#8220;<em>Depois do grande sucesso da ABUP SHOW, em fevereiro, a feira retorna no segundo semestre com nova proposta e a fim de movimentar o cen\u00e1rio comercial. A realiza\u00e7\u00e3o do evento em agosto \u00e9 uma decis\u00e3o estrat\u00e9gica, pois empresas e lojistas est\u00e3o se programando para datas fortes no varejo, como Dia das Crian\u00e7as, Natal e R\u00e9veillon, que precisam ser trabalhadas com anteced\u00eancia<\/em>&#8220;, comenta Jamil Rima, presidente da ABUP.<\/p>\n\n\n\n<p><\/p>\n\n\n\n<figure class=\"wp-block-image size-large\"><img width=\"1024\" height=\"469\" src=\"https:\/\/vimagazine.com.br\/wp-content\/uploads\/2025\/07\/daf6c5cc-90e9-44c5-a00f-6f76338445b5-1024x469.jpg\" alt=\"\" class=\"wp-image-19365\" srcset=\"https:\/\/vimagazine.com.br\/wp-content\/uploads\/2025\/07\/daf6c5cc-90e9-44c5-a00f-6f76338445b5-1024x469.jpg 1024w, https:\/\/vimagazine.com.br\/wp-content\/uploads\/2025\/07\/daf6c5cc-90e9-44c5-a00f-6f76338445b5-300x137.jpg 300w, https:\/\/vimagazine.com.br\/wp-content\/uploads\/2025\/07\/daf6c5cc-90e9-44c5-a00f-6f76338445b5-768x352.jpg 768w, https:\/\/vimagazine.com.br\/wp-content\/uploads\/2025\/07\/daf6c5cc-90e9-44c5-a00f-6f76338445b5-1536x703.jpg 1536w, https:\/\/vimagazine.com.br\/wp-content\/uploads\/2025\/07\/daf6c5cc-90e9-44c5-a00f-6f76338445b5.jpg 1920w\" sizes=\"(max-width: 1024px) 100vw, 1024px\" \/><figcaption><em>\u00daltima edi\u00e7\u00e3o da ABUP Show                                        Presidente Jamil Rima durante as celebra\u00e7\u00f5es de 30 anos da ABUP, no in\u00edcio de 2025<\/em><br><em>Cr\u00e9dito ArgosFoto<\/em><\/figcaption><\/figure>\n\n\n\n<p><\/p>\n\n\n\n<p><strong>Talentos Nacionais:&nbsp;<\/strong>Como uma associa\u00e7\u00e3o que atua no crescimento das empresas participantes, a&nbsp;ABUP&nbsp;possui uma \u00e1rea especial no evento para projetos com foco no design e artesanato brasileiros, que visam abrir o mercado para novos e pequenos expositores, assim como profissionais em ascens\u00e3o.<\/p>\n\n\n\n<p>Para o credenciamento online ou para obter mais informa\u00e7\u00f5es sobre o evento, os interessados devem acessar o site:&nbsp;<a href=\"https:\/\/click.cse360.com.br\/Click\/AddCampaignEmailClick\/2e39ace4-7a6c-47cc-0c52-08ddb8925337\/http%253a%252f%252fwww.abup.com.br%252fabupshow_promagno\/84a13bf5-1001-4b37-93cf-9aa5931b4a9b\/vimagazine@vimagazine.com.br\/True\" rel=\"noreferrer noopener\" target=\"_blank\">www.abup.com.br\/abupshow_promagno<\/a>&nbsp;<\/p>\n\n\n\n<p><\/p>\n\n\n\n<p><strong>ABUP SHOW &#8211; 2\u00aa edi\u00e7\u00e3o de 2025<\/strong><\/p>\n\n\n\n<p>Data: De 12 a 15 de agosto de 2025, das 10h \u00e0s 19h<\/p>\n\n\n\n<p>Local: PRO MAGNO Centro de Eventos<\/p>\n\n\n\n<p>Av. Profa. Ida Kolb, 513 &#8211; Jardim das Laranjeiras &#8211; S\u00e3o Paulo \/ SP<\/p>\n\n\n\n<p>Credenciamento online:&nbsp;<a href=\"https:\/\/click.cse360.com.br\/Click\/AddCampaignEmailClick\/2e39ace4-7a6c-47cc-0c52-08ddb8925337\/http%253a%252f%252fwww.abup.com.br%252fabupshow_promagno\/84a13bf5-1001-4b37-93cf-9aa5931b4a9b\/vimagazine@vimagazine.com.br\/True\" rel=\"noreferrer noopener\" target=\"_blank\">www.abup.com.br\/abupshow_promagno<\/a><\/p>\n\n\n\n<p><strong>Sobre a ABUP \u2013 Associa\u00e7\u00e3o Brasileira das Empresas de Utilidades e Presentes<\/strong>&nbsp;&nbsp;<\/p>\n\n\n\n<p>Com sede em S\u00e3o Paulo, a ABUP \u2013 Associa\u00e7\u00e3o Brasileira de Empresas de Utilidades e Presentes \u2013 \u00e9 uma associa\u00e7\u00e3o sem fins lucrativos formada por um grupo de empresas que atuam no segmento CASA, h\u00e1 3 d\u00e9cadas. No esfor\u00e7o de crescimento e supera\u00e7\u00e3o cont\u00ednuos, proporciona um interc\u00e2mbio de ideias e relacionamentos, incentiva e estimula o empreendedorismo de seus associados. Atrav\u00e9s de suas iniciativas, realiza eventos, os mais importantes sal\u00f5es de neg\u00f3cios nacionais do setor, impulsiona seus expositores de forma internacional e contribui para o crescimento da economia brasileira.&nbsp;<\/p>\n\n\n\n<p>www.abup.com.br \/ abup@abup.com.br&nbsp;&nbsp;<\/p>\n","protected":false},"excerpt":{"rendered":"<p>Com foco no setor de B2B, a 2\u00aa edi\u00e7\u00e3o do evento no ano acontece daqui&#8230;<\/p>\n","protected":false},"author":1,"featured_media":19366,"comment_status":"closed","ping_status":"open","sticky":false,"template":"","format":"standard","meta":{"om_disable_all_campaigns":false,"_monsterinsights_skip_tracking":false,"_monsterinsights_sitenote_active":false,"_monsterinsights_sitenote_note":"","_monsterinsights_sitenote_category":0,"spay_email":""},"categories":[1],"tags":[],"jetpack_featured_media_url":"https:\/\/vimagazine.com.br\/wp-content\/uploads\/2025\/07\/49bc44ea-582b-45fb-9b67-1439322582ae-1.jpg","_links":{"self":[{"href":"https:\/\/vimagazine.com.br\/index.php?rest_route=\/wp\/v2\/posts\/19363"}],"collection":[{"href":"https:\/\/vimagazine.com.br\/index.php?rest_route=\/wp\/v2\/posts"}],"about":[{"href":"https:\/\/vimagazine.com.br\/index.php?rest_route=\/wp\/v2\/types\/post"}],"author":[{"embeddable":true,"href":"https:\/\/vimagazine.com.br\/index.php?rest_route=\/wp\/v2\/users\/1"}],"replies":[{"embeddable":true,"href":"https:\/\/vimagazine.com.br\/index.php?rest_route=%2Fwp%2Fv2%2Fcomments&post=19363"}],"version-history":[{"count":1,"href":"https:\/\/vimagazine.com.br\/index.php?rest_route=\/wp\/v2\/posts\/19363\/revisions"}],"predecessor-version":[{"id":19367,"href":"https:\/\/vimagazine.com.br\/index.php?rest_route=\/wp\/v2\/posts\/19363\/revisions\/19367"}],"wp:featuredmedia":[{"embeddable":true,"href":"https:\/\/vimagazine.com.br\/index.php?rest_route=\/wp\/v2\/media\/19366"}],"wp:attachment":[{"href":"https:\/\/vimagazine.com.br\/index.php?rest_route=%2Fwp%2Fv2%2Fmedia&parent=19363"}],"wp:term":[{"taxonomy":"category","embeddable":true,"href":"https:\/\/vimagazine.com.br\/index.php?rest_route=%2Fwp%2Fv2%2Fcategories&post=19363"},{"taxonomy":"post_tag","embeddable":true,"href":"https:\/\/vimagazine.com.br\/index.php?rest_route=%2Fwp%2Fv2%2Ftags&post=19363"}],"curies":[{"name":"wp","href":"https:\/\/api.w.org\/{rel}","templated":true}]}}