{"id":19398,"date":"2025-07-04T13:54:41","date_gmt":"2025-07-04T16:54:41","guid":{"rendered":"https:\/\/vimagazine.com.br\/?p=19398"},"modified":"2025-07-04T13:54:43","modified_gmt":"2025-07-04T16:54:43","slug":"catarinense-felippe-prates-vai-palestrar-em-evento-internacional-ao-lado-de-michel-temer","status":"publish","type":"post","link":"https:\/\/vimagazine.com.br\/?p=19398","title":{"rendered":"Catarinense Felippe Prates vai palestrar em evento internacional ao lado de Michel Temer"},"content":{"rendered":"\n<p><\/p>\n\n\n\n<p><\/p>\n\n\n\n<p>O empres\u00e1rio Felippe Prates, CEO da Novalogic &#8211; empresa refer\u00eancia em infraestrutura cr\u00edtica e data center no pa\u00eds, ir\u00e1 representar Santa Catarina no F\u00f3rum LIDE Brazil-Marrocos, que ser\u00e1 realizado no pa\u00eds africano na pr\u00f3xima semana. Prates ser\u00e1 o \u00fanico catarinense a palestrar no evento, ao lado do ex-presidente Michel Temer e de grandes nomes da pol\u00edtica e da economia brasileira e marroquina.<br>A miss\u00e3o empresarial promovida pelo Grupo de L\u00edderes Empresariais contar\u00e1 ainda com a presen\u00e7a de figuras como o ex-governador de S\u00e3o Paulo, Jo\u00e3o Doria, e do secret\u00e1rio-executivo do Minist\u00e9rio da Agricultura, Iraj\u00e1 Lacerda, al\u00e9m de convidados especiais dos dois pa\u00edses.<br>Com temas centrais voltados \u00e0 transi\u00e7\u00e3o energ\u00e9tica, inova\u00e7\u00e3o, ind\u00fastria aeron\u00e1utica e tecnologia, o encontro visa fortalecer as rela\u00e7\u00f5es econ\u00f4micas entre Brasil e Marrocos e promover oportunidades de coopera\u00e7\u00e3o bilateral.<br>Felippe Prates, empres\u00e1rio reconhecido por sua atua\u00e7\u00e3o de sucesso no cen\u00e1rio nacional e internacional, ser\u00e1 um dos palestrantes principais e levar\u00e1 ao palco a viv\u00eancia catarinense na ind\u00fastria de tecnologia e inova\u00e7\u00e3o.<br>Ele destaca a import\u00e2ncia do momento: \u201cEstou feliz em poder falar sobre a nossa hist\u00f3ria e de que forma Santa Catarina pode contribuir para o fortalecimento da ind\u00fastria de tecnologia da \u00c1frica\u201d, afirma Prates.<br>A miss\u00e3o refor\u00e7a o protagonismo de Santa Catarina como polo industrial e tecnol\u00f3gico do Brasil. Prates pretende destacar cases de sucesso do estado, al\u00e9m de apresentar os potenciais do mercado catarinense em \u00e1reas como energias renov\u00e1veis, tecnologia e exporta\u00e7\u00f5es.<br>Em Marrocos, Prates estar\u00e1 ao lado, tamb\u00e9m, do presidente do LIDE SC e LIDE RS, Delton Batista e comitiva, que promover\u00e3o uma s\u00e9rie de agendas com autoridades e empres\u00e1rios locais.<br>O F\u00f3rum LIDE Brazil-Marrocos \u00e9 mais uma iniciativa do LIDE para aproximar o Brasil de mercados estrat\u00e9gicos e fomentar o di\u00e1logo entre lideran\u00e7as que moldam o futuro da economia mundial.<\/p>\n\n\n\n<figure class=\"wp-block-image aligncenter size-large is-resized\"><img src=\"https:\/\/vimagazine.com.br\/wp-content\/uploads\/2025\/07\/WhatsApp-Image-2025-07-04-at-10.12.00-500x1024.jpeg\" alt=\"\" class=\"wp-image-19400\" width=\"250\" height=\"512\" srcset=\"https:\/\/vimagazine.com.br\/wp-content\/uploads\/2025\/07\/WhatsApp-Image-2025-07-04-at-10.12.00-500x1024.jpeg 500w, https:\/\/vimagazine.com.br\/wp-content\/uploads\/2025\/07\/WhatsApp-Image-2025-07-04-at-10.12.00-147x300.jpeg 147w, https:\/\/vimagazine.com.br\/wp-content\/uploads\/2025\/07\/WhatsApp-Image-2025-07-04-at-10.12.00-768x1571.jpeg 768w, https:\/\/vimagazine.com.br\/wp-content\/uploads\/2025\/07\/WhatsApp-Image-2025-07-04-at-10.12.00-751x1536.jpeg 751w, https:\/\/vimagazine.com.br\/wp-content\/uploads\/2025\/07\/WhatsApp-Image-2025-07-04-at-10.12.00.jpeg 782w\" sizes=\"(max-width: 250px) 100vw, 250px\" \/><\/figure>\n\n\n\n<p><br><br><\/p>\n","protected":false},"excerpt":{"rendered":"<p>O empres\u00e1rio Felippe Prates, CEO da Novalogic &#8211; empresa refer\u00eancia em infraestrutura cr\u00edtica e data&#8230;<\/p>\n","protected":false},"author":1,"featured_media":19399,"comment_status":"closed","ping_status":"open","sticky":false,"template":"","format":"standard","meta":{"om_disable_all_campaigns":false,"_monsterinsights_skip_tracking":false,"_monsterinsights_sitenote_active":false,"_monsterinsights_sitenote_note":"","_monsterinsights_sitenote_category":0,"spay_email":""},"categories":[27],"tags":[],"jetpack_featured_media_url":"https:\/\/vimagazine.com.br\/wp-content\/uploads\/2025\/07\/WhatsApp-Image-2025-07-04-at-10.11.59.jpeg","_links":{"self":[{"href":"https:\/\/vimagazine.com.br\/index.php?rest_route=\/wp\/v2\/posts\/19398"}],"collection":[{"href":"https:\/\/vimagazine.com.br\/index.php?rest_route=\/wp\/v2\/posts"}],"about":[{"href":"https:\/\/vimagazine.com.br\/index.php?rest_route=\/wp\/v2\/types\/post"}],"author":[{"embeddable":true,"href":"https:\/\/vimagazine.com.br\/index.php?rest_route=\/wp\/v2\/users\/1"}],"replies":[{"embeddable":true,"href":"https:\/\/vimagazine.com.br\/index.php?rest_route=%2Fwp%2Fv2%2Fcomments&post=19398"}],"version-history":[{"count":1,"href":"https:\/\/vimagazine.com.br\/index.php?rest_route=\/wp\/v2\/posts\/19398\/revisions"}],"predecessor-version":[{"id":19401,"href":"https:\/\/vimagazine.com.br\/index.php?rest_route=\/wp\/v2\/posts\/19398\/revisions\/19401"}],"wp:featuredmedia":[{"embeddable":true,"href":"https:\/\/vimagazine.com.br\/index.php?rest_route=\/wp\/v2\/media\/19399"}],"wp:attachment":[{"href":"https:\/\/vimagazine.com.br\/index.php?rest_route=%2Fwp%2Fv2%2Fmedia&parent=19398"}],"wp:term":[{"taxonomy":"category","embeddable":true,"href":"https:\/\/vimagazine.com.br\/index.php?rest_route=%2Fwp%2Fv2%2Fcategories&post=19398"},{"taxonomy":"post_tag","embeddable":true,"href":"https:\/\/vimagazine.com.br\/index.php?rest_route=%2Fwp%2Fv2%2Ftags&post=19398"}],"curies":[{"name":"wp","href":"https:\/\/api.w.org\/{rel}","templated":true}]}}