{"id":19407,"date":"2025-07-07T14:35:26","date_gmt":"2025-07-07T17:35:26","guid":{"rendered":"https:\/\/vimagazine.com.br\/?p=19407"},"modified":"2025-07-08T11:36:09","modified_gmt":"2025-07-08T14:36:09","slug":"a-cama-de-ferro-digital-a-sindrome-de-procusto-os-limites-da-liberdade-e-a-responsabilizacao-das-plataformas-artigo-thiago-de-moraes","status":"publish","type":"post","link":"https:\/\/vimagazine.com.br\/?p=19407","title":{"rendered":"A Cama de Ferro Digital: a S\u00edndrome de Procusto, os limites da liberdade e a responsabiliza\u00e7\u00e3o das plataformas"},"content":{"rendered":"\n<p><strong>Artigo Thiago de Moraes<\/strong><\/p>\n\n\n\n<p><em>m uma era em que o m\u00e9rito incomoda mais do que o erro, e onde a autenticidade \u00e9 punida com o sil\u00eancio, a sociedade se v\u00ea diante do desafio de proteger a liberdade sem premiar a viol\u00eancia simb\u00f3lica. Neste artigo, exploro como a mitol\u00f3gica S\u00edndrome de Procusto reaparece na cultura digital contempor\u00e2nea e como as recentes decis\u00f5es judiciais abrem caminhos \u2013 e riscos \u2013 no enfrentamento desse fen\u00f4meno.<\/em><\/p>\n\n\n\n<p><br>Vivemos uma era em que a ascens\u00e3o \u00e9 vigiada e a diferen\u00e7a, punida. Em meio \u00e0 valoriza\u00e7\u00e3o do desempenho, da opini\u00e3o e da visibilidade, multiplicam-se as estrat\u00e9gias de repress\u00e3o simb\u00f3lica contra quem se destaca. A chamada S\u00edndrome de Procusto, inspirada na mitologia grega, traduz o comportamento social de silenciar, atacar ou desqualificar aquilo que escapa do padr\u00e3o confort\u00e1vel. O mito se reinventa na sociedade digital: a cama de ferro tornou-se o algoritmo, e os alvos, todos aqueles que ousam romper consensos superficiais.<br><br>No ambiente virtual, essa s\u00edndrome ganha contornos espec\u00edficos. O cyberstalking e o cyberbullying tornaram-se express\u00f5es recorrentes desse impulso social de nivelar por baixo. Observa-se a persegui\u00e7\u00e3o sistem\u00e1tica de indiv\u00edduos que expressam autenticidade, que pensam fora das bolhas digitais, ou que atingem algum grau de proje\u00e7\u00e3o. A internet, longe de ser um espa\u00e7o de neutralidade democr\u00e1tica, reflete e amplifica a intoler\u00e2ncia \u00e0s diferen\u00e7as, tornando-se terreno f\u00e9rtil para manifesta\u00e7\u00f5es de \u00f3dio, difama\u00e7\u00e3o e exclus\u00e3o p\u00fablica.<br><br>Essa realidade n\u00e3o se restringe \u00e0 esfera digital. Nas fam\u00edlias, nas escolas e nas institui\u00e7\u00f5es, a l\u00f3gica procustiana aparece quando h\u00e1 repress\u00e3o ao talento que excede expectativas padronizadas. A resist\u00eancia \u00e0 inova\u00e7\u00e3o, o medo da supera\u00e7\u00e3o e o desconforto diante do pensamento livre ainda s\u00e3o for\u00e7as ativas na manuten\u00e7\u00e3o de estruturas hier\u00e1rquicas e conservadoras. O mesmo padr\u00e3o se reproduz nas pol\u00edticas p\u00fablicas que, em nome de uma falsa equidade, sufocam o m\u00e9rito, desestimulam a excel\u00eancia e refor\u00e7am a mediocridade.<br><br>Diante desse cen\u00e1rio, o papel das plataformas digitais tornou-se objeto de intensa discuss\u00e3o jur\u00eddica e social. O Supremo Tribunal Federal, ao analisar a constitucionalidade da norma que condicionava a responsabilidade das redes sociais \u00e0 exist\u00eancia de ordem judicial, enfrentou um dilema contempor\u00e2neo: o equil\u00edbrio entre liberdade de express\u00e3o e prote\u00e7\u00e3o contra abusos digitais. Por maioria, a Corte reconheceu que \u201cplataformas podem ser responsabilizadas por conte\u00fados de terceiros, mesmo sem decis\u00e3o judicial pr\u00e9via, em casos notoriamente ilegais\u201d, como incentivo \u00e0 viol\u00eancia, amea\u00e7as a institui\u00e7\u00f5es democr\u00e1ticas, ataques a crian\u00e7as e adolescentes, ou apologia ao suic\u00eddio.<br><br>Houve, no entanto, diverg\u00eancia. Parte dos ministros advertiu que a elimina\u00e7\u00e3o da exig\u00eancia de ordem judicial pode criar brechas perigosas para abusos privados e censura arbitr\u00e1ria. Segundo um dos votos vencidos, \u201ca liberdade de express\u00e3o deve ser protegida inclusive contra julgamentos morais majorit\u00e1rios\u201d. J\u00e1 a corrente vencedora defendeu que \u201cem situa\u00e7\u00f5es graves e evidentes, a in\u00e9rcia das plataformas diante de conte\u00fados il\u00edcitos pode configurar coniv\u00eancia e gerar responsabilidade direta\u201d.<br><br>A decis\u00e3o estabelece um novo paradigma jur\u00eddico: exige das plataformas digitais a\u00e7\u00e3o concreta na modera\u00e7\u00e3o de conte\u00fados notoriamente il\u00edcitos, sem dispensar o controle judicial nos casos controversos, principalmente quando envolvem a chamada honra subjetiva. Trata-se de uma tentativa de responder aos riscos reais da desinforma\u00e7\u00e3o, do discurso de \u00f3dio e da viol\u00eancia digital sem comprometer o n\u00facleo essencial da liberdade de express\u00e3o.<br><br>Esse novo marco contribui tamb\u00e9m para a reflex\u00e3o acad\u00eamica mais ampla sobre os efeitos sociais da comunica\u00e7\u00e3o digital. A multiplica\u00e7\u00e3o de discursos radicais, a persegui\u00e7\u00e3o sistem\u00e1tica ao pensamento cr\u00edtico e a avers\u00e3o p\u00fablica ao m\u00e9rito indicam que a S\u00edndrome de Procusto n\u00e3o \u00e9 apenas um fen\u00f4meno psicol\u00f3gico, mas uma estrutura de poder que opera para preservar zonas de conforto e silenciar toda forma de desvio criativo ou intelectual.<br><br>Urge, portanto, desenvolver pol\u00edticas p\u00fablicas e mecanismos institucionais que assegurem a conviv\u00eancia com a diferen\u00e7a, a valoriza\u00e7\u00e3o do m\u00e9rito sem elitismo, e a liberdade de express\u00e3o sem degenera\u00e7\u00e3o em discurso de \u00f3dio ou em libertinagem impune. A educa\u00e7\u00e3o digital, o letramento midi\u00e1tico e a reformula\u00e7\u00e3o dos algoritmos s\u00e3o etapas indispens\u00e1veis para frear o ciclo de normaliza\u00e7\u00e3o da viol\u00eancia simb\u00f3lica.<br><br>O mito de Procusto n\u00e3o \u00e9 apenas alegoria. \u00c9 diagn\u00f3stico. O desafio da sociedade contempor\u00e2nea \u00e9 resistir \u00e0 tenta\u00e7\u00e3o de mutilar ideias, silenciar vozes ou condenar talentos ao apagamento. A cama de ferro precisa ser desfeita. E isso exige coragem institucional, maturidade c\u00edvica e compromisso \u00e9tico com a pluralidade.<\/p>\n\n\n\n<p>&nbsp;Por&nbsp;&nbsp;Thiago de Moraes<\/p>\n\n\n\n<p>*Thiago de Moraes* \u00e9 jornalista, analista de discurso e pesquisador independente em temas relacionados \u00e0 cultura digital, liberdade de express\u00e3o e regula\u00e7\u00e3o das plataformas.\u2026<\/p>\n\n\n\n<p><\/p>\n","protected":false},"excerpt":{"rendered":"<p>Artigo Thiago de Moraes m uma era em que o m\u00e9rito incomoda mais do que&#8230;<\/p>\n","protected":false},"author":19,"featured_media":19410,"comment_status":"closed","ping_status":"open","sticky":false,"template":"","format":"standard","meta":{"om_disable_all_campaigns":false,"_monsterinsights_skip_tracking":false,"_monsterinsights_sitenote_active":false,"_monsterinsights_sitenote_note":"","_monsterinsights_sitenote_category":0,"spay_email":""},"categories":[1],"tags":[],"jetpack_featured_media_url":"https:\/\/vimagazine.com.br\/wp-content\/uploads\/2025\/07\/THIAGO_.jpg","_links":{"self":[{"href":"https:\/\/vimagazine.com.br\/index.php?rest_route=\/wp\/v2\/posts\/19407"}],"collection":[{"href":"https:\/\/vimagazine.com.br\/index.php?rest_route=\/wp\/v2\/posts"}],"about":[{"href":"https:\/\/vimagazine.com.br\/index.php?rest_route=\/wp\/v2\/types\/post"}],"author":[{"embeddable":true,"href":"https:\/\/vimagazine.com.br\/index.php?rest_route=\/wp\/v2\/users\/19"}],"replies":[{"embeddable":true,"href":"https:\/\/vimagazine.com.br\/index.php?rest_route=%2Fwp%2Fv2%2Fcomments&post=19407"}],"version-history":[{"count":3,"href":"https:\/\/vimagazine.com.br\/index.php?rest_route=\/wp\/v2\/posts\/19407\/revisions"}],"predecessor-version":[{"id":19420,"href":"https:\/\/vimagazine.com.br\/index.php?rest_route=\/wp\/v2\/posts\/19407\/revisions\/19420"}],"wp:featuredmedia":[{"embeddable":true,"href":"https:\/\/vimagazine.com.br\/index.php?rest_route=\/wp\/v2\/media\/19410"}],"wp:attachment":[{"href":"https:\/\/vimagazine.com.br\/index.php?rest_route=%2Fwp%2Fv2%2Fmedia&parent=19407"}],"wp:term":[{"taxonomy":"category","embeddable":true,"href":"https:\/\/vimagazine.com.br\/index.php?rest_route=%2Fwp%2Fv2%2Fcategories&post=19407"},{"taxonomy":"post_tag","embeddable":true,"href":"https:\/\/vimagazine.com.br\/index.php?rest_route=%2Fwp%2Fv2%2Ftags&post=19407"}],"curies":[{"name":"wp","href":"https:\/\/api.w.org\/{rel}","templated":true}]}}