{"id":19412,"date":"2025-07-08T10:13:01","date_gmt":"2025-07-08T13:13:01","guid":{"rendered":"https:\/\/vimagazine.com.br\/?p=19412"},"modified":"2025-07-08T10:43:20","modified_gmt":"2025-07-08T13:43:20","slug":"joinville-sc-recebe-sessao-especial-do-premiado-documentario-memorias-de-um-esclerosado-com-bate-papo-ao-vivo-com-o-cartunista-rafael-correa","status":"publish","type":"post","link":"https:\/\/vimagazine.com.br\/?p=19412","title":{"rendered":"Joinville (SC) recebe sess\u00e3o especial do premiado document\u00e1rio \u201cMem\u00f3rias de um Esclerosado,\u201d com bate-papo ao vivo com o cartunista Rafael Corr\u00eaa"},"content":{"rendered":"\n<p><\/p>\n\n\n\n<p><\/p>\n\n\n\n<p>A Associa\u00e7\u00e3o de Esclerose M\u00faltipla de Joinville (EMJOI) realiza, no dia 11 de julho<br>de 2025, \u00e0s 19h, uma sess\u00e3o especial do document\u00e1rio \u201cMem\u00f3rias de um Esclerosado\u201d. O filme ser\u00e1 seguido de um bate-papo ao vivo com o cartunista Rafael Corr\u00eaa, protagonista da obra, que participar\u00e1 por v\u00eddeo chamada diretamente com o p\u00fablico presente.<br><br><\/p>\n\n\n\n<p>Grande vencedor da 28\u00aa edi\u00e7\u00e3o do Cine PE e multipremiado no Festival de<br>Gramado, o document\u00e1rio mistura anima\u00e7\u00f5es, tirinhas, mem\u00f3rias e cenas reais para<br>contar a hist\u00f3ria de Rafael, que foi diagnosticado com esclerose m\u00faltipla em 2010 e<br>decidiu organizar suas mem\u00f3rias por meio de um filme. Com leveza, humor e sensibilidade, a produ\u00e7\u00e3o lan\u00e7a luz sobre os desafios de viver com uma doen\u00e7a neurol\u00f3gica cr\u00f4nica e ainda pouco conhecida pela popula\u00e7\u00e3o.<br>A exibi\u00e7\u00e3o \u00e9 aberta \u00e0 comunidade e faz parte das a\u00e7\u00f5es promovidas anualmente pela EMJOI para fomentar a conscientiza\u00e7\u00e3o, o acolhimento e o fortalecimento da rede de apoio a pessoas com esclerose m\u00faltipla e seus familiares.<br>Os ingressos t\u00eam custo simb\u00f3lico de R$ 5,00, destinados \u00e0 manuten\u00e7\u00e3o das atividades da<br>associa\u00e7\u00e3o.<\/p>\n\n\n\n<p><br>Sobre a EMJOI<br>Fundada por volunt\u00e1rios, a EMJOI \u00e9 uma associa\u00e7\u00e3o sem fins lucrativos que oferece apoio a pessoas diagnosticadas com esclerose m\u00faltipla, neuromielite \u00f3ptica e outras doen\u00e7as desmielinizantes; por meio de a\u00e7\u00f5es informativas, atendimento, oficinas educativas, eventos culturais e parcerias com profissionais da sa\u00fade.<br><br><\/p>\n\n\n\n<p class=\"has-medium-font-size\">Gostar\u00edamos de seu apoio na divulga\u00e7\u00e3o desse document\u00e1rio, para que mais<br>pessoas tenham conhecimento e prestigiem esta a\u00e7\u00e3o. Acreditamos que essa \u00e9<br>uma oportunidade de levar ao p\u00fablico uma abordagem sens\u00edvel, art\u00edstica e<br>profundamente humana sobre a esclerose m\u00faltipla, refor\u00e7ando a import\u00e2ncia do<br>diagn\u00f3stico precoce, do acolhimento e da empatia com quem convive com a<br>condi\u00e7\u00e3o.<br><br><strong><br>Sess\u00e3o especial do document\u00e1rio Mem\u00f3rias de um Esclerosado + bate-papo ao vivo com Rafael Corr\u00eaa<\/strong><br><strong>Quando<\/strong>: 11 de julho de 2025 (sexta-feira), \u00e0s 19h<br><strong>Onde:<\/strong> Audit\u00f3rio da Escola Sesi de Refer\u00eancia<br>R. Urussanga, 138 &#8211; Bucarein, Joinville &#8211; SC, 89202-400<br><strong>Classifica\u00e7\u00e3o indicativa: <\/strong>16 anos<br>I<strong>ngresso:<\/strong> R$ 5,00<br><br><\/p>\n\n\n\n<p><strong>LINKS<\/strong><br>Trailer Oficial: <br>https:\/\/www.youtube.com\/watch?v=bap3pzonLsU<\/p>\n\n\n\n<p><br>Rede Social &#8211; <a href=\"https:\/\/www.instagram.com\/emjoi.esclerosemultipla\/\"><\/a><\/p>\n\n\n\n<p>@ <a href=\"https:\/\/www.instagram.com\/emjoi.esclerosemultipla\/\">emjoi.esclerosemultipla<\/a><\/p>\n\n\n\n<p><br>Conhe\u00e7a as a\u00e7\u00f5es da EMJOI<br>@emjoi.esclerosemultipla<\/p>\n\n\n\n<p><\/p>\n\n\n\n<p><\/p>\n","protected":false},"excerpt":{"rendered":"<p>A Associa\u00e7\u00e3o de Esclerose M\u00faltipla de Joinville (EMJOI) realiza, no dia 11 de julhode 2025,&#8230;<\/p>\n","protected":false},"author":1,"featured_media":19413,"comment_status":"closed","ping_status":"open","sticky":false,"template":"","format":"standard","meta":{"om_disable_all_campaigns":false,"_monsterinsights_skip_tracking":false,"_monsterinsights_sitenote_active":false,"_monsterinsights_sitenote_note":"","_monsterinsights_sitenote_category":0,"spay_email":""},"categories":[27],"tags":[],"jetpack_featured_media_url":"https:\/\/vimagazine.com.br\/wp-content\/uploads\/2025\/07\/WhatsApp-Image-2025-07-08-at-09.20.31.jpeg","_links":{"self":[{"href":"https:\/\/vimagazine.com.br\/index.php?rest_route=\/wp\/v2\/posts\/19412"}],"collection":[{"href":"https:\/\/vimagazine.com.br\/index.php?rest_route=\/wp\/v2\/posts"}],"about":[{"href":"https:\/\/vimagazine.com.br\/index.php?rest_route=\/wp\/v2\/types\/post"}],"author":[{"embeddable":true,"href":"https:\/\/vimagazine.com.br\/index.php?rest_route=\/wp\/v2\/users\/1"}],"replies":[{"embeddable":true,"href":"https:\/\/vimagazine.com.br\/index.php?rest_route=%2Fwp%2Fv2%2Fcomments&post=19412"}],"version-history":[{"count":1,"href":"https:\/\/vimagazine.com.br\/index.php?rest_route=\/wp\/v2\/posts\/19412\/revisions"}],"predecessor-version":[{"id":19414,"href":"https:\/\/vimagazine.com.br\/index.php?rest_route=\/wp\/v2\/posts\/19412\/revisions\/19414"}],"wp:featuredmedia":[{"embeddable":true,"href":"https:\/\/vimagazine.com.br\/index.php?rest_route=\/wp\/v2\/media\/19413"}],"wp:attachment":[{"href":"https:\/\/vimagazine.com.br\/index.php?rest_route=%2Fwp%2Fv2%2Fmedia&parent=19412"}],"wp:term":[{"taxonomy":"category","embeddable":true,"href":"https:\/\/vimagazine.com.br\/index.php?rest_route=%2Fwp%2Fv2%2Fcategories&post=19412"},{"taxonomy":"post_tag","embeddable":true,"href":"https:\/\/vimagazine.com.br\/index.php?rest_route=%2Fwp%2Fv2%2Ftags&post=19412"}],"curies":[{"name":"wp","href":"https:\/\/api.w.org\/{rel}","templated":true}]}}