{"id":19416,"date":"2025-07-08T10:48:05","date_gmt":"2025-07-08T13:48:05","guid":{"rendered":"https:\/\/vimagazine.com.br\/?p=19416"},"modified":"2025-07-08T11:00:52","modified_gmt":"2025-07-08T14:00:52","slug":"rooftop-rolf-colin-convisa-apresenta-projeto-para-governador-de-sc","status":"publish","type":"post","link":"https:\/\/vimagazine.com.br\/?p=19416","title":{"rendered":"Rooftop Rolf Colin: Convisa apresenta projeto para governador de SC"},"content":{"rendered":"\n<figure class=\"wp-block-image size-large\"><img width=\"1024\" height=\"682\" src=\"https:\/\/vimagazine.com.br\/wp-content\/uploads\/2025\/07\/WhatsApp-Image-2025-07-07-at-21.32.37-1024x682.jpeg\" alt=\"\" class=\"wp-image-19417\" srcset=\"https:\/\/vimagazine.com.br\/wp-content\/uploads\/2025\/07\/WhatsApp-Image-2025-07-07-at-21.32.37-1024x682.jpeg 1024w, https:\/\/vimagazine.com.br\/wp-content\/uploads\/2025\/07\/WhatsApp-Image-2025-07-07-at-21.32.37-300x200.jpeg 300w, https:\/\/vimagazine.com.br\/wp-content\/uploads\/2025\/07\/WhatsApp-Image-2025-07-07-at-21.32.37-768x512.jpeg 768w, https:\/\/vimagazine.com.br\/wp-content\/uploads\/2025\/07\/WhatsApp-Image-2025-07-07-at-21.32.37-1536x1023.jpeg 1536w, https:\/\/vimagazine.com.br\/wp-content\/uploads\/2025\/07\/WhatsApp-Image-2025-07-07-at-21.32.37.jpeg 1600w\" sizes=\"(max-width: 1024px) 100vw, 1024px\" \/><\/figure>\n\n\n\n<p><em>Evento contou tambem com a presen\u00e7a do Secret\u00e1rio de Estado da Fazenda de SC, Cleverson Siewert, do Secret\u00e1rio da Casa Civil de SC, Kennedy Nunes e do prefeito de Joinville, Adriano Silva.<\/em><\/p>\n\n\n\n<p>Joinville recebeu nesta segunda-feira, 7 de julho, a visita do governador de Santa Catarina, Jorginho Mello, ao Rooftop Rolf Colin, espa\u00e7o de eventos localizado no topo do rec\u00e9m-inaugurado Rolf Colin Corporate Center. O encontro teve como objetivo apresentar ao chefe do Executivo estadual o mais novo empreendimento da Convisa Constru\u00e7\u00f5es e Incorpora\u00e7\u00f5es S\/A, al\u00e9m do lan\u00e7amento oficial do modelo de Obras por Administra\u00e7\u00e3o, uma nova vertical de neg\u00f3cios da empresa.<\/p>\n\n\n\n<p>A agenda contou tamb\u00e9m com a presen\u00e7a do Secret\u00e1rio de Estado da Fazenda de SC, Cleverson Siewert, do Secret\u00e1rio da Casa Civil de SC, Kennedy Nunes e do prefeito de Joinville, Adriano Silva. Durante a visita, os s\u00f3cios da Convisa, Ivandro, Vasco e Edigar, explicaram como o novo servi\u00e7o permite que clientes contratem a construtora para gerenciar e executar projetos personalizados.<\/p>\n\n\n\n<p>No modelo de Obras por Administra\u00e7\u00e3o, a Convisa assume a gest\u00e3o completa da constru\u00e7\u00e3o, desde o planejamento at\u00e9 a entrega, mantendo o alto padr\u00e3o de qualidade que j\u00e1 caracteriza os mais de 40 empreendimentos entregues pela empresa.<\/p>\n\n\n\n<p>Para o governador Jorginho Mello, iniciativas como essa s\u00e3o fundamentais para o avan\u00e7o do setor imobili\u00e1rio e da economia catarinense. \u201cProjetos como o da Convisa mostram que Joinville tem empreendedores vision\u00e1rios, capazes de aliar inova\u00e7\u00e3o e gera\u00e7\u00e3o de neg\u00f3cios\u201d, destacou.<\/p>\n\n\n\n<p>Com mais de mil apartamentos entregues e atua\u00e7\u00e3o consolidada em Joinville, Itapo\u00e1, Navegantes, Pi\u00e7arras e Campo Alegre, a Convisa reafirma com essa nova proposta seu compromisso com solu\u00e7\u00f5es inteligentes e personalizadas para a constru\u00e7\u00e3o civil, contribuindo para o desenvolvimento sustent\u00e1vel de Santa Catarina.<\/p>\n","protected":false},"excerpt":{"rendered":"<p>Evento contou tambem com a presen\u00e7a do Secret\u00e1rio de Estado da Fazenda de SC, Cleverson&#8230;<\/p>\n","protected":false},"author":20,"featured_media":0,"comment_status":"closed","ping_status":"open","sticky":false,"template":"","format":"standard","meta":{"om_disable_all_campaigns":false,"_monsterinsights_skip_tracking":false,"_monsterinsights_sitenote_active":false,"_monsterinsights_sitenote_note":"","_monsterinsights_sitenote_category":0,"spay_email":""},"categories":[1],"tags":[],"jetpack_featured_media_url":"","_links":{"self":[{"href":"https:\/\/vimagazine.com.br\/index.php?rest_route=\/wp\/v2\/posts\/19416"}],"collection":[{"href":"https:\/\/vimagazine.com.br\/index.php?rest_route=\/wp\/v2\/posts"}],"about":[{"href":"https:\/\/vimagazine.com.br\/index.php?rest_route=\/wp\/v2\/types\/post"}],"author":[{"embeddable":true,"href":"https:\/\/vimagazine.com.br\/index.php?rest_route=\/wp\/v2\/users\/20"}],"replies":[{"embeddable":true,"href":"https:\/\/vimagazine.com.br\/index.php?rest_route=%2Fwp%2Fv2%2Fcomments&post=19416"}],"version-history":[{"count":2,"href":"https:\/\/vimagazine.com.br\/index.php?rest_route=\/wp\/v2\/posts\/19416\/revisions"}],"predecessor-version":[{"id":19419,"href":"https:\/\/vimagazine.com.br\/index.php?rest_route=\/wp\/v2\/posts\/19416\/revisions\/19419"}],"wp:attachment":[{"href":"https:\/\/vimagazine.com.br\/index.php?rest_route=%2Fwp%2Fv2%2Fmedia&parent=19416"}],"wp:term":[{"taxonomy":"category","embeddable":true,"href":"https:\/\/vimagazine.com.br\/index.php?rest_route=%2Fwp%2Fv2%2Fcategories&post=19416"},{"taxonomy":"post_tag","embeddable":true,"href":"https:\/\/vimagazine.com.br\/index.php?rest_route=%2Fwp%2Fv2%2Ftags&post=19416"}],"curies":[{"name":"wp","href":"https:\/\/api.w.org\/{rel}","templated":true}]}}