{"id":19421,"date":"2025-07-08T13:48:31","date_gmt":"2025-07-08T16:48:31","guid":{"rendered":"https:\/\/vimagazine.com.br\/?p=19421"},"modified":"2025-07-08T14:01:15","modified_gmt":"2025-07-08T17:01:15","slug":"eco-festa-julina-tradicao-sustentabilidade-e-estilo-no-parque-da-serra","status":"publish","type":"post","link":"https:\/\/vimagazine.com.br\/?p=19421","title":{"rendered":"Eco Festa Julina: Tradi\u00e7\u00e3o, Sustentabilidade e Estilo no Parque da Serra"},"content":{"rendered":"\n<p><\/p>\n\n\n\n<p><\/p>\n\n\n\n<p><strong>Parque da Serra, RJ \u2014 26 de julho de 2025<\/strong> \u2013 A temporada de festas juninas ganha um novo significado com a chegada da <strong>Eco Festa Julina<\/strong>, um evento que combina os sabores e ritmos das tradi\u00e7\u00f5es brasileiras com a urg\u00eancia da consci\u00eancia ambiental. A celebra\u00e7\u00e3o acontece no <strong>Parque da Serra<\/strong>, das <strong>14h \u00e0s 23h<\/strong>, e promete uma experi\u00eancia \u00fanica, imersiva e cheia de estilo.<\/p>\n\n\n\n<p>Com <strong>open bar<\/strong> e <strong>open food<\/strong>, a programa\u00e7\u00e3o \u00e9 pensada para todas as idades e perfis, oferecendo entretenimento diversificado e inclusivo. Entre os destaques est\u00e3o:<\/p>\n\n\n\n<ul><li><strong>Desfiles de moda consciente<\/strong><\/li><li><strong>Exposi\u00e7\u00f5es art\u00edsticas interativas<\/strong><\/li><li><strong>Shows com DJs<\/strong> ao som de <strong>xote, xaxado e bai\u00e3o<\/strong><\/li><li><strong>Quadrilha animada<\/strong> para toda a fam\u00edlia<\/li><\/ul>\n\n\n\n<p>Outras atra\u00e7\u00f5es incluem:<\/p>\n\n\n\n<ul><li>Feira de <strong>moda sustent\u00e1vel<\/strong> e <strong>artesanato local<\/strong><\/li><li><strong>Mini zool\u00f3gico infantil<\/strong> e <strong>creche pet<\/strong><\/li><li>Barracas com <strong>produtos regionais<\/strong> e <strong>gastronomia t\u00edpica<\/strong><\/li><li><strong>Transporte incluso<\/strong> no ingresso (ida e volta garantidas para maior comodidade)<\/li><\/ul>\n\n\n\n<p>A <strong>Eco Festa Julina<\/strong> prop\u00f5e um equil\u00edbrio entre tradi\u00e7\u00e3o, inova\u00e7\u00e3o e responsabilidade ambiental. Em meio \u00e0 paisagem natural do Parque da Serra, o evento convida o p\u00fablico a celebrar de forma consciente e divertida, repensando h\u00e1bitos de consumo e valorizando o que o Brasil tem de melhor.<br><br><\/p>\n\n\n\n<figure class=\"wp-container-2 wp-block-gallery-1 wp-block-gallery has-nested-images columns-default is-cropped\">\n<figure class=\"wp-block-image size-large\"><img width=\"853\" height=\"1280\" data-id=\"19422\"  src=\"https:\/\/vimagazine.com.br\/wp-content\/uploads\/2025\/07\/WhatsApp-Image-2025-07-05-at-17.42.59-1.jpeg\" alt=\"\" class=\"wp-image-19422\" srcset=\"https:\/\/vimagazine.com.br\/wp-content\/uploads\/2025\/07\/WhatsApp-Image-2025-07-05-at-17.42.59-1.jpeg 853w, https:\/\/vimagazine.com.br\/wp-content\/uploads\/2025\/07\/WhatsApp-Image-2025-07-05-at-17.42.59-1-200x300.jpeg 200w, https:\/\/vimagazine.com.br\/wp-content\/uploads\/2025\/07\/WhatsApp-Image-2025-07-05-at-17.42.59-1-682x1024.jpeg 682w, https:\/\/vimagazine.com.br\/wp-content\/uploads\/2025\/07\/WhatsApp-Image-2025-07-05-at-17.42.59-1-768x1152.jpeg 768w\" sizes=\"(max-width: 853px) 100vw, 853px\" \/><\/figure>\n\n\n\n<figure class=\"wp-block-image size-large\"><img width=\"853\" height=\"1280\" data-id=\"19423\"  src=\"https:\/\/vimagazine.com.br\/wp-content\/uploads\/2025\/07\/WhatsApp-Image-2025-07-05-at-17.42.59.jpeg\" alt=\"\" class=\"wp-image-19423\" srcset=\"https:\/\/vimagazine.com.br\/wp-content\/uploads\/2025\/07\/WhatsApp-Image-2025-07-05-at-17.42.59.jpeg 853w, https:\/\/vimagazine.com.br\/wp-content\/uploads\/2025\/07\/WhatsApp-Image-2025-07-05-at-17.42.59-200x300.jpeg 200w, https:\/\/vimagazine.com.br\/wp-content\/uploads\/2025\/07\/WhatsApp-Image-2025-07-05-at-17.42.59-682x1024.jpeg 682w, https:\/\/vimagazine.com.br\/wp-content\/uploads\/2025\/07\/WhatsApp-Image-2025-07-05-at-17.42.59-768x1152.jpeg 768w\" sizes=\"(max-width: 853px) 100vw, 853px\" \/><\/figure>\n<\/figure>\n\n\n\n<p><\/p>\n\n\n\n<p><\/p>\n\n\n\n<p><strong>Evento: Eco Festa Julina<\/strong><br>Data: 26 de julho de 2025<br>Hor\u00e1rio: das 14h \u00e0s 23h<br>Local: Parque da Serra<br>Ingressos: \u00e0 venda pelo Sympla<br>Transporte: Incluso (ida e volta)<\/p>\n\n\n\n<p>Informa\u00e7\u00f5es para a imprensa:<br>Guilherme Tavares<br>\ud83d\udcde (21) 98084-4319<br>\ud83d\udce7 guilhermecupertinobr@gmail.com<br>\ud83d\udcf1 @guilhermetavaresoficial<\/p>\n\n\n\n<p><br><br>Fotos: Escobar<\/p>\n","protected":false},"excerpt":{"rendered":"<p>Parque da Serra, RJ \u2014 26 de julho de 2025 \u2013 A temporada de festas&#8230;<\/p>\n","protected":false},"author":1,"featured_media":19424,"comment_status":"closed","ping_status":"open","sticky":false,"template":"","format":"standard","meta":{"om_disable_all_campaigns":false,"_monsterinsights_skip_tracking":false,"_monsterinsights_sitenote_active":false,"_monsterinsights_sitenote_note":"","_monsterinsights_sitenote_category":0,"spay_email":""},"categories":[27],"tags":[],"jetpack_featured_media_url":"https:\/\/vimagazine.com.br\/wp-content\/uploads\/2025\/07\/WhatsApp-Image-2025-07-05-at-17.43.58.jpeg","_links":{"self":[{"href":"https:\/\/vimagazine.com.br\/index.php?rest_route=\/wp\/v2\/posts\/19421"}],"collection":[{"href":"https:\/\/vimagazine.com.br\/index.php?rest_route=\/wp\/v2\/posts"}],"about":[{"href":"https:\/\/vimagazine.com.br\/index.php?rest_route=\/wp\/v2\/types\/post"}],"author":[{"embeddable":true,"href":"https:\/\/vimagazine.com.br\/index.php?rest_route=\/wp\/v2\/users\/1"}],"replies":[{"embeddable":true,"href":"https:\/\/vimagazine.com.br\/index.php?rest_route=%2Fwp%2Fv2%2Fcomments&post=19421"}],"version-history":[{"count":1,"href":"https:\/\/vimagazine.com.br\/index.php?rest_route=\/wp\/v2\/posts\/19421\/revisions"}],"predecessor-version":[{"id":19425,"href":"https:\/\/vimagazine.com.br\/index.php?rest_route=\/wp\/v2\/posts\/19421\/revisions\/19425"}],"wp:featuredmedia":[{"embeddable":true,"href":"https:\/\/vimagazine.com.br\/index.php?rest_route=\/wp\/v2\/media\/19424"}],"wp:attachment":[{"href":"https:\/\/vimagazine.com.br\/index.php?rest_route=%2Fwp%2Fv2%2Fmedia&parent=19421"}],"wp:term":[{"taxonomy":"category","embeddable":true,"href":"https:\/\/vimagazine.com.br\/index.php?rest_route=%2Fwp%2Fv2%2Fcategories&post=19421"},{"taxonomy":"post_tag","embeddable":true,"href":"https:\/\/vimagazine.com.br\/index.php?rest_route=%2Fwp%2Fv2%2Ftags&post=19421"}],"curies":[{"name":"wp","href":"https:\/\/api.w.org\/{rel}","templated":true}]}}